{"id":650943,"date":"2025-02-04T06:30:00","date_gmt":"2025-02-04T09:30:00","guid":{"rendered":"https:\/\/investnews.com.br\/?p=650943"},"modified":"2026-03-26T10:25:21","modified_gmt":"2026-03-26T13:25:21","slug":"quase-todo-mundo-esta-de-cabelo-em-pe-com-a-politica-tarifaria-de-trump","status":"publish","type":"post","link":"https:\/\/investnews.com.br\/the-wall-street-journal\/quase-todo-mundo-esta-de-cabelo-em-pe-com-a-politica-tarifaria-de-trump\/","title":{"rendered":"Quase todo mundo est\u00e1 de cabelo em p\u00e9 com a pol\u00edtica tarif\u00e1ria de Trump"},"content":{"rendered":"\n<figure class=\"wp-block-image size-full\"><img decoding=\"async\" src=\"https:\/\/media.investnews.com.br\/uploads\/2025\/01\/424106124-min-scaled.jpg\" alt=\"Donald Trump caminha \u00e0 frente; J.D. Vance, Joe Biden e Kamala Harris aplaudem em sal\u00e3o.\" class=\"wp-image-647512\"\/><figcaption class=\"wp-element-caption\">O presidente dos EUA, Donald Trump, na rotunda do Capit\u00f3lio dos EUA em Washington. Foto: Chip Somodevilla\/Getty Images\/Bloomberg<\/figcaption><\/figure>\n\n\n\n<p>A medida agressiva do presidente Trump de impor tarifas sobre centenas de bilh\u00f5es de d\u00f3lares em importa\u00e7\u00f5es, que v\u00e3o <a href=\"https:\/\/investnews.com.br\/economia\/us-13-trilhao-ano-o-impacto-nos-eua-das-importacoes-tarifadas-por-trump\/\">desde petr\u00f3leo bruto e autope\u00e7as do Canad\u00e1<\/a> at\u00e9 <a href=\"https:\/\/investnews.com.br\/the-wall-street-journal\/do-no-na-fronteira-a-batata-frita-o-impacto-para-os-eua-das-tarifas-de-trump\/\">abacates e framboesas mexicanos<\/a>, abalou investidores, economistas e alguns legisladores, que est\u00e3o se perguntando: por qu\u00ea?<\/p>\n\n\n\n<p>Larry Summers, ex-secret\u00e1rio do Tesouro americano do presidente Bill Clinton, afirmou que a medida de Trump representava \u201cum choque de oferta autoinfligido\u201d. Para Rand Paul, senador republicano pelo Kentucky, \u201ctributar o com\u00e9rcio significar\u00e1 menos com\u00e9rcio e pre\u00e7os mais altos.\u201d Jay Timmons, chefe da Associa\u00e7\u00e3o Nacional de Fabricantes, disse que a medida colocava em risco os empregos americanos. \u201cO efeito cascata ser\u00e1 grave\u201d, afirmou ele.<\/p>\n\n\n\n<p>Por muitas dessas raz\u00f5es, as tarifas eram a parte do plano econ\u00f4mico de Trump da qual os investidores menos gostavam. Os mercados aplaudiram as promessas de cortes de impostos e redu\u00e7\u00e3o da regulamenta\u00e7\u00e3o, mas Trump priorizou seu plano de com\u00e9rcio exterior em detrimento de praticamente todo o resto.<\/p>\n\n\n\n<p>Outros pa\u00edses j\u00e1 come\u00e7aram a retaliar, e Trump reconheceu no domingo que pode haver alguma \u201cdor\u201d para os consumidores dos EUA.<\/p>\n\n\n<section class=\"recirculation-area\">\n    <div class=\"container\">\n                <p class=\"title\">Leia mais<\/p>\n     \n            <ul class=\"recirculation-list\" data-tracking-position=\"Leia mais\">\n                            <li class=\"list-item\">\n                    <a \n                        href=\"https:\/\/investnews.com.br\/economia\/trump-suspendera-tarifas-ao-canada-por-pelo-menos-30-dias-diz-trudeau\/\" \n                        title=\"Trump suspender\u00e1 tarifas ao Canad\u00e1 por 30 dias, como fez com o M\u00e9xico\" \n                        class=\"item-title recirculation-link\"\n                        data-btn-name=\"Trump suspender\u00e1 tarifas ao Canad\u00e1 por 30 dias, como fez com o M\u00e9xico\"\n                        data-posicao=\"Leia mais\"\n                        data-click-url=\"https:\/\/investnews.com.br\/economia\/trump-suspendera-tarifas-ao-canada-por-pelo-menos-30-dias-diz-trudeau\/\"\n                    >\n                        Trump suspender\u00e1 tarifas ao Canad\u00e1 por 30 dias, como fez com o M\u00e9xico                    <\/a>\n                <\/li>\n                            <li class=\"list-item\">\n                    <a \n                        href=\"https:\/\/investnews.com.br\/economia\/mexico-e-eua-concordam-suspender-tarifas-por-um-mes\/\" \n                        title=\"EUA e M\u00e9xico concordam em suspender tarifas de importa\u00e7\u00e3o por um m\u00eas\" \n                        class=\"item-title recirculation-link\"\n                        data-btn-name=\"EUA e M\u00e9xico concordam em suspender tarifas de importa\u00e7\u00e3o por um m\u00eas\"\n                        data-posicao=\"Leia mais\"\n                        data-click-url=\"https:\/\/investnews.com.br\/economia\/mexico-e-eua-concordam-suspender-tarifas-por-um-mes\/\"\n                    >\n                        EUA e M\u00e9xico concordam em suspender tarifas de importa\u00e7\u00e3o por um m\u00eas                    <\/a>\n                <\/li>\n                    <\/ul>\n    <\/div><\/section>\n\n\n\n<h2 class=\"wp-block-heading\">As rea\u00e7\u00f5es<\/h2>\n\n\n\n<p>O Canad\u00e1 est\u00e1 planejando tarifas sobre US$ 100 bilh\u00f5es em mercadorias, incluindo \u00e1lcool, cal\u00e7ados, a\u00e7o, alum\u00ednio e produtos aeroespaciais. A China e o M\u00e9xico, que tamb\u00e9m enfrentam novas tarifas dos EUA, preparam contra-ataques semelhantes.<\/p>\n\n\n\n<p>Trump defendeu suas tarifas dizendo em um post todo em letras mai\u00fasculas: \u201cHaver\u00e1 alguma dor? Sim, talvez (e talvez n\u00e3o!)\u201d. Ele acrescentou que \u201cvaler\u00e1 a pena pagar mais caro\u201d e repetiu o apelo para transformar o Canad\u00e1 no 51\u00ba estado dos EUA.<\/p>\n\n\n\n<p>No fim de semana, os republicanos apoiaram as medidas de Trump. \u201cEsta \u00e9 s\u00f3 a segunda semana do governo Trump e Washington n\u00e3o sabe o que o atingiu\u201d, disse o senador John Barrasso (republicano de Wyoming), no programa \u201cSunday Morning Futures\u201d, da Fox News. Questionado se estava preocupado com o fato de as tarifas poderem minar os outros objetivos pol\u00edticos do governo, Barrasso disse que n\u00e3o.<\/p>\n\n\n\n<p>O representante Jason Smith (republicano do Missouri), que preside o Comit\u00ea de Formas e Meios da C\u00e2mara, respons\u00e1vel pela legisla\u00e7\u00e3o tarif\u00e1ria, disse que as tarifas trariam bilh\u00f5es de d\u00f3lares em novas receitas para o governo dos EUA.<\/p>\n\n\n\n<p>Durante sua campanha presidencial, Trump afirmou que as tarifas seriam uma parte fundamental de sua estrat\u00e9gia de governo, dizendo repetidamente que \u201ctarifa\u201d \u00e9 sua palavra favorita. Muitos investidores acreditavam que isso fazia parte de uma manobra de negocia\u00e7\u00e3o com outros pa\u00edses e que ele tentaria extrair concess\u00f5es antes de adot\u00e1-las.<\/p>\n\n\n\n<p>At\u00e9 agora, Trump n\u00e3o passou muito tempo negociando com nenhum pa\u00eds. Seu principal conselheiro comercial, Howard Lutnick, indicado para ser o secret\u00e1rio do Com\u00e9rcio, ainda n\u00e3o foi confirmado pelo Senado. A audi\u00eancia de confirma\u00e7\u00e3o da escolha para embaixador de com\u00e9cio, Jamieson Greer, ainda n\u00e3o ocorreu.<\/p>\n\n\n\n<h2 class=\"wp-block-heading\">Reavaliando riscos<\/h2>\n\n\n\n<p>Analistas e economistas de Wall Street s\u00e3o praticamente un\u00e2nimes em dizer que tarifas do tipo que Trump divulgou neste fim de semana, se mantidas por mais de alguns meses, prejudicar\u00e3o o crescimento dos EUA e aumentar\u00e3o a infla\u00e7\u00e3o. Depois que a Casa Branca anunciou na sexta-feira as pr\u00f3ximas tarifas, os \u00edndices de a\u00e7\u00f5es reverteram os ganhos di\u00e1rios e fecharam em baixa. Na manh\u00e3 de segunda-feira, ca\u00edram ainda mais.<\/p>\n\n\n\n<p>\u201cO mercado precisa reavaliar estrutural e significativamente o custo do risco da guerra comercial\u201d, disse George Saravelos, chefe de pesquisa cambial do Deutsche Bank.<\/p>\n\n\n\n<p>Um grupo nacional de constru\u00e7\u00e3o de casas disse que as tarifas amea\u00e7am desacelerar a constru\u00e7\u00e3o de resid\u00eancias. Os produtores americanos de combust\u00edvel disseram que isso poderia significar pre\u00e7os mais altos para a gasolina. A associa\u00e7\u00e3o comercial da ind\u00fastria de medicamentos gen\u00e9ricos mencionou a possibilidade de aumento da escassez de medicamentos. Zippy Duvall, presidente do grupo de defesa da American Farm Bureau Federation (Federa\u00e7\u00e3o Agr\u00edcola Americana), disse que os agricultores e as comunidades rurais dos EUA \u201carcariam com o peso da retalia\u00e7\u00e3o\u201d.<\/p>\n\n\n\n<p>\u201cFoi Donald Trump quem fez campanha para reduzir os custos, e agora \u00e9 Donald Trump quem vai aument\u00e1-los\u201d, disse o l\u00edder da minoria no Senado, Chuck Schumer (democrata de Nova York).<\/p>\n\n\n<section class=\"recirculation-area\">\n    <div class=\"container\">\n                <p class=\"title\">Leia mais<\/p>\n     \n            <ul class=\"recirculation-list\" data-tracking-position=\"Leia mais\">\n                            <li class=\"list-item\">\n                    <a \n                        href=\"https:\/\/investnews.com.br\/the-wall-street-journal\/do-no-na-fronteira-a-batata-frita-o-impacto-para-os-eua-das-tarifas-de-trump\/\" \n                        title=\"Do n\u00f3 na fronteira \u00e0 batata frita: o impacto para os EUA das tarifas de Trump\" \n                        class=\"item-title recirculation-link\"\n                        data-btn-name=\"Do n\u00f3 na fronteira \u00e0 batata frita: o impacto para os EUA das tarifas de Trump\"\n                        data-posicao=\"Leia mais\"\n                        data-click-url=\"https:\/\/investnews.com.br\/the-wall-street-journal\/do-no-na-fronteira-a-batata-frita-o-impacto-para-os-eua-das-tarifas-de-trump\/\"\n                    >\n                        Do n\u00f3 na fronteira \u00e0 batata frita: o impacto para os EUA das tarifas de Trump                    <\/a>\n                <\/li>\n                    <\/ul>\n    <\/div><\/section>\n\n\n\n<p>O impacto preciso depender\u00e1 de quanto tempo as tarifas permanecer\u00e3o em vigor e se outros pa\u00edses ir\u00e3o retaliar.<\/p>\n\n\n\n<p>O think tank Tax Policy Center estima que a renda familiar m\u00e9dia ap\u00f3s impostos cair\u00e1 1%, ou US$ 930, em 2026 por causa das tarifas. Os economistas do Goldman Sachs estimam que as tarifas sobre o Canad\u00e1 e o M\u00e9xico, se mantidas, aumentariam os pre\u00e7os ao consumidor em at\u00e9 0,7% e derrubariam o n\u00edvel de produ\u00e7\u00e3o econ\u00f4mica em 0,4%.<\/p>\n\n\n\n<p>Em teoria, o custo direto das tarifas para os consumidores poderia ser compensado por mais cortes de impostos. Mas as tarifas ter\u00e3o outros custos menos tang\u00edveis, como for\u00e7ar os consumidores a alterar o que compram por causa do custo ou da disponibilidade. O Instituto Peterson para a Economia Internacional estima que as tarifas deixar\u00e3o a economia dos EUA cerca de 0,25% menor no pr\u00f3ximo ano e 0,1% no longo prazo.<\/p>\n\n\n\n<h2 class=\"wp-block-heading\">Cortes de impostos e de gastos<\/h2>\n\n\n\n<p>As negocia\u00e7\u00f5es de corte de impostos podem come\u00e7ar em breve no Congresso, embora esse processo provavelmente se estenda ao longo de meses. Trump quer estender seus cortes de impostos de 2017, agora expirados, e adicionar novas medidas, como gorjetas e pagamento de horas extras isentos de impostos. Os republicanos em geral concordam com seus objetivos mais amplos. Mas est\u00e3o paralisados por sua estreita maioria na C\u00e2mara e atolados em disputas internas sobre qu\u00e3o profundo devem ser os cortes dos gastos federais junto com os cortes de impostos. Eles podem dar o primeiro passo formal nesta semana, trazendo um plano para o painel de or\u00e7amento da C\u00e2mara.<\/p>\n\n\n\n<p>O esfor\u00e7o de Trump para cortar gastos do governo j\u00e1 esbarrou em desafios legais e erros internos. A Casa Branca acredita que os altos n\u00edveis de gastos do governo alimentam a infla\u00e7\u00e3o e, na semana passada, o Escrit\u00f3rio de Administra\u00e7\u00e3o e Or\u00e7amento tentou congelar temporariamente uma s\u00e9rie de programas governamentais.<\/p>\n\n\n\n<p>Essa iniciativa gerou confus\u00e3o e foi inicialmente bloqueada por um juiz federal. Autoridades da Casa Branca ter\u00e3o outra oportunidade de buscar cortes de gastos quando negociarem um projeto de lei or\u00e7ament\u00e1ria com o Congresso antes do prazo final de 14 de mar\u00e7o. No entanto, provavelmente precisar\u00e3o da coopera\u00e7\u00e3o dos democratas se quiserem aprovar qualquer pacote que evite uma paralisa\u00e7\u00e3o do governo.<\/p>\n\n\n\n<p>Outra parte fundamental da agenda econ\u00f4mica de Trump \u00e9 aumentar a produ\u00e7\u00e3o de energia, que, na opini\u00e3o dele, poder\u00e1 reduzir os pre\u00e7os de uma s\u00e9rie de produtos e levar a mais cortes nas taxas de juros. At\u00e9 agora, n\u00e3o parece haver muito apetite de outros pa\u00edses produtores de petr\u00f3leo ou empresas de energia por uma expans\u00e3o dram\u00e1tica da perfura\u00e7\u00e3o. N\u00e3o est\u00e1 claro o que Trump pode tentar fazer para for\u00e7ar o apoio a esse objetivo.<\/p>\n\n\n\n<p>Em 2018, quando lan\u00e7ou tarifas agressivamente, ele disse que seu objetivo era trazer de volta os empregos americanos. Desta vez, o presidente parece mais focado nas pesadas taxas de importa\u00e7\u00e3o que as tarifas podem trazer, criando mais dinheiro para bancar seus planos.<\/p>\n\n\n\n<p>Ainda n\u00e3o est\u00e1 claro se as tarifas tamb\u00e9m podem for\u00e7ar as mudan\u00e7as que Trump busca. Summers, que corretamente alertou o ent\u00e3o presidente Joe Biden em 2021 que suas pol\u00edticas de est\u00edmulo levariam a uma infla\u00e7\u00e3o mais alta, disse no domingo no \u201cInside Politics Sunday\u201d, da CNN, que n\u00e3o achava que as tarifas teriam sucesso em for\u00e7ar outros pa\u00edses a aceitar mudan\u00e7as significativas na pol\u00edtica.<\/p>\n\n\n\n<p>&#8220;Pense no que acontece quando cedemos a um valent\u00e3o. Isso gera mais amea\u00e7as\u201d, disse Summers.<\/p>\n\n\n\n<p>Observa\u00e7\u00e3o: Ap\u00f3s a publica\u00e7\u00e3o da reportagem, os Estados Unidos concordaram em suspender por um m\u00eas a aplica\u00e7\u00e3o das tarifas sobre o M\u00e9xico e sobre o Canad\u00e1.<\/p>\n\n\n\n<p><em>Escreva para Lindsay Wise em lindsay.wise@wsj.com<\/em><\/p>\n","protected":false},"excerpt":{"rendered":"<p>As tarifas eram a parte do plano econ\u00f4mico de Trump da qual os investidores menos gostavam<\/p>\n","protected":false},"author":118,"featured_media":647512,"comment_status":"closed","ping_status":"closed","sticky":false,"template":"","format":"standard","meta":{"_acf_changed":false,"inline_featured_image":false,"footnotes":""},"categories":[103073],"tags":[103094,244,79],"autor-wsj":[103313],"coauthors":[102488],"class_list":["post-650943","post","type-post","status-publish","format-standard","has-post-thumbnail","hentry","category-the-wall-street-journal","tag-canada","tag-china","tag-donald-trump","autor-wsj-lindsay-wise"],"acf":[],"amp_enabled":true,"_links":{"self":[{"href":"https:\/\/investnews.com.br\/inv-api\/wp\/v2\/posts\/650943","targetHints":{"allow":["GET"]}}],"collection":[{"href":"https:\/\/investnews.com.br\/inv-api\/wp\/v2\/posts"}],"about":[{"href":"https:\/\/investnews.com.br\/inv-api\/wp\/v2\/types\/post"}],"author":[{"embeddable":true,"href":"https:\/\/investnews.com.br\/inv-api\/wp\/v2\/users\/118"}],"replies":[{"embeddable":true,"href":"https:\/\/investnews.com.br\/inv-api\/wp\/v2\/comments?post=650943"}],"version-history":[{"count":6,"href":"https:\/\/investnews.com.br\/inv-api\/wp\/v2\/posts\/650943\/revisions"}],"predecessor-version":[{"id":773807,"href":"https:\/\/investnews.com.br\/inv-api\/wp\/v2\/posts\/650943\/revisions\/773807"}],"wp:featuredmedia":[{"embeddable":true,"href":"https:\/\/investnews.com.br\/inv-api\/wp\/v2\/media\/647512"}],"wp:attachment":[{"href":"https:\/\/investnews.com.br\/inv-api\/wp\/v2\/media?parent=650943"}],"wp:term":[{"taxonomy":"category","embeddable":true,"href":"https:\/\/investnews.com.br\/inv-api\/wp\/v2\/categories?post=650943"},{"taxonomy":"post_tag","embeddable":true,"href":"https:\/\/investnews.com.br\/inv-api\/wp\/v2\/tags?post=650943"},{"taxonomy":"autor-wsj","embeddable":true,"href":"https:\/\/investnews.com.br\/inv-api\/wp\/v2\/autor-wsj?post=650943"},{"taxonomy":"author","embeddable":true,"href":"https:\/\/investnews.com.br\/inv-api\/wp\/v2\/coauthors?post=650943"}],"curies":[{"name":"wp","href":"https:\/\/api.w.org\/{rel}","templated":true}]}}