{"id":651053,"date":"2025-02-03T18:58:07","date_gmt":"2025-02-03T21:58:07","guid":{"rendered":"https:\/\/investnews.com.br\/?p=651053"},"modified":"2025-02-03T19:39:37","modified_gmt":"2025-02-03T22:39:37","slug":"trump-suspendera-tarifas-ao-canada-por-pelo-menos-30-dias-diz-trudeau","status":"publish","type":"post","link":"https:\/\/investnews.com.br\/economia\/trump-suspendera-tarifas-ao-canada-por-pelo-menos-30-dias-diz-trudeau\/","title":{"rendered":"Trump suspender\u00e1 tarifas ao Canad\u00e1 por 30 dias, como fez com o M\u00e9xico"},"content":{"rendered":"\n<p>O presidente dos Estados Unidos, Donald Trump, adiar\u00e1 tarifas sobre as importa\u00e7\u00f5es canadenses por pelo menos 30 dias, disse o primeiro-ministro do Canad\u00e1, Justin Trudeau, em um post no X na noite desta segunda-feira (3). &#8220;As tarifas propostas est\u00e3o suspensas por pelo menos 30 dias enquanto trabalhamos juntos&#8221;, disse ele.<\/p>\n\n\n\n<p>Mais cedo, segundo a CNN, o presidente americano afirmou a jornalistas que a conversa com Trudeau tinha sido &#8220;muito boa&#8221;, mas n\u00e3o antecipou se os dois chefes de Estado haviam chegado a um acordo.<\/p>\n\n\n\n<p>&#8220;Acabei de ter uma boa liga\u00e7\u00e3o com o Presidente Trump. O Canad\u00e1 est\u00e1 implementando nosso plano de fronteira de 1,3 bilh\u00f5es de d\u00f3lares \u2014 refor\u00e7ando a fronteira com novos helic\u00f3pteros, tecnologia e pessoal, coordena\u00e7\u00e3o aprimorada com nossos parceiros americanos e recursos aumentados para impedir o fluxo de fentanil. Quase 10 mil pessoas na linha de frente est\u00e3o e continuar\u00e3o trabalhando na prote\u00e7\u00e3o da fronteira&#8221;, afirmou o primeiro-ministro canadense, por meio da rede social.<\/p>\n\n\n\n<p>&#8220;Al\u00e9m disso, o Canad\u00e1 est\u00e1 assumindo novos compromissos para nomear um &#8216;czar do fentanil&#8217;, classificaremos os cart\u00e9is como terroristas, garantiremos vigil\u00e2ncia 24\/7 na fronteira, lan\u00e7aremos uma For\u00e7a-Tarefa Conjunta Canad\u00e1-EUA para combater o crime organizado, o fentanil e a <a href=\"https:\/\/investnews.com.br\/guias\/coaf-lavagem-de-dinheiro\/\">lavagem de dinheiro<\/a>. Tamb\u00e9m assinei uma nova diretiva de intelig\u00eancia sobre crime organizado e fentanil e a apoiaremos com 200 milh\u00f5es de d\u00f3lares.&#8221;<\/p>\n\n\n\n<h2 class=\"wp-block-heading\">Acordo M\u00e9xico-EUA<\/h2>\n\n\n\n<p>No in\u00edcio da tarde desta segunda, <a href=\"https:\/\/investnews.com.br\/economia\/mexico-e-eua-concordam-suspender-tarifas-por-um-mes\/\">Trump tamb\u00e9m concordou em suspender temporariamente as tarifas sobre o M\u00e9xico<\/a>. Segundo a presidente do M\u00e9xico, Claudia Sheinbaum, afirmou tamb\u00e9m via X, &#8220;as tarifas foram suspensas por um m\u00eas a partir de agora\u201d.<\/p>\n\n\n\n<p>A contrapartida oferecida pelo M\u00e9xico foi um compromisso de refor\u00e7ar a fronteira norte com 10 mil integrantes da Guarda Nacional de forma imediata para evitar o tr\u00e1fico de drogas do M\u00e9xico para os EUA, especialmente de fentanil.<\/p>\n\n\n\n<p>J\u00e1 o governo americano se comprometeu a trabalhar para evitar o tr\u00e1fico de armas de alto poder para o M\u00e9xico.<\/p>\n\n\n\n<p>Durante o pr\u00f3ximo m\u00eas, os dois pa\u00edses v\u00e3o criar grupos de trabalho para discutir como aprimorar a atua\u00e7\u00e3o na fronteira.<\/p>\n\n\n\n<h2 class=\"wp-block-heading\">Guerra comercial<\/h2>\n\n\n\n<p>No s\u00e1bado (1\u00ba), o presidente americano Donald Trump assinou ordens executivas para impor novas tarifas. No caso do M\u00e9xico, foi definida a al\u00edquota de&nbsp;<strong>25%<\/strong>&nbsp;sobre&nbsp;<strong>todos os produtos importados<\/strong>.<\/p>\n\n\n\n<p>Para o&nbsp;<strong>Canad\u00e1<\/strong>, a al\u00edquota de&nbsp;<strong>25%<\/strong>&nbsp;vale para todos os produtos, com&nbsp;<strong>exce\u00e7\u00e3o dos produtos do setor de energia<\/strong>, como petr\u00f3leo e g\u00e1s, j\u00e1 que os EUA s\u00e3o fortemente dependentes desses recursos canadenses.<\/p>\n\n\n\n<p>Para a&nbsp;<strong>China<\/strong>, a regra \u00e9 de&nbsp;<strong>10% em tarifas adicionais<\/strong>. Ou seja, as tarifas que j\u00e1 existiam anteriormente para setores espec\u00edficos (algumas criadas no primeiro governo Trump e outras, no governo do democrata Joe Biden), continuam valendo.<\/p>\n\n\n\n<p>Diante disso,&nbsp;<strong>Claudia Sheinbaum<\/strong>&nbsp;amea\u00e7ou os Estados Unidos com&nbsp;<a href=\"https:\/\/investnews.com.br\/economia\/canada-e-mexico-impoem-tarifas-a-importacoes-dos-eua\/\">medidas retaliat\u00f3rias tarif\u00e1rias e n\u00e3o tarif\u00e1rias<\/a>&nbsp;contra os Estados Unidos, e pediu que seu alto escal\u00e3o partisse para um Plano B.<\/p>\n\n\n\n<p>Tamb\u00e9m no s\u00e1bado,&nbsp;<a href=\"https:\/\/investnews.com.br\/economia\/canada-e-mexico-impoem-tarifas-a-importacoes-dos-eua\/\">o Canad\u00e1 anunciou tarifas retaliat\u00f3rias de 25%<\/a>&nbsp;para todos os produtos que importa dos Estados Unidos. Uma parte delas entrar\u00e1 em vigor na ter\u00e7a, e as demais come\u00e7ar\u00e3o a valer em tr\u00eas semanas \u2014 o primeiro-ministro canadense,&nbsp;<strong>Justin Trudeau<\/strong>, afirmou que o per\u00edodo serviria para que os empres\u00e1rios do Canad\u00e1 tivessem tempo de achar alternativas.<\/p>\n\n\n\n<p>J\u00e1 a&nbsp;<strong>China<\/strong>&nbsp;afirmou, neste domingo, que&nbsp;<a href=\"https:\/\/investnews.com.br\/economia\/china-promete-denunciar-eua-na-omc-apos-tarifa-de-10-imposta-por-trump\/\">vai denunciar os EUA na Organiza\u00e7\u00e3o Mundial do Com\u00e9rcio (OMC)<\/a>&nbsp;pelo que considerou uma \u201cviola\u00e7\u00e3o grave\u201d das regras internacionais de com\u00e9rcio, e que \u201ctomar\u00e1 medidas de contra\u00e7\u00e3o correspondentes para defender firmemente seus pr\u00f3prios direitos e interesses\u201d, sem entrar em detalhes.<\/p>\n","protected":false},"excerpt":{"rendered":"<p>O presidente dos Estados Unidos, Donald Trump, adiar\u00e1 tarifas sobre as importa\u00e7\u00f5es canadenses por pelo menos 30 dias, disse o primeiro-ministro do Canad\u00e1, Justin Trudeau, em um post no X na noite desta segunda-feira (3). &#8220;As tarifas propostas est\u00e3o suspensas por pelo menos 30 dias enquanto trabalhamos juntos&#8221;, disse ele. Mais cedo, segundo a CNN, [&hellip;]<\/p>\n","protected":false},"author":61,"featured_media":651083,"comment_status":"closed","ping_status":"closed","sticky":false,"template":"","format":"standard","meta":{"_acf_changed":false,"inline_featured_image":false,"footnotes":""},"categories":[5],"tags":[103094,79,236,102288],"autor-wsj":[],"coauthors":[2494,1494],"class_list":["post-651053","post","type-post","status-publish","format-standard","has-post-thumbnail","hentry","category-economia","tag-canada","tag-donald-trump","tag-eua","tag-reuters"],"acf":[],"amp_enabled":true,"_links":{"self":[{"href":"https:\/\/investnews.com.br\/inv-api\/wp\/v2\/posts\/651053","targetHints":{"allow":["GET"]}}],"collection":[{"href":"https:\/\/investnews.com.br\/inv-api\/wp\/v2\/posts"}],"about":[{"href":"https:\/\/investnews.com.br\/inv-api\/wp\/v2\/types\/post"}],"author":[{"embeddable":true,"href":"https:\/\/investnews.com.br\/inv-api\/wp\/v2\/users\/61"}],"replies":[{"embeddable":true,"href":"https:\/\/investnews.com.br\/inv-api\/wp\/v2\/comments?post=651053"}],"version-history":[{"count":10,"href":"https:\/\/investnews.com.br\/inv-api\/wp\/v2\/posts\/651053\/revisions"}],"predecessor-version":[{"id":651091,"href":"https:\/\/investnews.com.br\/inv-api\/wp\/v2\/posts\/651053\/revisions\/651091"}],"wp:featuredmedia":[{"embeddable":true,"href":"https:\/\/investnews.com.br\/inv-api\/wp\/v2\/media\/651083"}],"wp:attachment":[{"href":"https:\/\/investnews.com.br\/inv-api\/wp\/v2\/media?parent=651053"}],"wp:term":[{"taxonomy":"category","embeddable":true,"href":"https:\/\/investnews.com.br\/inv-api\/wp\/v2\/categories?post=651053"},{"taxonomy":"post_tag","embeddable":true,"href":"https:\/\/investnews.com.br\/inv-api\/wp\/v2\/tags?post=651053"},{"taxonomy":"autor-wsj","embeddable":true,"href":"https:\/\/investnews.com.br\/inv-api\/wp\/v2\/autor-wsj?post=651053"},{"taxonomy":"author","embeddable":true,"href":"https:\/\/investnews.com.br\/inv-api\/wp\/v2\/coauthors?post=651053"}],"curies":[{"name":"wp","href":"https:\/\/api.w.org\/{rel}","templated":true}]}}