{"id":651306,"date":"2025-02-04T15:44:37","date_gmt":"2025-02-04T18:44:37","guid":{"rendered":"https:\/\/investnews.com.br\/?p=651306"},"modified":"2025-02-04T16:58:23","modified_gmt":"2025-02-04T19:58:23","slug":"venda-de-papelao-ondulado-em-2024-e-a-maior-em-duas-decadas-diz-abpo","status":"publish","type":"post","link":"https:\/\/investnews.com.br\/economia\/venda-de-papelao-ondulado-em-2024-e-a-maior-em-duas-decadas-diz-abpo\/","title":{"rendered":"Venda de papel\u00e3o ondulado em 2024 \u00e9 a maior em duas d\u00e9cadas"},"content":{"rendered":"\n<p>A venda de papel\u00e3o ondulado no Brasil em 2024 alcan\u00e7ou o maior volume anual j\u00e1 registrado desde o in\u00edcio da s\u00e9rie hist\u00f3rica da associa\u00e7\u00e3o de fabricantes do material, Empapel, em 2005, conforme dados divulgados pela entidade nesta ter\u00e7a-feira.<\/p>\n\n\n\n<p>A expedi\u00e7\u00e3o de caixas, acess\u00f3rios e chapas de papel\u00e3o ondulado no ano passado somou 4,24 milh\u00f5es de toneladas, crescimento de 4,9% em compara\u00e7\u00e3o com 2023, segundo a Empapel.<\/p>\n\n\n\n<p>Somente em dezembro, o volume chegou a 313.487 toneladas, 1,1% inferior ao mesmo m\u00eas do ano anterior. Segundo a entidade, essa foi a primeira e \u00fanica queda interanual de 2024.<\/p>\n\n\n\n<p>Por dia \u00fatil, a expedi\u00e7\u00e3o foi de 12.539 toneladas, tamb\u00e9m uma queda de 1,1% na compara\u00e7\u00e3o interanual.<\/p>\n","protected":false},"excerpt":{"rendered":"<p>\u00c9 o maior volume anual j\u00e1 registrado desde o in\u00edcio da s\u00e9rie hist\u00f3rica da associa\u00e7\u00e3o de fabricantes do material, Empapel, em 2005<\/p>\n","protected":false},"author":61,"featured_media":473654,"comment_status":"closed","ping_status":"closed","sticky":false,"template":"","format":"standard","meta":{"_acf_changed":false,"inline_featured_image":false,"footnotes":""},"categories":[5],"tags":[102288],"autor-wsj":[],"coauthors":[2494],"class_list":["post-651306","post","type-post","status-publish","format-standard","has-post-thumbnail","hentry","category-economia","tag-reuters"],"acf":[],"amp_enabled":true,"_links":{"self":[{"href":"https:\/\/investnews.com.br\/inv-api\/wp\/v2\/posts\/651306","targetHints":{"allow":["GET"]}}],"collection":[{"href":"https:\/\/investnews.com.br\/inv-api\/wp\/v2\/posts"}],"about":[{"href":"https:\/\/investnews.com.br\/inv-api\/wp\/v2\/types\/post"}],"author":[{"embeddable":true,"href":"https:\/\/investnews.com.br\/inv-api\/wp\/v2\/users\/61"}],"replies":[{"embeddable":true,"href":"https:\/\/investnews.com.br\/inv-api\/wp\/v2\/comments?post=651306"}],"version-history":[{"count":2,"href":"https:\/\/investnews.com.br\/inv-api\/wp\/v2\/posts\/651306\/revisions"}],"predecessor-version":[{"id":651343,"href":"https:\/\/investnews.com.br\/inv-api\/wp\/v2\/posts\/651306\/revisions\/651343"}],"wp:featuredmedia":[{"embeddable":true,"href":"https:\/\/investnews.com.br\/inv-api\/wp\/v2\/media\/473654"}],"wp:attachment":[{"href":"https:\/\/investnews.com.br\/inv-api\/wp\/v2\/media?parent=651306"}],"wp:term":[{"taxonomy":"category","embeddable":true,"href":"https:\/\/investnews.com.br\/inv-api\/wp\/v2\/categories?post=651306"},{"taxonomy":"post_tag","embeddable":true,"href":"https:\/\/investnews.com.br\/inv-api\/wp\/v2\/tags?post=651306"},{"taxonomy":"autor-wsj","embeddable":true,"href":"https:\/\/investnews.com.br\/inv-api\/wp\/v2\/autor-wsj?post=651306"},{"taxonomy":"author","embeddable":true,"href":"https:\/\/investnews.com.br\/inv-api\/wp\/v2\/coauthors?post=651306"}],"curies":[{"name":"wp","href":"https:\/\/api.w.org\/{rel}","templated":true}]}}