{"id":651384,"date":"2025-02-04T17:45:30","date_gmt":"2025-02-04T20:45:30","guid":{"rendered":"https:\/\/investnews.com.br\/?p=651384"},"modified":"2025-02-04T17:45:32","modified_gmt":"2025-02-04T20:45:32","slug":"cafe-arabica-atinge-maxima-historica-no-mercado-brasileiro-apos-recorde-em-ny","status":"publish","type":"post","link":"https:\/\/investnews.com.br\/economia\/cafe-arabica-atinge-maxima-historica-no-mercado-brasileiro-apos-recorde-em-ny\/","title":{"rendered":"Caf\u00e9 ar\u00e1bica atinge m\u00e1xima hist\u00f3rica no mercado brasileiro ap\u00f3s recorde em NY"},"content":{"rendered":"\n<p>O caf\u00e9 ar\u00e1bica atingiu um pre\u00e7o recorde no mercado brasileiro na segunda-feira, na esteira das seguidas m\u00e1ximas hist\u00f3ricas registradas na bolsa de refer\u00eancia em Nova York (ICE Futures), com frustra\u00e7\u00f5es de safras e produtores relutantes em vender, de acordo com o Centro de Estudos Avan\u00e7ados em Economia Aplicada (Cepea).<\/p>\n\n\n\n<p>Depois de acumular alta de 12,5% em janeiro, o Indicador Cepea\/Esalq do ar\u00e1bica do tipo 6 posto na capital paulista marcou R$ 2.565,85 por saca de 60 kg, a m\u00e1xima di\u00e1ria da s\u00e9rie hist\u00f3rica iniciada em setembro de 1996 &#8211; considerando valores deflacionados pelo IGP-DI.<\/p>\n\n\n\n<p>Em apenas sete dias, entre 27 de janeiro e 3 de fevereiro, a alta no pre\u00e7o do ar\u00e1bica foi de 7%, enquanto na ICE o produto teve recorde pela nona sess\u00e3o consecutiva nesta ter\u00e7a-feira.<\/p>\n\n\n<section class=\"recirculation-area\">\n    <div class=\"container\">\n                <p class=\"title\">LEIA MAIS<\/p>\n     \n            <ul class=\"recirculation-list\" data-tracking-position=\"Leia mais\">\n                            <li class=\"list-item\">\n                    <a \n                        href=\"https:\/\/investnews.com.br\/negocios\/por-que-a-alta-do-preco-do-cafe-virou-um-problema-para-os-produtores\/\" \n                        title=\"Por que a alta do caf\u00e9 virou um problema para os produtores brasileiros\" \n                        class=\"item-title recirculation-link\"\n                        data-btn-name=\"Por que a alta do caf\u00e9 virou um problema para os produtores brasileiros\"\n                        data-posicao=\"Leia mais\"\n                        data-click-url=\"https:\/\/investnews.com.br\/negocios\/por-que-a-alta-do-preco-do-cafe-virou-um-problema-para-os-produtores\/\"\n                    >\n                        Por que a alta do caf\u00e9 virou um problema para os produtores brasileiros                    <\/a>\n                <\/li>\n                            <li class=\"list-item\">\n                    <a \n                        href=\"https:\/\/investnews.com.br\/negocios\/cafake-produto-com-sabor-cafe-ganha-espaco-com-alta-no-preco-do-grao\/\" \n                        title=\"&#8216;Cafake&#8217;: produto com &#8216;sabor caf\u00e9&#8217; ganha espa\u00e7o com alta no pre\u00e7o do gr\u00e3o\" \n                        class=\"item-title recirculation-link\"\n                        data-btn-name=\"&#8216;Cafake&#8217;: produto com &#8216;sabor caf\u00e9&#8217; ganha espa\u00e7o com alta no pre\u00e7o do gr\u00e3o\"\n                        data-posicao=\"Leia mais\"\n                        data-click-url=\"https:\/\/investnews.com.br\/negocios\/cafake-produto-com-sabor-cafe-ganha-espaco-com-alta-no-preco-do-grao\/\"\n                    >\n                        &#8216;Cafake&#8217;: produto com &#8216;sabor caf\u00e9&#8217; ganha espa\u00e7o com alta no pre\u00e7o do gr\u00e3o                    <\/a>\n                <\/li>\n                            <li class=\"list-item\">\n                    <a \n                        href=\"https:\/\/investnews.com.br\/negocios\/cafe-em-alta-leva-operadores-a-buscar-alternativas-de-fazer-hedge-de-precos\/\" \n                        title=\"Caf\u00e9 em alta leva operadores a buscar alternativas de fazer hedge de pre\u00e7os\" \n                        class=\"item-title recirculation-link\"\n                        data-btn-name=\"Caf\u00e9 em alta leva operadores a buscar alternativas de fazer hedge de pre\u00e7os\"\n                        data-posicao=\"Leia mais\"\n                        data-click-url=\"https:\/\/investnews.com.br\/negocios\/cafe-em-alta-leva-operadores-a-buscar-alternativas-de-fazer-hedge-de-precos\/\"\n                    >\n                        Caf\u00e9 em alta leva operadores a buscar alternativas de fazer hedge de pre\u00e7os                    <\/a>\n                <\/li>\n                    <\/ul>\n    <\/div><\/section>\n\n\n\n<p>&#8220;O impulso aos pre\u00e7os segue vindo da oferta limitada de caf\u00e9s para negocia\u00e7\u00e3o, tendo em vista o alto volume j\u00e1 vendido, dos estoques apertados por conta da menor produ\u00e7\u00e3o no Brasil e no Vietn\u00e3, da demanda internacional firme e tamb\u00e9m de proje\u00e7\u00f5es indicando safra 2025\/26 ainda pequena&#8221;, afirmou o Cepea nesta ter\u00e7a-feira.<\/p>\n\n\n\n<p>A menor disponibilidade acontece ap\u00f3s o Brasil ter exportado um volume recorde em 2024, que marcou tamb\u00e9m uma colheita abaixo das expectativas iniciais, por conta do tempo seco e quente.<\/p>\n\n\n\n<p>As exporta\u00e7\u00f5es de caf\u00e9 do Brasil em 2024 superaram 50 milh\u00f5es de sacas de 60 kg pela primeira vez na hist\u00f3ria em um ano, segundo dados do Conselho dos Exportadores de Caf\u00e9 do Brasil (Cecaf\u00e9).<\/p>\n\n\n\n<p>&#8220;No curto prazo, n\u00e3o h\u00e1 fator baixista. A oferta justa deve levar vendedores a esperar para negociar o produto remanescente apenas em momentos de extrema necessidade &#8212; a maioria dos cafeicultores est\u00e1 capitalizada, mesmo com a menor produ\u00e7\u00e3o. Tal fato pode acontecer tanto no Brasil quanto nas demais origens&#8221;, acrescentou.<\/p>\n\n\n\n<p>Em sua primeira estimativa de safra, a Companhia Nacional de Abastecimento (Conab) apontou a produ\u00e7\u00e3o brasileira de ar\u00e1bica 2025\/26 em 34,7 milh\u00f5es de sacas de 60 kg de caf\u00e9 ar\u00e1bica, 12,4% a menos que em 2024\/25. A produ\u00e7\u00e3o total \u00e9 estimada em 51,8 milh\u00f5es de sacas (ar\u00e1bica e robusta), 4,4% a menos que a temporada anterior.<\/p>\n\n\n\n<p>Colaboradores consultados pelo Cepea t\u00eam relatado certa dificuldade em estimar um n\u00famero mais preciso sobre a produ\u00e7\u00e3o de ar\u00e1bica. No geral, as previs\u00f5es divergem entre os agentes.<\/p>\n\n\n\n<p>Na v\u00e9spera, a exportadora Comexim estimou a safra do Brasil neste ano em 63,2 milh\u00f5es de sacas de 60 kg, 1,8% abaixo da safra de 2024, com um forte aumento na safra de robusta compensando parcialmente um recuo de 12% do ar\u00e1bica.<\/p>\n\n\n\n<p>As proje\u00e7\u00f5es do mercado geralmente espelham n\u00fameros maiores que os da Conab, vistos como subestimados.<\/p>\n","protected":false},"excerpt":{"rendered":"<p>Em apenas sete dias, a alta no pre\u00e7o do caf\u00e9 ar\u00e1bica foi de 7%<\/p>\n","protected":false},"author":61,"featured_media":635613,"comment_status":"closed","ping_status":"closed","sticky":false,"template":"","format":"standard","meta":{"_acf_changed":false,"inline_featured_image":false,"footnotes":""},"categories":[5],"tags":[],"autor-wsj":[],"coauthors":[2494],"class_list":["post-651384","post","type-post","status-publish","format-standard","has-post-thumbnail","hentry","category-economia"],"acf":[],"amp_enabled":true,"_links":{"self":[{"href":"https:\/\/investnews.com.br\/inv-api\/wp\/v2\/posts\/651384","targetHints":{"allow":["GET"]}}],"collection":[{"href":"https:\/\/investnews.com.br\/inv-api\/wp\/v2\/posts"}],"about":[{"href":"https:\/\/investnews.com.br\/inv-api\/wp\/v2\/types\/post"}],"author":[{"embeddable":true,"href":"https:\/\/investnews.com.br\/inv-api\/wp\/v2\/users\/61"}],"replies":[{"embeddable":true,"href":"https:\/\/investnews.com.br\/inv-api\/wp\/v2\/comments?post=651384"}],"version-history":[{"count":1,"href":"https:\/\/investnews.com.br\/inv-api\/wp\/v2\/posts\/651384\/revisions"}],"predecessor-version":[{"id":651386,"href":"https:\/\/investnews.com.br\/inv-api\/wp\/v2\/posts\/651384\/revisions\/651386"}],"wp:featuredmedia":[{"embeddable":true,"href":"https:\/\/investnews.com.br\/inv-api\/wp\/v2\/media\/635613"}],"wp:attachment":[{"href":"https:\/\/investnews.com.br\/inv-api\/wp\/v2\/media?parent=651384"}],"wp:term":[{"taxonomy":"category","embeddable":true,"href":"https:\/\/investnews.com.br\/inv-api\/wp\/v2\/categories?post=651384"},{"taxonomy":"post_tag","embeddable":true,"href":"https:\/\/investnews.com.br\/inv-api\/wp\/v2\/tags?post=651384"},{"taxonomy":"autor-wsj","embeddable":true,"href":"https:\/\/investnews.com.br\/inv-api\/wp\/v2\/autor-wsj?post=651384"},{"taxonomy":"author","embeddable":true,"href":"https:\/\/investnews.com.br\/inv-api\/wp\/v2\/coauthors?post=651384"}],"curies":[{"name":"wp","href":"https:\/\/api.w.org\/{rel}","templated":true}]}}