{"id":651494,"date":"2025-02-05T09:48:10","date_gmt":"2025-02-05T12:48:10","guid":{"rendered":"https:\/\/investnews.com.br\/?p=651494"},"modified":"2025-02-05T09:48:12","modified_gmt":"2025-02-05T12:48:12","slug":"azul-aprova-aumento-de-capital-previsto-em-plano-de-reestruturacao","status":"publish","type":"post","link":"https:\/\/investnews.com.br\/negocios\/azul-aprova-aumento-de-capital-previsto-em-plano-de-reestruturacao\/","title":{"rendered":"Azul aprova aumento de capital previsto em plano de reestrutura\u00e7\u00e3o"},"content":{"rendered":"\n<p>O conselho de administra\u00e7\u00e3o da Azul aprovou aumento de capital entre R$ 1,5 bilh\u00e3o e R$ 6,1 bilh\u00f5es mediante emiss\u00e3o de novas a\u00e7\u00f5es para entrega a credores da companhia. A opera\u00e7\u00e3o \u00e9 condi\u00e7\u00e3o de um plano de reestrutura\u00e7\u00e3o financeira que vem sendo trabalhado pela empresa desde o ano passado.<\/p>\n\n\n\n<p>A Azul vai emitir entre 47 milh\u00f5es e 191,1 milh\u00f5es de a\u00e7\u00f5es ao pre\u00e7o de R$ 32,09 por papel. A a\u00e7\u00e3o da companhia encerrou na ter\u00e7a-feira cotada a R$ 4,17.<\/p>\n\n\n<section class=\"recirculation-area\">\n    <div class=\"container\">\n                <p class=\"title\">LEIA MAIS<\/p>\n     \n            <ul class=\"recirculation-list\" data-tracking-position=\"Leia mais\">\n                            <li class=\"list-item\">\n                    <a \n                        href=\"https:\/\/investnews.com.br\/negocios\/azul-conclui-reestruturacao-de-divida-e-reduz-endividamento-em-r-16-bi\/\" \n                        title=\"Azul conclui reestrutura\u00e7\u00e3o de d\u00edvida e reduz endividamento em R$ 1,6 bi\" \n                        class=\"item-title recirculation-link\"\n                        data-btn-name=\"Azul conclui reestrutura\u00e7\u00e3o de d\u00edvida e reduz endividamento em R$ 1,6 bi\"\n                        data-posicao=\"Leia mais\"\n                        data-click-url=\"https:\/\/investnews.com.br\/negocios\/azul-conclui-reestruturacao-de-divida-e-reduz-endividamento-em-r-16-bi\/\"\n                    >\n                        Azul conclui reestrutura\u00e7\u00e3o de d\u00edvida e reduz endividamento em R$ 1,6 bi                    <\/a>\n                <\/li>\n                            <li class=\"list-item\">\n                    <a \n                        href=\"https:\/\/investnews.com.br\/negocios\/azul-e-gol-avancam-em-direcao-a-possivel-fusao\/\" \n                        title=\"Azul e Gol avan\u00e7am em dire\u00e7\u00e3o a poss\u00edvel fus\u00e3o\" \n                        class=\"item-title recirculation-link\"\n                        data-btn-name=\"Azul e Gol avan\u00e7am em dire\u00e7\u00e3o a poss\u00edvel fus\u00e3o\"\n                        data-posicao=\"Leia mais\"\n                        data-click-url=\"https:\/\/investnews.com.br\/negocios\/azul-e-gol-avancam-em-direcao-a-possivel-fusao\/\"\n                    >\n                        Azul e Gol avan\u00e7am em dire\u00e7\u00e3o a poss\u00edvel fus\u00e3o                    <\/a>\n                <\/li>\n                    <\/ul>\n    <\/div><\/section>\n\n\n\n<p>&#8220;O aumento de capital est\u00e1 inserido no contexto da reestrutura\u00e7\u00e3o da companhia, para fortalecer a condi\u00e7\u00e3o financeira, a gera\u00e7\u00e3o de caixa e melhorar sua estrutura de capital, contribuindo para a equaliza\u00e7\u00e3o do seu passivo&#8221;, afirmou a Azul em fato relevante.<\/p>\n\n\n\n<p>Segundo a companhia, os acordos com fabricantes e arrendadores de equipamentos e outros fornecedores v\u00e3o melhorar &#8220;o fluxo de caixa em mais de 300 milh\u00f5es de d\u00f3lares nos anos de 2025, 2026 e 2027&#8221;.<\/p>\n\n\n\n<p>(Por Alberto Alerigi Jr.)<\/p>\n","protected":false},"excerpt":{"rendered":"<p>A companhia vai emitir entre 47 milh\u00f5es e 191,1 milh\u00f5es de a\u00e7\u00f5es<\/p>\n","protected":false},"author":61,"featured_media":778,"comment_status":"closed","ping_status":"closed","sticky":false,"template":"","format":"standard","meta":{"_acf_changed":false,"inline_featured_image":false,"footnotes":""},"categories":[6],"tags":[102288,1155],"autor-wsj":[],"coauthors":[2494],"class_list":["post-651494","post","type-post","status-publish","format-standard","has-post-thumbnail","hentry","category-negocios","tag-reuters","tag-setor-aereo"],"acf":[],"amp_enabled":true,"_links":{"self":[{"href":"https:\/\/investnews.com.br\/inv-api\/wp\/v2\/posts\/651494","targetHints":{"allow":["GET"]}}],"collection":[{"href":"https:\/\/investnews.com.br\/inv-api\/wp\/v2\/posts"}],"about":[{"href":"https:\/\/investnews.com.br\/inv-api\/wp\/v2\/types\/post"}],"author":[{"embeddable":true,"href":"https:\/\/investnews.com.br\/inv-api\/wp\/v2\/users\/61"}],"replies":[{"embeddable":true,"href":"https:\/\/investnews.com.br\/inv-api\/wp\/v2\/comments?post=651494"}],"version-history":[{"count":1,"href":"https:\/\/investnews.com.br\/inv-api\/wp\/v2\/posts\/651494\/revisions"}],"predecessor-version":[{"id":651497,"href":"https:\/\/investnews.com.br\/inv-api\/wp\/v2\/posts\/651494\/revisions\/651497"}],"wp:featuredmedia":[{"embeddable":true,"href":"https:\/\/investnews.com.br\/inv-api\/wp\/v2\/media\/778"}],"wp:attachment":[{"href":"https:\/\/investnews.com.br\/inv-api\/wp\/v2\/media?parent=651494"}],"wp:term":[{"taxonomy":"category","embeddable":true,"href":"https:\/\/investnews.com.br\/inv-api\/wp\/v2\/categories?post=651494"},{"taxonomy":"post_tag","embeddable":true,"href":"https:\/\/investnews.com.br\/inv-api\/wp\/v2\/tags?post=651494"},{"taxonomy":"autor-wsj","embeddable":true,"href":"https:\/\/investnews.com.br\/inv-api\/wp\/v2\/autor-wsj?post=651494"},{"taxonomy":"author","embeddable":true,"href":"https:\/\/investnews.com.br\/inv-api\/wp\/v2\/coauthors?post=651494"}],"curies":[{"name":"wp","href":"https:\/\/api.w.org\/{rel}","templated":true}]}}