{"id":651585,"date":"2025-02-06T06:30:00","date_gmt":"2025-02-06T09:30:00","guid":{"rendered":"https:\/\/investnews.com.br\/?p=651585"},"modified":"2025-02-06T15:26:53","modified_gmt":"2025-02-06T18:26:53","slug":"apos-cortar-gastos-volkswagen-aposta-em-eletrico-barato-para-retomar-crescimento","status":"publish","type":"post","link":"https:\/\/investnews.com.br\/the-wall-street-journal\/apos-cortar-gastos-volkswagen-aposta-em-eletrico-barato-para-retomar-crescimento\/","title":{"rendered":"Volkswagen vai lan\u00e7ar el\u00e9trico barato para enfrentar a concorr\u00eancia chinesa"},"content":{"rendered":"\n<p>A Volkswagen apresentou nesta quarta-feira (5) um plano de cinco anos, que inclui o lan\u00e7amento de um novo ve\u00edculo el\u00e9trico de baixo custo, na busca por um caminho para o crescimento ap\u00f3s um grande <a href=\"https:\/\/investnews.com.br\/negocios\/volkswagen-fecha-acordo-com-sindicatos-para-cortar-35-mil-empregos-ate-2030\/\">acordo de corte de custos<\/a>.<\/p>\n\n\n\n<p>Diante de um ambiente econ\u00f4mico dif\u00edcil, altos custos dom\u00e9sticos, demanda titubeante por ve\u00edculos el\u00e9tricos e aumento da concorr\u00eancia de montadoras chinesas de ve\u00edculos el\u00e9tricos de baixo custo, a gigante automobil\u00edstica alem\u00e3 passou meses negociando maneiras de aumentar sua competitividade com representantes dos trabalhadores no ano passado.<\/p>\n\n\n\n<p>Ap\u00f3s uma s\u00e9rie de greves, <a href=\"https:\/\/investnews.com.br\/negocios\/volkswagen-fecha-acordo-com-sindicatos-para-cortar-35-mil-empregos-ate-2030\/\">a Volkswagen fechou um acordo com o sindicato<\/a> para reduzir sua for\u00e7a de trabalho em mais de 35 mil funcion\u00e1rios e cortar bilh\u00f5es de d\u00f3lares por ano em custos, evitando o fechamento imediato de f\u00e1bricas na Alemanha.<\/p>\n\n\n\n<h2 class=\"wp-block-heading\">F\u00e1brica repaginada<\/h2>\n\n\n\n<p>Como parte dos planos para colocar a marca Volkswagen de volta nos trilhos, a empresa disse nesta quarta que sua principal f\u00e1brica em Wolfsburg vai se tornar um centro importante para a produ\u00e7\u00e3o de uma nova plataforma de carros compactos totalmente el\u00e9tricos, com os ve\u00edculos el\u00e9tricos de baixo custo como a base do caminho futuro da marca.<\/p>\n\n\n\n<p>A VW disse que produzir\u00e1 um novo modelo el\u00e9trico b\u00e1sico em Wolfsburg, que custar\u00e1 cerca de 20 mil euros (em torno de R$ 120 mil) quando come\u00e7ar a produ\u00e7\u00e3o em 2027.<\/p>\n\n\n\n<p>Antes disso, a empresa afirmou que seu primeiro carro pequeno totalmente el\u00e9trico baseado em uma plataforma atualizada chegar\u00e1 \u00e0s concession\u00e1rias no ano que vem e custar\u00e1 menos de 25 mil euros.<\/p>\n\n\n<section class=\"recirculation-area\">\n    <div class=\"container\">\n                <p class=\"title\">Leia mais<\/p>\n     \n            <ul class=\"recirculation-list\" data-tracking-position=\"Leia mais\">\n                            <li class=\"list-item\">\n                    <a \n                        href=\"https:\/\/investnews.com.br\/negocios\/volkswagen-e-stellantis-sao-lideres-no-brasil-mas-vivem-crise-global-o-que-esta-em-jogo\/\" \n                        title=\"Volkswagen e Stellantis, l\u00edderes no Brasil, vivem uma crise global. O que est\u00e1 em jogo?\" \n                        class=\"item-title recirculation-link\"\n                        data-btn-name=\"Volkswagen e Stellantis, l\u00edderes no Brasil, vivem uma crise global. O que est\u00e1 em jogo?\"\n                        data-posicao=\"Leia mais\"\n                        data-click-url=\"https:\/\/investnews.com.br\/negocios\/volkswagen-e-stellantis-sao-lideres-no-brasil-mas-vivem-crise-global-o-que-esta-em-jogo\/\"\n                    >\n                        Volkswagen e Stellantis, l\u00edderes no Brasil, vivem uma crise global. O que est\u00e1 em jogo?                    <\/a>\n                <\/li>\n                            <li class=\"list-item\">\n                    <a \n                        href=\"https:\/\/investnews.com.br\/negocios\/desentendimentos-colocam-fusao-entre-honda-e-nissan-em-xeque\/\" \n                        title=\"Desentendimentos colocam fus\u00e3o entre Honda e Nissan em xeque\" \n                        class=\"item-title recirculation-link\"\n                        data-btn-name=\"Desentendimentos colocam fus\u00e3o entre Honda e Nissan em xeque\"\n                        data-posicao=\"Leia mais\"\n                        data-click-url=\"https:\/\/investnews.com.br\/negocios\/desentendimentos-colocam-fusao-entre-honda-e-nissan-em-xeque\/\"\n                    >\n                        Desentendimentos colocam fus\u00e3o entre Honda e Nissan em xeque                    <\/a>\n                <\/li>\n                    <\/ul>\n    <\/div><\/section>\n\n\n\n<p>\u201cCom a conclus\u00e3o das negocia\u00e7\u00f5es em dezembro, colocamos em movimento o maior plano futuro da hist\u00f3ria da Volkswagen\u201d, disse o executivo-chefe de carros de passageiros da VW, Thomas Schafer, em comunicado. \u201cUm passo importante para isso \u00e9 tornar a mobilidade el\u00e9trica atraente para todos.\u201d<\/p>\n\n\n\n<p>A empresa disse que, em Wolfsburg, est\u00e1 criando espa\u00e7o para tecnologias modernas e introduzindo novos processos de produ\u00e7\u00e3o para tornar a f\u00e1brica seu centro de carros compactos totalmente el\u00e9tricos, al\u00e9m de desenvolver uma plataforma de pr\u00f3xima gera\u00e7\u00e3o que tamb\u00e9m ser\u00e1 usada para outras marcas do grupo.<\/p>\n\n\n\n<p>O objetivo \u00e9 construir o Golf el\u00e9trico de pr\u00f3xima gera\u00e7\u00e3o na nova plataforma, junto com o T-Roc el\u00e9trico.<\/p>\n\n\n\n<p>\u201cAgora, ser\u00e1 crucial trabalhar consistentemente nos preparativos necess\u00e1rios para o sucesso nos pr\u00f3ximos anos\u201d, disse Daniela Cavallo, presidente do Conselho de Empresa da Volkswagen. \u201cA Volkswagen deve definir o curso a seguir em termos de complexidade, procedimentos de trabalho e efeitos de sinergia.\u201d<\/p>\n\n\n\n<p>A empresa disse que estabeleceu uma meta para se tornar a montadora l\u00edder tecnol\u00f3gica global em termos de volume at\u00e9 2030 e, ao mesmo tempo, para fortalecer a competitividade por meio de sinergias de custos e amplia\u00e7\u00e3o de seu portf\u00f3lio de modelos existentes.<\/p>\n\n\n\n<p>O objetivo \u00e9 lan\u00e7ar nove novos modelos at\u00e9 2027.<\/p>\n\n\n\n<p><em>Escreva para Dominic Chopping em dominic.chopping@wsj.com<\/em><\/p>\n","protected":false},"excerpt":{"rendered":"<p>Montadora alem\u00e3 vai modernizar f\u00e1brica e investir em carros el\u00e9tricos, inclusive para modelos j\u00e1 existentes, como o Golf<\/p>\n","protected":false},"author":118,"featured_media":651640,"comment_status":"closed","ping_status":"closed","sticky":false,"template":"","format":"standard","meta":{"_acf_changed":false,"inline_featured_image":false,"footnotes":""},"categories":[103073],"tags":[993,579],"autor-wsj":[102967],"coauthors":[102488],"class_list":["post-651585","post","type-post","status-publish","format-standard","has-post-thumbnail","hentry","category-the-wall-street-journal","tag-alemanha","tag-volkswagen","autor-wsj-dominic-chopping"],"acf":[],"amp_enabled":true,"_links":{"self":[{"href":"https:\/\/investnews.com.br\/inv-api\/wp\/v2\/posts\/651585","targetHints":{"allow":["GET"]}}],"collection":[{"href":"https:\/\/investnews.com.br\/inv-api\/wp\/v2\/posts"}],"about":[{"href":"https:\/\/investnews.com.br\/inv-api\/wp\/v2\/types\/post"}],"author":[{"embeddable":true,"href":"https:\/\/investnews.com.br\/inv-api\/wp\/v2\/users\/118"}],"replies":[{"embeddable":true,"href":"https:\/\/investnews.com.br\/inv-api\/wp\/v2\/comments?post=651585"}],"version-history":[{"count":3,"href":"https:\/\/investnews.com.br\/inv-api\/wp\/v2\/posts\/651585\/revisions"}],"predecessor-version":[{"id":651822,"href":"https:\/\/investnews.com.br\/inv-api\/wp\/v2\/posts\/651585\/revisions\/651822"}],"wp:featuredmedia":[{"embeddable":true,"href":"https:\/\/investnews.com.br\/inv-api\/wp\/v2\/media\/651640"}],"wp:attachment":[{"href":"https:\/\/investnews.com.br\/inv-api\/wp\/v2\/media?parent=651585"}],"wp:term":[{"taxonomy":"category","embeddable":true,"href":"https:\/\/investnews.com.br\/inv-api\/wp\/v2\/categories?post=651585"},{"taxonomy":"post_tag","embeddable":true,"href":"https:\/\/investnews.com.br\/inv-api\/wp\/v2\/tags?post=651585"},{"taxonomy":"autor-wsj","embeddable":true,"href":"https:\/\/investnews.com.br\/inv-api\/wp\/v2\/autor-wsj?post=651585"},{"taxonomy":"author","embeddable":true,"href":"https:\/\/investnews.com.br\/inv-api\/wp\/v2\/coauthors?post=651585"}],"curies":[{"name":"wp","href":"https:\/\/api.w.org\/{rel}","templated":true}]}}