{"id":651608,"date":"2025-02-05T18:48:44","date_gmt":"2025-02-05T21:48:44","guid":{"rendered":"https:\/\/investnews.com.br\/?p=651608"},"modified":"2025-02-06T10:47:20","modified_gmt":"2025-02-06T13:47:20","slug":"volta-do-investidor-estrangeiro-e-trump-ameno-o-que-explica-o-dolar-estar-abaixo-dos-r-580","status":"publish","type":"post","link":"https:\/\/investnews.com.br\/economia\/volta-do-investidor-estrangeiro-e-trump-ameno-o-que-explica-o-dolar-estar-abaixo-dos-r-580\/","title":{"rendered":"Volta de investidores estrangeiros est\u00e1 por tr\u00e1s da queda do d\u00f3lar para a casa de R$ 5,80"},"content":{"rendered":"\n<p>O <a href=\"https:\/\/investnews.com.br\/tag\/dolar\/\" target=\"_blank\" rel=\"noreferrer noopener\">d\u00f3lar<\/a> encerrou na quarta-feira uma longa sequ\u00eancia de 12 quedas, mas ainda n\u00e3o h\u00e1 raz\u00e3o para sustos. A moeda americana subiu apenas 0,37% e permaneceu abaixo dos R$ 5,80, cotado a R$ 5,7935. Desde o dia 17 de janeiro o d\u00f3lar n\u00e3o tinha uma alta contra o real. Nesse per\u00edodo, a cota\u00e7\u00e3o acumulou uma queda de 4,87%. <\/p>\n\n\n\n<p>O que mudou essa mar\u00e9 foi a volta dos investidores estrangeiros nas \u00faltimas semanas. Segundo a B3, houve uma entrada de R$ 6,82 bilh\u00f5es de capital estrangeiro na bolsa em janeiro. Levantamento feito pela consultoria Elos Ayta mostra que esse foi o melhor m\u00eas desde agosto de 2024, quando o volume l\u00edquido atingiu R$ 10,01 bilh\u00f5es.<\/p>\n\n\n<section class=\"recirculation-area\">\n    <div class=\"container\">\n                <p class=\"title\">LEIA MAIS<\/p>\n     \n            <ul class=\"recirculation-list\" data-tracking-position=\"Leia mais\">\n                            <li class=\"list-item\">\n                    <a \n                        href=\"https:\/\/investnews.com.br\/financas\/nunca-foi-tao-simples-investir-no-exterior-entenda-as-varias-modalidades\/\" \n                        title=\"Agora que o d\u00f3lar caiu abaixo de R$ 5,90, j\u00e1 vale aproveitar para investir l\u00e1 fora?\" \n                        class=\"item-title recirculation-link\"\n                        data-btn-name=\"Agora que o d\u00f3lar caiu abaixo de R$ 5,90, j\u00e1 vale aproveitar para investir l\u00e1 fora?\"\n                        data-posicao=\"Leia mais\"\n                        data-click-url=\"https:\/\/investnews.com.br\/financas\/nunca-foi-tao-simples-investir-no-exterior-entenda-as-varias-modalidades\/\"\n                    >\n                        Agora que o d\u00f3lar caiu abaixo de R$ 5,90, j\u00e1 vale aproveitar para investir l\u00e1 fora?                    <\/a>\n                <\/li>\n                            <li class=\"list-item\">\n                    <a \n                        href=\"https:\/\/investnews.com.br\/financas\/como-vender-sem-anunciar-morgan-stanley-ve-diversos-investidores-silenciosos-contra-o-dolar\/\" \n                        title=\"Morgan Stanley prev\u00ea venda maci\u00e7a de d\u00f3lares em troca de outras moedas fortes\" \n                        class=\"item-title recirculation-link\"\n                        data-btn-name=\"Morgan Stanley prev\u00ea venda maci\u00e7a de d\u00f3lares em troca de outras moedas fortes\"\n                        data-posicao=\"Leia mais\"\n                        data-click-url=\"https:\/\/investnews.com.br\/financas\/como-vender-sem-anunciar-morgan-stanley-ve-diversos-investidores-silenciosos-contra-o-dolar\/\"\n                    >\n                        Morgan Stanley prev\u00ea venda maci\u00e7a de d\u00f3lares em troca de outras moedas fortes                    <\/a>\n                <\/li>\n                    <\/ul>\n    <\/div><\/section>\n\n\n\n<p>Esse dado sinaliza um retorno do apetite estrangeiro pelo mercado acion\u00e1rio brasileiro. E isso ajuda a explicar a queda de 6,24% do d\u00f3lar frente ao real no ano e tamb\u00e9m a valoriza\u00e7\u00e3o do Ibovespa, de 4,50%, atualmente em 125.534 pontos.<\/p>\n\n\n\n<p>Apesar do saldo positivo, Einar Ribeiro, diretor da Elos, destaca que o volume total de compras por estrangeiros foi de R$ 289,21 bilh\u00f5es, o menor n\u00edvel desde outubro de 2024. J\u00e1 o volume de vendas somou R$ 282,38 bilh\u00f5es, o mais baixo desde setembro do ano passado. Segundo ele, essa din\u00e2mica sugere uma menor movimenta\u00e7\u00e3o geral no mercado, mas com um saldo l\u00edquido favor\u00e1vel aos ingressos estrangeiros.<\/p>\n\n\n\n<p>\u201cO saldo positivo em janeiro refor\u00e7a a import\u00e2ncia da atratividade da bolsa brasileira diante do cen\u00e1rio macroecon\u00f4mico, mas o menor volume negociado sugere que os investidores ainda monitoram fatores internos e externos antes de ampliar sua exposi\u00e7\u00e3o ao mercado local\u201d, diz Ribeiro ressaltando a import\u00e2ncia de analisar o comportamento do mercado nos pr\u00f3ximos meses.<\/p>\n\n\n\n<p>Outro dado que corrobora esse al\u00edvio foi o fluxo cambial relativo a janeiro. Segundo o Banco Central, houve uma sa\u00edda de US$ 6,700 bilh\u00f5es (sendo US$ 4,6 bilh\u00f5es da conta financeira e US$ 2,1 bilh\u00f5es da comercial). Mas, quando se olha para a \u00faltima semana de janeiro, entre 27 e 31, j\u00e1 houve uma revers\u00e3o desse movimento: nesse per\u00edodo, houve entrada de US$ 1,253 bilh\u00e3o no pa\u00eds.<\/p>\n\n\n\n<h2 class=\"wp-block-heading\">Movimento global<\/h2>\n\n\n\n<p>\u00c9 bom lembrar que n\u00e3o foi s\u00f3 em rela\u00e7\u00e3o ao real que o d\u00f3lar recuou.  E isso aconteceu por causa da leitura de que o in\u00edcio do novo governo de Donald Trump n\u00e3o teria medidas econ\u00f4micas t\u00e3o impactantes como o mercado chegou a antecipar.<\/p>\n\n\n\n<p>Houve um o susto, \u00e9 verdade, com o an\u00fancio no \u00faltimo fim de semana de tarifas dos EUA contra M\u00e9xico, Canad\u00e1 e China. Mas elas foram logo suspensas, deixando a percep\u00e7\u00e3o no mercado de que elas est\u00e3o sendo usadas dentro de uma estrat\u00e9gia de negocia\u00e7\u00e3o e que n\u00e3o ser\u00e3o necessariamente levadas a cabo. Com isso, o d\u00f3lar manteve sua trajet\u00f3ria de queda.<\/p>\n\n\n\n<p>\u201cEssa guerra comercial acabou dando um f\u00f4lego para os pa\u00edses emergentes, que tiveram suas moedas ganhando um pouco de espa\u00e7o\u201d, disse Luc\u00e9lia Freitas Aguiar, especialista em c\u00e2mbio da Manchester Investimentos, para a <em>Reuters<\/em>.<\/p>\n\n\n<section class=\"recirculation-area\">\n    <div class=\"container\">\n                <p class=\"title\">LEIA MAIS<\/p>\n     \n            <ul class=\"recirculation-list\" data-tracking-position=\"Leia mais\">\n                            <li class=\"list-item\">\n                    <a \n                        href=\"https:\/\/investnews.com.br\/the-wall-street-journal\/quase-todo-mundo-esta-de-cabelo-em-pe-com-a-politica-tarifaria-de-trump\/\" \n                        title=\"Quase todo mundo est\u00e1 de cabelo em p\u00e9 com a pol\u00edtica tarif\u00e1ria de Trump\" \n                        class=\"item-title recirculation-link\"\n                        data-btn-name=\"Quase todo mundo est\u00e1 de cabelo em p\u00e9 com a pol\u00edtica tarif\u00e1ria de Trump\"\n                        data-posicao=\"Leia mais\"\n                        data-click-url=\"https:\/\/investnews.com.br\/the-wall-street-journal\/quase-todo-mundo-esta-de-cabelo-em-pe-com-a-politica-tarifaria-de-trump\/\"\n                    >\n                        Quase todo mundo est\u00e1 de cabelo em p\u00e9 com a pol\u00edtica tarif\u00e1ria de Trump                    <\/a>\n                <\/li>\n                            <li class=\"list-item\">\n                    <a \n                        href=\"https:\/\/investnews.com.br\/economia\/trump-suspendera-tarifas-ao-canada-por-pelo-menos-30-dias-diz-trudeau\/\" \n                        title=\"Trump suspender\u00e1 tarifas ao Canad\u00e1 por 30 dias, como fez com o M\u00e9xico\" \n                        class=\"item-title recirculation-link\"\n                        data-btn-name=\"Trump suspender\u00e1 tarifas ao Canad\u00e1 por 30 dias, como fez com o M\u00e9xico\"\n                        data-posicao=\"Leia mais\"\n                        data-click-url=\"https:\/\/investnews.com.br\/economia\/trump-suspendera-tarifas-ao-canada-por-pelo-menos-30-dias-diz-trudeau\/\"\n                    >\n                        Trump suspender\u00e1 tarifas ao Canad\u00e1 por 30 dias, como fez com o M\u00e9xico                    <\/a>\n                <\/li>\n                    <\/ul>\n    <\/div><\/section>\n\n\n\n<p>No \u00faltimo dia da sequ\u00eancia de queda, o d\u00f3lar foi puxado pela divulga\u00e7\u00e3o de n\u00fameros sobre o mercado de trabalho nos EUA, com dados do relat\u00f3rio Jolts de que as vagas de emprego em aberto \u2014 uma medida da demanda por m\u00e3o de obra \u2014 diminu\u00edram em 556.000, para 7,6 milh\u00f5es no \u00faltimo dia de dezembro.<\/p>\n\n\n\n<p>Os n\u00fameros sugeriram que o mercado de trabalho dos EUA pode estar desaquecendo, o que \u00e9 uma boa not\u00edcia sob o ponto de vista do controle da infla\u00e7\u00e3o \u2014 da\u00ed a perda de for\u00e7a dos rendimentos dos Treasuries e, em paralelo, do d\u00f3lar ante v\u00e1rias divisas.<\/p>\n\n\n\n<h2 class=\"wp-block-heading\">D\u00f3lar hoje<\/h2>\n\n\n\n<p>Nesta quarta, o d\u00f3lar chegou a esbo\u00e7ar uma nova queda no in\u00edcio do dia, mas virou para alta com investidores realizando lucros e recompondo posi\u00e7\u00f5es compradas na moeda americana ap\u00f3s os recuos recentes<\/p>\n\n\n\n<p>De acordo com o head de <a href=\"https:\/\/investnews.com.br\/guias\/renda-variavel-o-que-e-e-como-investir\/\">renda vari\u00e1vel<\/a> da Veedha Investimentos, Rodrigo Moliterno, n\u00e3o surgiu nenhum fato \u201cefetivamente concreto\u201d que justificasse a alta do d\u00f3lar ante o real, a n\u00e3o ser uma \u201ccorre\u00e7\u00e3o depois de 12 dias de recuo\u201d.<\/p>\n\n\n\n<p>\u201cN\u00e3o que este seja um sinal de revers\u00e3o de tend\u00eancia. Acho que a tend\u00eancia deve continuar\u2026 (sendo) de queda\u201d, acrescentou.<\/p>\n\n\n\n<p><em>(Com informa\u00e7\u00f5es da Reuters)<\/em><\/p>\n","protected":false},"excerpt":{"rendered":"<p>Foram 12 sess\u00f5es seguidas de queda em um cen\u00e1rio de maior fluxo estrangeiro na B3 desde agosto de 2024<\/p>\n","protected":false},"author":138,"featured_media":649862,"comment_status":"closed","ping_status":"closed","sticky":false,"template":"","format":"standard","meta":{"_acf_changed":false,"inline_featured_image":false,"footnotes":""},"categories":[5],"tags":[56,26],"autor-wsj":[],"coauthors":[103008],"class_list":["post-651608","post","type-post","status-publish","format-standard","has-post-thumbnail","hentry","category-economia","tag-banco-central","tag-dolar"],"acf":[],"amp_enabled":true,"_links":{"self":[{"href":"https:\/\/investnews.com.br\/inv-api\/wp\/v2\/posts\/651608","targetHints":{"allow":["GET"]}}],"collection":[{"href":"https:\/\/investnews.com.br\/inv-api\/wp\/v2\/posts"}],"about":[{"href":"https:\/\/investnews.com.br\/inv-api\/wp\/v2\/types\/post"}],"author":[{"embeddable":true,"href":"https:\/\/investnews.com.br\/inv-api\/wp\/v2\/users\/138"}],"replies":[{"embeddable":true,"href":"https:\/\/investnews.com.br\/inv-api\/wp\/v2\/comments?post=651608"}],"version-history":[{"count":11,"href":"https:\/\/investnews.com.br\/inv-api\/wp\/v2\/posts\/651608\/revisions"}],"predecessor-version":[{"id":651737,"href":"https:\/\/investnews.com.br\/inv-api\/wp\/v2\/posts\/651608\/revisions\/651737"}],"wp:featuredmedia":[{"embeddable":true,"href":"https:\/\/investnews.com.br\/inv-api\/wp\/v2\/media\/649862"}],"wp:attachment":[{"href":"https:\/\/investnews.com.br\/inv-api\/wp\/v2\/media?parent=651608"}],"wp:term":[{"taxonomy":"category","embeddable":true,"href":"https:\/\/investnews.com.br\/inv-api\/wp\/v2\/categories?post=651608"},{"taxonomy":"post_tag","embeddable":true,"href":"https:\/\/investnews.com.br\/inv-api\/wp\/v2\/tags?post=651608"},{"taxonomy":"autor-wsj","embeddable":true,"href":"https:\/\/investnews.com.br\/inv-api\/wp\/v2\/autor-wsj?post=651608"},{"taxonomy":"author","embeddable":true,"href":"https:\/\/investnews.com.br\/inv-api\/wp\/v2\/coauthors?post=651608"}],"curies":[{"name":"wp","href":"https:\/\/api.w.org\/{rel}","templated":true}]}}