{"id":652245,"date":"2025-02-10T08:11:52","date_gmt":"2025-02-10T11:11:52","guid":{"rendered":"https:\/\/investnews.com.br\/?p=652245"},"modified":"2025-02-10T17:11:16","modified_gmt":"2025-02-10T20:11:16","slug":"trump-vai-anunciar-hoje-tarifas-de-25-sobre-aco-e-aluminio-brasil-sera-um-dos-maiores-atingidos","status":"publish","type":"post","link":"https:\/\/investnews.com.br\/economia\/trump-vai-anunciar-hoje-tarifas-de-25-sobre-aco-e-aluminio-brasil-sera-um-dos-maiores-atingidos\/","title":{"rendered":"Trump vai anunciar hoje tarifas de 25% sobre a\u00e7o e alum\u00ednio. Brasil ser\u00e1 um dos maiores atingidos"},"content":{"rendered":"\n<p>O presidente Donald Trump planeja impor tarifas de 25% sobre todas as importa\u00e7\u00f5es de a\u00e7o e alum\u00ednio para os EUA, ampliando suas restri\u00e7\u00f5es comerciais para alguns dos principais parceiros comerciais do pa\u00eds. A medida busca proteger as ind\u00fastrias nacionais que ajudaram Trump a vencer a elei\u00e7\u00e3o presidencial em estados-chave no ano passado.<\/p>\n\n\n\n<p>Falando com rep\u00f3rteres no Air Force One, no domingo, Trump disse que as tarifas se aplicariam \u00e0s importa\u00e7\u00f5es de ambos os metais de todos os pa\u00edses, incluindo os principais fornecedores M\u00e9xico e Canad\u00e1. Ele n\u00e3o especificou quando as taxas entrariam em vigor.<\/p>\n\n\n\n<p>O presidente tamb\u00e9m disse que anunciaria tarifas rec\u00edprocas esta semana sobre pa\u00edses que tributam importa\u00e7\u00f5es dos EUA. As tarifas seriam promulgadas \u201cquase imediatamente\u201d ap\u00f3s um an\u00fancio, Trump afirmou, sem fornecer mais detalhes.<\/p>\n\n\n\n<p>Em 2024, o Brasil foi o terceiro maior fornecedor de a\u00e7o para Estados Unidos, em volume, segundo dados do Departamento de Com\u00e9rcio americano, atr\u00e1s de Canad\u00e1 e M\u00e9xico. Quase metade, ou 48% do a\u00e7o exportado pelo Brasil, tem os EUA como destino. As vendas para o mercado americano do alum\u00ednio brasileiro representam 14% das exporta\u00e7\u00f5es da commodity. As exporta\u00e7\u00f5es brasileiras de ferro e a\u00e7o aos EUA alcan\u00e7aram US$ 4,7 bilh\u00f5es no ano passado, s\u00f3 considerando os produtos semi-acabados, como lingotes:<\/p>\n\n\n\n<div class=\"flourish-embed flourish-chart\" data-src=\"visualisation\/21452752?1266799\"><script src=\"https:\/\/public.flourish.studio\/resources\/embed.js\"><\/script><noscript><img decoding=\"async\" src=\"https:\/\/public.flourish.studio\/visualisation\/21452752\/thumbnail\" width=\"100%\" alt=\"chart visualization\" \/><\/noscript><\/div>\n\n\n\n<p>A decis\u00e3o de domingo \u00e9 a mais recente de uma s\u00e9rie de amea\u00e7as de Trump sobre tarifas em pa\u00edses e setores espec\u00edficos que abalaram os mercados nas \u00faltimas semanas. No entanto, n\u00e3o se sabe se ele seguir\u00e1 at\u00e9 o fim com a medida \u2014 ele anunciou, mas depois pausou tarifas sobre o Canad\u00e1 e M\u00e9xico, enquanto prosseguia com uma taxa de 10% sobre todas as remessas da China.<\/p>\n\n\n\n<p>Os EUA dependem de importa\u00e7\u00f5es de alum\u00ednio de pa\u00edses como o Canad\u00e1, os Emirados \u00c1rabes Unidos e o M\u00e9xico, para atender \u00e0 vasta maioria da demanda \u2014 as importa\u00e7\u00f5es l\u00edquidas somaram mais de 80% em 2023, de acordo com o Morgan Stanley. As importa\u00e7\u00f5es de a\u00e7o representam uma menor parcela do consumo geral, mas s\u00e3o vitais para setores que dependem de ligas especiais, incluindo o aeroespacial, a fabrica\u00e7\u00e3o de autom\u00f3veis e energia, abrangendo desde desenvolvedores de energia e\u00f3lica a perfuradores de petr\u00f3leo.<\/p>\n\n\n<section class=\"recirculation-area\">\n    <div class=\"container\">\n                <p class=\"title\">LEIA MAIS<\/p>\n     \n            <ul class=\"recirculation-list\" data-tracking-position=\"Leia mais\">\n                            <li class=\"list-item\">\n                    <a \n                        href=\"https:\/\/investnews.com.br\/economia\/governo-estuda-reacao-se-trump-impuser-tarifas-sobre-as-exportacoes-brasileiras\/\" \n                        title=\"Governo prepara rea\u00e7\u00e3o se Trump taxar as exporta\u00e7\u00f5es do Brasil\" \n                        class=\"item-title recirculation-link\"\n                        data-btn-name=\"Governo prepara rea\u00e7\u00e3o se Trump taxar as exporta\u00e7\u00f5es do Brasil\"\n                        data-posicao=\"Leia mais\"\n                        data-click-url=\"https:\/\/investnews.com.br\/economia\/governo-estuda-reacao-se-trump-impuser-tarifas-sobre-as-exportacoes-brasileiras\/\"\n                    >\n                        Governo prepara rea\u00e7\u00e3o se Trump taxar as exporta\u00e7\u00f5es do Brasil                    <\/a>\n                <\/li>\n                    <\/ul>\n    <\/div><\/section>\n\n\n\n<p>Algumas empresas de petr\u00f3leo ganharam isen\u00e7\u00f5es de tarifas sobre o metal durante o primeiro mandato de Trump.<\/p>\n\n\n\n<p>\u201cEsta rodada de tarifas de 25% sobre o a\u00e7o \u00e9 definitivamente negativa para o sentimento do mercado em rela\u00e7\u00e3o \u00e0s <a href=\"https:\/\/investnews.com.br\/guias\/commodities-o-que-sao\/\">commodities<\/a> ferrosas. Pode levar de dois a tr\u00eas dias para o mercado digerir o enfraquecimento dos pre\u00e7os\u201d, disse Mengtian Jiang, analista na consultoria Horizon Insights.<\/p>\n\n\n\n<p>Muitos compradores e vendedores de a\u00e7o e alum\u00ednio esperavam que teriam pelo menos at\u00e9 mar\u00e7o para se preparar para qualquer implementa\u00e7\u00e3o tarif\u00e1ria. Ambos os lados agora ter\u00e3o que se esfor\u00e7ar para encontrar novos mercados e fornecedores.<\/p>\n\n\n\n<div class=\"flourish-embed flourish-chart\" data-src=\"visualisation\/21290177?1266799\"><script src=\"https:\/\/public.flourish.studio\/resources\/embed.js\"><\/script><noscript><img decoding=\"async\" src=\"https:\/\/public.flourish.studio\/visualisation\/21290177\/thumbnail\" width=\"100%\" alt=\"chart visualization\" \/><\/noscript><\/div>\n\n\n\n<h2 class=\"wp-block-heading\">Conflito com a Uni\u00e3o Europeia<\/h2>\n\n\n\n<p>Para a Uni\u00e3o Europeia, a luta sobre as tarifas americanas sobre metais come\u00e7ou em 2018 durante o primeiro mandato de Trump, quando os EUA atingiram quase US$ 7 bilh\u00f5es em exporta\u00e7\u00f5es europeias de a\u00e7o e alum\u00ednio com impostos, citando preocupa\u00e7\u00f5es com a seguran\u00e7a nacional.<\/p>\n\n\n\n<p>O bloco de 27 na\u00e7\u00f5es retaliou mirando empresas politicamente sens\u00edveis com taxas retaliat\u00f3rias, incluindo motocicletas da Harley-Davidson, e jeans da Levi Strauss &amp; Co.<\/p>\n\n\n\n<p>Os dois lados concordaram com uma tr\u00e9gua tempor\u00e1ria em 2021, quando os EUA removeram parcialmente suas medidas e introduziram um conjunto de cotas tarif\u00e1rias acima das quais as taxas sobre os metais eram aplicadas, enquanto a UE congelou todas as suas medidas restritivas.<\/p>\n\n\n\n<p>Na segunda-feira, a Comiss\u00e3o Europeia disse que n\u00e3o responder\u00e1 at\u00e9 ter mais detalhes sobre as medidas planejadas. Contudo, um porta-voz da comiss\u00e3o disse que a imposi\u00e7\u00e3o de taxas \u201cseria ilegal e economicamente contraproducente\u201d.<\/p>\n\n\n\n<div class=\"flourish-embed flourish-hierarchy\" data-src=\"visualisation\/21453373?1266799\"><script src=\"https:\/\/public.flourish.studio\/resources\/embed.js\"><\/script><noscript><img decoding=\"async\" src=\"https:\/\/public.flourish.studio\/visualisation\/21453373\/thumbnail\" width=\"100%\" alt=\"hierarchy visualization\" \/><\/noscript><\/div>\n\n\n\n<h2 class=\"wp-block-heading\">Asi\u00e1ticos em busca de novos mercados<\/h2>\n\n\n\n<p>Na \u00c1sia, exportadores como a Coreia do Sul, que vende tanto alum\u00ednio quanto a\u00e7o para os EUA, j\u00e1 est\u00e3o buscando outros mercados. As remessas de a\u00e7o da Coreia do Sul s\u00e3o atualmente cerca de 70% da m\u00e9dia anual para 2015-2017, antes da primeira onda de tarifas comerciais de Trump, embora em valor, os EUA continuem sendo o maior destino para seu a\u00e7o. O minist\u00e9rio do Com\u00e9rcio do pa\u00eds disse que estava monitorando de perto a situa\u00e7\u00e3o dos EUA.<\/p>\n\n\n\n<p>Trump n\u00e3o esclareceu se as importa\u00e7\u00f5es de metal da China enfrentariam tarifas duplas, j\u00e1 que ele j\u00e1 imp\u00f4s uma tarifa de 10% sobre os produtos chineses.<\/p>\n\n\n\n<p>Em resposta ao imposto geral, Pequim anunciou na semana passada medidas retaliat\u00f3rias que entrariam em vigor na segunda-feira.<\/p>\n\n\n<section class=\"recirculation-area\">\n    <div class=\"container\">\n                <p class=\"title\">LEIA MAIS<\/p>\n     \n            <ul class=\"recirculation-list\" data-tracking-position=\"Leia mais\">\n                            <li class=\"list-item\">\n                    <a \n                        href=\"https:\/\/investnews.com.br\/economia\/trump-fala-em-reciprocidade-e-prepara-nova-rodada-de-tarifas-comerciais\/\" \n                        title=\"Trump fala em reciprocidade e prepara nova rodada de tarifas comerciais\" \n                        class=\"item-title recirculation-link\"\n                        data-btn-name=\"Trump fala em reciprocidade e prepara nova rodada de tarifas comerciais\"\n                        data-posicao=\"Leia mais\"\n                        data-click-url=\"https:\/\/investnews.com.br\/economia\/trump-fala-em-reciprocidade-e-prepara-nova-rodada-de-tarifas-comerciais\/\"\n                    >\n                        Trump fala em reciprocidade e prepara nova rodada de tarifas comerciais                    <\/a>\n                <\/li>\n                    <\/ul>\n    <\/div><\/section>\n\n\n\n<p>\u201cO protecionismo n\u00e3o leva a lugar nenhum, e guerras comerciais e tarif\u00e1rias n\u00e3o t\u00eam vencedores\u201d, disse o porta-voz do Minist\u00e9rio das Rela\u00e7\u00f5es Exteriores da China, Guo Jiakun, na segunda-feira. Ele direcionou perguntas sobre as tarifas de Trump a outras autoridades. O Minist\u00e9rio do Com\u00e9rcio chin\u00eas n\u00e3o respondeu imediatamente aos pedidos de coment\u00e1rio.<\/p>\n\n\n\n<p>O primeiro-ministro australiano, Anthony Albanese, disse ao parlamento na segunda-feira que tinha uma conversa agendada com Trump e que buscaria uma isen\u00e7\u00e3o para as exporta\u00e7\u00f5es australianas de a\u00e7o e alum\u00ednio.<\/p>\n","protected":false},"excerpt":{"rendered":"<p>As tarifas se aplicariam \u00e0s importa\u00e7\u00f5es de ambos os metais de todos os pa\u00edses<\/p>\n","protected":false},"author":76,"featured_media":652366,"comment_status":"closed","ping_status":"closed","sticky":false,"template":"","format":"standard","meta":{"_acf_changed":false,"inline_featured_image":false,"footnotes":""},"categories":[5],"tags":[],"autor-wsj":[],"coauthors":[101325],"class_list":["post-652245","post","type-post","status-publish","format-standard","has-post-thumbnail","hentry","category-economia"],"acf":[],"amp_enabled":true,"_links":{"self":[{"href":"https:\/\/investnews.com.br\/inv-api\/wp\/v2\/posts\/652245","targetHints":{"allow":["GET"]}}],"collection":[{"href":"https:\/\/investnews.com.br\/inv-api\/wp\/v2\/posts"}],"about":[{"href":"https:\/\/investnews.com.br\/inv-api\/wp\/v2\/types\/post"}],"author":[{"embeddable":true,"href":"https:\/\/investnews.com.br\/inv-api\/wp\/v2\/users\/76"}],"replies":[{"embeddable":true,"href":"https:\/\/investnews.com.br\/inv-api\/wp\/v2\/comments?post=652245"}],"version-history":[{"count":10,"href":"https:\/\/investnews.com.br\/inv-api\/wp\/v2\/posts\/652245\/revisions"}],"predecessor-version":[{"id":652398,"href":"https:\/\/investnews.com.br\/inv-api\/wp\/v2\/posts\/652245\/revisions\/652398"}],"wp:featuredmedia":[{"embeddable":true,"href":"https:\/\/investnews.com.br\/inv-api\/wp\/v2\/media\/652366"}],"wp:attachment":[{"href":"https:\/\/investnews.com.br\/inv-api\/wp\/v2\/media?parent=652245"}],"wp:term":[{"taxonomy":"category","embeddable":true,"href":"https:\/\/investnews.com.br\/inv-api\/wp\/v2\/categories?post=652245"},{"taxonomy":"post_tag","embeddable":true,"href":"https:\/\/investnews.com.br\/inv-api\/wp\/v2\/tags?post=652245"},{"taxonomy":"autor-wsj","embeddable":true,"href":"https:\/\/investnews.com.br\/inv-api\/wp\/v2\/autor-wsj?post=652245"},{"taxonomy":"author","embeddable":true,"href":"https:\/\/investnews.com.br\/inv-api\/wp\/v2\/coauthors?post=652245"}],"curies":[{"name":"wp","href":"https:\/\/api.w.org\/{rel}","templated":true}]}}