{"id":652321,"date":"2025-02-10T15:39:18","date_gmt":"2025-02-10T18:39:18","guid":{"rendered":"https:\/\/investnews.com.br\/?p=652321"},"modified":"2025-02-10T15:39:19","modified_gmt":"2025-02-10T18:39:19","slug":"montadoras-tem-melhor-janeiro-em-producao-no-brasil-desde-2021","status":"publish","type":"post","link":"https:\/\/investnews.com.br\/economia\/montadoras-tem-melhor-janeiro-em-producao-no-brasil-desde-2021\/","title":{"rendered":"Montadoras t\u00eam melhor janeiro em produ\u00e7\u00e3o no Brasil desde 2021"},"content":{"rendered":"\n<p>A ind\u00fastria brasileira de ve\u00edculos produziu em janeiro o maior volume para o m\u00eas desde 2021, ficando em linha com expectativas do setor para o ano, afirmou nesta segunda-feira a associa\u00e7\u00e3o de montadoras instaladas no pa\u00eds, Anfavea.<\/p>\n\n\n\n<p>A produ\u00e7\u00e3o de carros, comerciais leves, caminh\u00f5es e \u00f4nibus no m\u00eas passado somou 175,5 mil unidades, crescimento de 15,1% sobre o desempenho de 2024.<\/p>\n\n\n\n<p>O crescimento ocorreu em meio a uma expans\u00e3o das vendas no mercado interno e das exporta\u00e7\u00f5es na mesma compara\u00e7\u00e3o.<\/p>\n\n\n\n<p>Os emplacamentos no Brasil em janeiro somaram 171,2 mil unidades, expans\u00e3o anual de 6% e marcando o terceiro ano consecutivo de aumento de vendas no pa\u00eds para o m\u00eas. J\u00e1 as exporta\u00e7\u00f5es saltaram 52%, para 28,7 mil ve\u00edculos, em meio a um fraco desempenho do setor no ano passado.<\/p>\n\n\n<section class=\"recirculation-area\">\n    <div class=\"container\">\n                <p class=\"title\">LEIA MAIS <\/p>\n     \n            <ul class=\"recirculation-list\" data-tracking-position=\"Leia mais\">\n                            <li class=\"list-item\">\n                    <a \n                        href=\"https:\/\/investnews.com.br\/negocios\/vendas-fracas-da-honda-e-nissan-sao-mais-um-argumento-a-favor-da-uniao-das-montadoras\/\" \n                        title=\"Vendas fracas da Honda e Nissan s\u00e3o mais um argumento a favor da uni\u00e3o das montadoras\" \n                        class=\"item-title recirculation-link\"\n                        data-btn-name=\"Vendas fracas da Honda e Nissan s\u00e3o mais um argumento a favor da uni\u00e3o das montadoras\"\n                        data-posicao=\"Leia mais\"\n                        data-click-url=\"https:\/\/investnews.com.br\/negocios\/vendas-fracas-da-honda-e-nissan-sao-mais-um-argumento-a-favor-da-uniao-das-montadoras\/\"\n                    >\n                        Vendas fracas da Honda e Nissan s\u00e3o mais um argumento a favor da uni\u00e3o das montadoras                    <\/a>\n                <\/li>\n                            <li class=\"list-item\">\n                    <a \n                        href=\"https:\/\/investnews.com.br\/negocios\/setor-de-veiculos-do-brasil-prepara-pedido-de-antidumping-contra-montadoras-chinesas\/\" \n                        title=\"Setor de ve\u00edculos do Brasil prepara pedido de antidumping contra montadoras chinesas\" \n                        class=\"item-title recirculation-link\"\n                        data-btn-name=\"Setor de ve\u00edculos do Brasil prepara pedido de antidumping contra montadoras chinesas\"\n                        data-posicao=\"Leia mais\"\n                        data-click-url=\"https:\/\/investnews.com.br\/negocios\/setor-de-veiculos-do-brasil-prepara-pedido-de-antidumping-contra-montadoras-chinesas\/\"\n                    >\n                        Setor de ve\u00edculos do Brasil prepara pedido de antidumping contra montadoras chinesas                    <\/a>\n                <\/li>\n                    <\/ul>\n    <\/div><\/section>\n\n\n\n<p><\/p>\n\n\n\n<p>&#8220;A base de exporta\u00e7\u00e3o \u00e9 muito fraca porque janeiro de 2024 foi muito ruim para as exporta\u00e7\u00f5es&#8221;, disse o presidente da Anfavea, Marcio de Lima Leite, em entrevista a jornalistas.<\/p>\n\n\n\n<p>&#8220;A novidade \u00e9 que o mercado argentino cresceu em janeiro 103% sobre um ano antes&#8230; pode chegar a 550 mil a 600 mil unidades (este ano)&#8221;, afirmou Leite, acrescentando que o mercado argentino &#8212; o principal para as exporta\u00e7\u00f5es brasileiras do setor &#8212; teve vendas de apenas 300 mil unidades nos \u00faltimos anos.<\/p>\n\n\n\n<p>A Anfavea estima alta de 5,6% nas vendas de ve\u00edculos novos no Brasil este ano e crescimento de 6,8% na produ\u00e7\u00e3o. Para as exporta\u00e7\u00f5es, a previs\u00e3o \u00e9 de expans\u00e3o de 6,2%.<\/p>\n\n\n\n<h2 class=\"wp-block-heading\">Guerra comercial<\/h2>\n\n\n\n<p>\u00a0Segundo a entidade, as importa\u00e7\u00f5es de ve\u00edculos em janeiro somaram 39,3 mil unidades, expans\u00e3o de quase 25% ante o mesmo m\u00eas de 2024. Isso levou a uma participa\u00e7\u00e3o de 23% de ve\u00edculos importados no total vendido no pa\u00eds em janeiro, a maior taxa desde mar\u00e7o de 2012.<\/p>\n\n\n\n<p>Leite afirmou que a Anfavea segue discutindo com o governo federal a antecipa\u00e7\u00e3o da volta total do imposto de importa\u00e7\u00e3o de 35% j\u00e1 neste primeiro trimestre. Pelas regras atuais, a taxa\u00e7\u00e3o s\u00f3 deveria voltar aos 35% em julho de 2026.<\/p>\n\n\n\n<p>Em parte devido a esse crescimento das importa\u00e7\u00f5es, a participa\u00e7\u00e3o dos ve\u00edculos el\u00e9tricos e h\u00edbridos no total de carros vendido no pa\u00eds chegou aos 10% pela primeira vez, segundo os dados Anfavea.<\/p>\n\n\n\n<p>O total de ve\u00edculos eletrificados &#8212; h\u00edbridos e totalmente el\u00e9tricos &#8212; em janeiro foi de 16,5 mil unidades, acima das 12 mil de um ano antes. Em janeiro de 2024 a fatia do segmento no total emplacado era de 8%.<\/p>\n\n\n\n<p>Questionado sobre o an\u00fancio neste final de semana do presidente dos Estados Unidos, Donald Trump, sobre a imposi\u00e7\u00e3o de sobretaxa de importa\u00e7\u00e3o de 25% sobre a\u00e7o, o presidente da Anfavea afirmou que o setor automotivo acompanha o assunto &#8220;com bastante cautela&#8221; e defendeu uma &#8220;aproxima\u00e7\u00e3o da diplomacia brasileira com o governo&#8221; norte-americano e tamb\u00e9m com o argentino.<\/p>\n\n\n\n<p>Em meio \u00e0 guerra comercial retomada por Trump, as exporta\u00e7\u00f5es de ve\u00edculos do Brasil para o M\u00e9xico ca\u00edram 80% em janeiro sobre um ano antes, para 778 unidades.<\/p>\n\n\n\n<p>&#8220;Tivemos alguns produtos que s\u00e3o destinados para o M\u00e9xico com produ\u00e7\u00e3o mais restrita no final de 2024 e agora no in\u00edcio deste ano&#8221;, disse Leite. &#8220;Mas tamb\u00e9m o pr\u00f3prio M\u00e9xico est\u00e1 trabalhando bastante para abastecer seu pr\u00f3prio mercado local&#8230; O Brasil perdeu participa\u00e7\u00e3o&#8230; por entrada de outros pa\u00edses no M\u00e9xico&#8221;, acrescentou.<\/p>\n\n\n\n<p>A ind\u00fastria brasileira de ve\u00edculos terminou janeiro com 235,5 mil unidades em estoque &#8212; entre montadoras e concession\u00e1rias &#8212; praticamente est\u00e1vel ante dezembro e equivalente a 41 dias de vendas. O dado n\u00e3o inclui os ve\u00edculos importados que aguardam em portos brasileiros libera\u00e7\u00e3o para comercializa\u00e7\u00e3o&nbsp;no&nbsp;pa\u00eds.<\/p>\n\n\n\n<p>(Por Alberto Alerigi Jr.Edi\u00e7\u00e3o de Pedro Fonseca)<\/p>\n","protected":false},"excerpt":{"rendered":"<p>Crescimento ocorreu em meio a uma expans\u00e3o das vendas no mercado interno e das exporta\u00e7\u00f5es na mesma compara\u00e7\u00e3o<\/p>\n","protected":false},"author":61,"featured_media":531613,"comment_status":"closed","ping_status":"closed","sticky":false,"template":"","format":"standard","meta":{"_acf_changed":false,"inline_featured_image":false,"footnotes":""},"categories":[5,6],"tags":[864,817,102288],"autor-wsj":[],"coauthors":[2494],"class_list":["post-652321","post","type-post","status-publish","format-standard","has-post-thumbnail","hentry","category-economia","category-negocios","tag-montadoras","tag-producao-industrial","tag-reuters"],"acf":[],"amp_enabled":true,"_links":{"self":[{"href":"https:\/\/investnews.com.br\/inv-api\/wp\/v2\/posts\/652321","targetHints":{"allow":["GET"]}}],"collection":[{"href":"https:\/\/investnews.com.br\/inv-api\/wp\/v2\/posts"}],"about":[{"href":"https:\/\/investnews.com.br\/inv-api\/wp\/v2\/types\/post"}],"author":[{"embeddable":true,"href":"https:\/\/investnews.com.br\/inv-api\/wp\/v2\/users\/61"}],"replies":[{"embeddable":true,"href":"https:\/\/investnews.com.br\/inv-api\/wp\/v2\/comments?post=652321"}],"version-history":[{"count":1,"href":"https:\/\/investnews.com.br\/inv-api\/wp\/v2\/posts\/652321\/revisions"}],"predecessor-version":[{"id":652351,"href":"https:\/\/investnews.com.br\/inv-api\/wp\/v2\/posts\/652321\/revisions\/652351"}],"wp:featuredmedia":[{"embeddable":true,"href":"https:\/\/investnews.com.br\/inv-api\/wp\/v2\/media\/531613"}],"wp:attachment":[{"href":"https:\/\/investnews.com.br\/inv-api\/wp\/v2\/media?parent=652321"}],"wp:term":[{"taxonomy":"category","embeddable":true,"href":"https:\/\/investnews.com.br\/inv-api\/wp\/v2\/categories?post=652321"},{"taxonomy":"post_tag","embeddable":true,"href":"https:\/\/investnews.com.br\/inv-api\/wp\/v2\/tags?post=652321"},{"taxonomy":"autor-wsj","embeddable":true,"href":"https:\/\/investnews.com.br\/inv-api\/wp\/v2\/autor-wsj?post=652321"},{"taxonomy":"author","embeddable":true,"href":"https:\/\/investnews.com.br\/inv-api\/wp\/v2\/coauthors?post=652321"}],"curies":[{"name":"wp","href":"https:\/\/api.w.org\/{rel}","templated":true}]}}