{"id":652603,"date":"2025-02-11T11:55:14","date_gmt":"2025-02-11T14:55:14","guid":{"rendered":"https:\/\/investnews.com.br\/?p=652603"},"modified":"2025-02-11T12:30:26","modified_gmt":"2025-02-11T15:30:26","slug":"setor-do-aluminio-do-brasil-pede-intensificacao-nos-mecanismos-de-defesa-comercial-do-pais","status":"publish","type":"post","link":"https:\/\/investnews.com.br\/economia\/setor-do-aluminio-do-brasil-pede-intensificacao-nos-mecanismos-de-defesa-comercial-do-pais\/","title":{"rendered":"Setor do alum\u00ednio do Brasil pede maior prote\u00e7\u00e3o nos mecanismos de defesa comercial do pa\u00eds"},"content":{"rendered":"\n<p>S\u00c3O PAULO (Reuters) &#8211; A ind\u00fastria do alum\u00ednio no Brasil defendeu nesta ter\u00e7a-feira intensifica\u00e7\u00e3o nos mecanismos de defesa comercial do pa\u00eds, em meio \u00e0 expectativa de que o aumento da tarifa de importa\u00e7\u00e3o dos Estados Unidos anunciada nesta semana provoque desvios nos fluxos internacionais do metal.<\/p>\n\n\n\n<p>A Associa\u00e7\u00e3o Brasileira do Alum\u00ednio (Abal) afirmou que os EUA absorvem 17% das exporta\u00e7\u00f5es brasileiras do metal, tendo movimentado US$267 milh\u00f5es do total de US$1,5 bilh\u00e3o exportado pelo setor em 2024.<\/p>\n\n\n\n<p>&#8220;Al\u00e9m dos impactos na balan\u00e7a comercial, preocupa ainda mais os efeitos indiretos associados ao aumento da exposi\u00e7\u00e3o do Brasil aos desvios de com\u00e9rcio e \u00e0 concorr\u00eancia desleal&#8221;, afirmou a Abal em comunicado.<\/p>\n\n\n<section class=\"recirculation-area\">\n    <div class=\"container\">\n                <p class=\"title\">LEIA MAIS <\/p>\n     \n            <ul class=\"recirculation-list\" data-tracking-position=\"Leia mais\">\n                            <li class=\"list-item\">\n                    <a \n                        href=\"https:\/\/investnews.com.br\/economia\/trump-assina-ordem-para-tarifar-em-25-todas-as-importacoes-de-aco-e-aluminio\/\" \n                        title=\"Trump assina ordem para tarifar em 25% todas as importa\u00e7\u00f5es de a\u00e7o e alum\u00ednio\" \n                        class=\"item-title recirculation-link\"\n                        data-btn-name=\"Trump assina ordem para tarifar em 25% todas as importa\u00e7\u00f5es de a\u00e7o e alum\u00ednio\"\n                        data-posicao=\"Leia mais\"\n                        data-click-url=\"https:\/\/investnews.com.br\/economia\/trump-assina-ordem-para-tarifar-em-25-todas-as-importacoes-de-aco-e-aluminio\/\"\n                    >\n                        Trump assina ordem para tarifar em 25% todas as importa\u00e7\u00f5es de a\u00e7o e alum\u00ednio                    <\/a>\n                <\/li>\n                            <li class=\"list-item\">\n                    <a \n                        href=\"https:\/\/investnews.com.br\/economia\/haddad-nega-taxar-empresas-de-tecnologia-se-trump-adotar-tarifas-sobre-aco\/\" \n                        title=\"Haddad nega taxar empresas de tecnologia se Trump adotar tarifas sobre a\u00e7o\" \n                        class=\"item-title recirculation-link\"\n                        data-btn-name=\"Haddad nega taxar empresas de tecnologia se Trump adotar tarifas sobre a\u00e7o\"\n                        data-posicao=\"Leia mais\"\n                        data-click-url=\"https:\/\/investnews.com.br\/economia\/haddad-nega-taxar-empresas-de-tecnologia-se-trump-adotar-tarifas-sobre-aco\/\"\n                    >\n                        Haddad nega taxar empresas de tecnologia se Trump adotar tarifas sobre a\u00e7o                    <\/a>\n                <\/li>\n                    <\/ul>\n    <\/div><\/section>\n\n\n\n<p>&#8220;Produtos de outras origens que perderem acesso ao mercado norte-americano buscar\u00e3o novos destinos, incluindo o Brasil, podendo gerar uma satura\u00e7\u00e3o do mercado interno de produtos a pre\u00e7os desleais&#8221;, acrescentou a entidade.<\/p>\n\n\n\n<p>Mais cedo, o governo de Donald Trump afirmou que as tarifas de 25% sobre as importa\u00e7\u00f5es de a\u00e7o e alum\u00ednio para os Estados Unidos entrar\u00e3o em vigor em 12 de mar\u00e7o.<\/p>\n\n\n\n<p>&nbsp;<\/p>\n\n\n\n<p>(Por Alberto Alerigi Jr.)<\/p>\n","protected":false},"excerpt":{"rendered":"<p>Associa\u00e7\u00e3o Brasileira do Alum\u00ednio (Abal) afirmou que os EUA absorvem 17% das exporta\u00e7\u00f5es brasileiras do metal<\/p>\n","protected":false},"author":61,"featured_media":266356,"comment_status":"closed","ping_status":"closed","sticky":false,"template":"","format":"standard","meta":{"_acf_changed":false,"inline_featured_image":false,"footnotes":""},"categories":[5,6],"tags":[79,102288],"autor-wsj":[],"coauthors":[2494],"class_list":["post-652603","post","type-post","status-publish","format-standard","has-post-thumbnail","hentry","category-economia","category-negocios","tag-donald-trump","tag-reuters"],"acf":[],"amp_enabled":true,"_links":{"self":[{"href":"https:\/\/investnews.com.br\/inv-api\/wp\/v2\/posts\/652603","targetHints":{"allow":["GET"]}}],"collection":[{"href":"https:\/\/investnews.com.br\/inv-api\/wp\/v2\/posts"}],"about":[{"href":"https:\/\/investnews.com.br\/inv-api\/wp\/v2\/types\/post"}],"author":[{"embeddable":true,"href":"https:\/\/investnews.com.br\/inv-api\/wp\/v2\/users\/61"}],"replies":[{"embeddable":true,"href":"https:\/\/investnews.com.br\/inv-api\/wp\/v2\/comments?post=652603"}],"version-history":[{"count":2,"href":"https:\/\/investnews.com.br\/inv-api\/wp\/v2\/posts\/652603\/revisions"}],"predecessor-version":[{"id":652621,"href":"https:\/\/investnews.com.br\/inv-api\/wp\/v2\/posts\/652603\/revisions\/652621"}],"wp:featuredmedia":[{"embeddable":true,"href":"https:\/\/investnews.com.br\/inv-api\/wp\/v2\/media\/266356"}],"wp:attachment":[{"href":"https:\/\/investnews.com.br\/inv-api\/wp\/v2\/media?parent=652603"}],"wp:term":[{"taxonomy":"category","embeddable":true,"href":"https:\/\/investnews.com.br\/inv-api\/wp\/v2\/categories?post=652603"},{"taxonomy":"post_tag","embeddable":true,"href":"https:\/\/investnews.com.br\/inv-api\/wp\/v2\/tags?post=652603"},{"taxonomy":"autor-wsj","embeddable":true,"href":"https:\/\/investnews.com.br\/inv-api\/wp\/v2\/autor-wsj?post=652603"},{"taxonomy":"author","embeddable":true,"href":"https:\/\/investnews.com.br\/inv-api\/wp\/v2\/coauthors?post=652603"}],"curies":[{"name":"wp","href":"https:\/\/api.w.org\/{rel}","templated":true}]}}