{"id":653021,"date":"2025-02-12T14:58:12","date_gmt":"2025-02-12T17:58:12","guid":{"rendered":"https:\/\/investnews.com.br\/?p=653021"},"modified":"2025-02-12T14:58:13","modified_gmt":"2025-02-12T17:58:13","slug":"brasil-vai-atras-dos-eua-para-tentar-aliviar-as-tarifas-sobre-aco-e-aluminio-diz-alckmin","status":"publish","type":"post","link":"https:\/\/investnews.com.br\/economia\/brasil-vai-atras-dos-eua-para-tentar-aliviar-as-tarifas-sobre-aco-e-aluminio-diz-alckmin\/","title":{"rendered":"Brasil vai atr\u00e1s dos EUA para tentar aliviar as tarifas sobre a\u00e7o e alum\u00ednio, diz Alckmin"},"content":{"rendered":"\n<p> O governo brasileiro vai procurar o governo dos Estados Unidos para encontrar uma solu\u00e7\u00e3o para a tarifa de 25% imposta pelos EUA sobre as importa\u00e7\u00f5es de a\u00e7o e alum\u00ednio, disse nesta quarta-feira o vice-presidente e ministro da Ind\u00fastria e Com\u00e9rcio, Geraldo Alckmin.<\/p>\n\n\n\n<p>Ele defendeu um sistema de cotas de exporta\u00e7\u00e3o sem a sobretaxa, como ocorreu em 2018 no primeiro mandato de Donald Trump como presidente dos EUA, quando ele tamb\u00e9m imp\u00f4s tarifas sobre produtos sider\u00fargicos.\u00a0<\/p>\n\n\n<section class=\"recirculation-area\">\n    <div class=\"container\">\n                <p class=\"title\">Leia Mais<\/p>\n     \n            <ul class=\"recirculation-list\" data-tracking-position=\"Leia mais\">\n                            <li class=\"list-item\">\n                    <a \n                        href=\"https:\/\/investnews.com.br\/financas\/taxacao-do-aco-pelos-eua-impacta-acoes-de-siderurgicas-europeias-no-brasil-nem-tanto\/\" \n                        title=\"Taxa\u00e7\u00e3o do a\u00e7o pelos EUA impacta a\u00e7\u00f5es de sider\u00fargicas na Europa. No Brasil, nem tanto\" \n                        class=\"item-title recirculation-link\"\n                        data-btn-name=\"Taxa\u00e7\u00e3o do a\u00e7o pelos EUA impacta a\u00e7\u00f5es de sider\u00fargicas na Europa. No Brasil, nem tanto\"\n                        data-posicao=\"Leia mais\"\n                        data-click-url=\"https:\/\/investnews.com.br\/financas\/taxacao-do-aco-pelos-eua-impacta-acoes-de-siderurgicas-europeias-no-brasil-nem-tanto\/\"\n                    >\n                        Taxa\u00e7\u00e3o do a\u00e7o pelos EUA impacta a\u00e7\u00f5es de sider\u00fargicas na Europa. No Brasil, nem tanto                    <\/a>\n                <\/li>\n                            <li class=\"list-item\">\n                    <a \n                        href=\"https:\/\/investnews.com.br\/economia\/setor-do-aluminio-do-brasil-pede-intensificacao-nos-mecanismos-de-defesa-comercial-do-pais\/\" \n                        title=\"Setor do alum\u00ednio do Brasil pede maior prote\u00e7\u00e3o nos mecanismos de defesa comercial do pa\u00eds\" \n                        class=\"item-title recirculation-link\"\n                        data-btn-name=\"Setor do alum\u00ednio do Brasil pede maior prote\u00e7\u00e3o nos mecanismos de defesa comercial do pa\u00eds\"\n                        data-posicao=\"Leia mais\"\n                        data-click-url=\"https:\/\/investnews.com.br\/economia\/setor-do-aluminio-do-brasil-pede-intensificacao-nos-mecanismos-de-defesa-comercial-do-pais\/\"\n                    >\n                        Setor do alum\u00ednio do Brasil pede maior prote\u00e7\u00e3o nos mecanismos de defesa comercial do pa\u00eds                    <\/a>\n                <\/li>\n                    <\/ul>\n    <\/div><\/section>\n\n\n\n<p>Alckmin disse, em entrevista a jornalistas no Pal\u00e1cio do Planalto, que conversou na v\u00e9spera com a embaixadora brasileira em Washington para que seja realizado um encontro com o governo norte-americano em busca de uma solu\u00e7\u00e3o para as tarifas, que t\u00eam impacto direto sobre as exporta\u00e7\u00f5es do Brasil.<\/p>\n\n\n\n<p>&#8220;Cotas s\u00e3o um mecanismo inteligente, se voc\u00ea aumenta a tarifa aumenta o custo para a cadeia&nbsp;norte-americana&#8221;, afirmou.<\/p>\n\n\n\n<p>Produtores de a\u00e7o do Brasil defenderam na v\u00e9spera a continuidade de um acordo comercial estabelecido em 2018 com os EUA que criou cotas de exporta\u00e7\u00e3o de produtos sider\u00fargicos do pa\u00eds para os EUA.<\/p>\n\n\n\n<p>\u00a0(Por Lisandra Paraguassu)<\/p>\n","protected":false},"excerpt":{"rendered":"<p>Vice-Presidente defende sistema de cotas de exporta\u00e7\u00e3o sem a sobretaxa, como ocorreu em 2018 no primeiro mandato de Trump <\/p>\n","protected":false},"author":61,"featured_media":445661,"comment_status":"closed","ping_status":"closed","sticky":false,"template":"","format":"standard","meta":{"_acf_changed":false,"inline_featured_image":false,"footnotes":""},"categories":[5],"tags":[102288],"autor-wsj":[],"coauthors":[2494],"class_list":["post-653021","post","type-post","status-publish","format-standard","has-post-thumbnail","hentry","category-economia","tag-reuters"],"acf":[],"amp_enabled":true,"_links":{"self":[{"href":"https:\/\/investnews.com.br\/inv-api\/wp\/v2\/posts\/653021","targetHints":{"allow":["GET"]}}],"collection":[{"href":"https:\/\/investnews.com.br\/inv-api\/wp\/v2\/posts"}],"about":[{"href":"https:\/\/investnews.com.br\/inv-api\/wp\/v2\/types\/post"}],"author":[{"embeddable":true,"href":"https:\/\/investnews.com.br\/inv-api\/wp\/v2\/users\/61"}],"replies":[{"embeddable":true,"href":"https:\/\/investnews.com.br\/inv-api\/wp\/v2\/comments?post=653021"}],"version-history":[{"count":2,"href":"https:\/\/investnews.com.br\/inv-api\/wp\/v2\/posts\/653021\/revisions"}],"predecessor-version":[{"id":653053,"href":"https:\/\/investnews.com.br\/inv-api\/wp\/v2\/posts\/653021\/revisions\/653053"}],"wp:featuredmedia":[{"embeddable":true,"href":"https:\/\/investnews.com.br\/inv-api\/wp\/v2\/media\/445661"}],"wp:attachment":[{"href":"https:\/\/investnews.com.br\/inv-api\/wp\/v2\/media?parent=653021"}],"wp:term":[{"taxonomy":"category","embeddable":true,"href":"https:\/\/investnews.com.br\/inv-api\/wp\/v2\/categories?post=653021"},{"taxonomy":"post_tag","embeddable":true,"href":"https:\/\/investnews.com.br\/inv-api\/wp\/v2\/tags?post=653021"},{"taxonomy":"autor-wsj","embeddable":true,"href":"https:\/\/investnews.com.br\/inv-api\/wp\/v2\/autor-wsj?post=653021"},{"taxonomy":"author","embeddable":true,"href":"https:\/\/investnews.com.br\/inv-api\/wp\/v2\/coauthors?post=653021"}],"curies":[{"name":"wp","href":"https:\/\/api.w.org\/{rel}","templated":true}]}}