{"id":653286,"date":"2025-02-13T11:40:11","date_gmt":"2025-02-13T14:40:11","guid":{"rendered":"https:\/\/investnews.com.br\/?p=653286"},"modified":"2025-02-13T16:51:18","modified_gmt":"2025-02-13T19:51:18","slug":"grande-dia-diz-trump-ao-anunciar-que-assinara-tarifas-reciprocas-as-1300","status":"publish","type":"post","link":"https:\/\/investnews.com.br\/economia\/grande-dia-diz-trump-ao-anunciar-que-assinara-tarifas-reciprocas-as-1300\/","title":{"rendered":"&#8216;Grande dia&#8217;, diz Trump ao anunciar que assinar\u00e1 tarifas rec\u00edprocas \u00e0s 14h"},"content":{"rendered":"\n<p>O presidente Donald Trump disse nesta quinta-feira (13) que anunciaria tarifas rec\u00edprocas \u00e0s 14h (hor\u00e1rio de Bras\u00edlia), prometendo cumprir sua amea\u00e7a de aplicar tarifas sobre importa\u00e7\u00f5es de pa\u00edses que impuserem impostos mais altos sobre produtos dos EUA.<\/p>\n\n\n\n<p>A medida representaria uma grande escalada de sua guerra comercial com parceiros econ\u00f4micos. Trump anunciou a medida em sua plataforma Truth Social. Ele n\u00e3o deu detalhes sobre quais seriam as tarifas, como elas seriam estruturadas ou quando entrariam em vigor.<\/p>\n\n\n\n<p>\u201cTr\u00eas grandes semanas, talvez as melhores de sempre, mas hoje \u00e9 a grande: tarifas rec\u00edprocas!!! Fa\u00e7am a Am\u00e9rica grande de novo!!!\u201d escreveu. <\/p>\n\n\n\n<p>Em uma postagem subsequente, Trump disse que falaria sobre as tarifas em uma entrevista coletiva, no Sal\u00e3o Oval.<\/p>\n\n\n<section class=\"recirculation-area\">\n    <div class=\"container\">\n                <p class=\"title\">Leia mais <\/p>\n     \n            <ul class=\"recirculation-list\" data-tracking-position=\"Leia mais\">\n                            <li class=\"list-item\">\n                    <a \n                        href=\"https:\/\/investnews.com.br\/economia\/trump-assina-ordem-para-tarifar-em-25-todas-as-importacoes-de-aco-e-aluminio\/\" \n                        title=\"Trump assina ordem para tarifar em 25% todas as importa\u00e7\u00f5es de a\u00e7o e alum\u00ednio\" \n                        class=\"item-title recirculation-link\"\n                        data-btn-name=\"Trump assina ordem para tarifar em 25% todas as importa\u00e7\u00f5es de a\u00e7o e alum\u00ednio\"\n                        data-posicao=\"Leia mais\"\n                        data-click-url=\"https:\/\/investnews.com.br\/economia\/trump-assina-ordem-para-tarifar-em-25-todas-as-importacoes-de-aco-e-aluminio\/\"\n                    >\n                        Trump assina ordem para tarifar em 25% todas as importa\u00e7\u00f5es de a\u00e7o e alum\u00ednio                    <\/a>\n                <\/li>\n                            <li class=\"list-item\">\n                    <a \n                        href=\"https:\/\/investnews.com.br\/the-wall-street-journal\/efeito-trump-pode-ser-pior-para-o-mundo-do-que-para-os-estados-unidos\/\" \n                        title=\"&#8216;Efeito Trump&#8217; pode ser pior para o mundo do que para os Estados Unidos\" \n                        class=\"item-title recirculation-link\"\n                        data-btn-name=\"&#8216;Efeito Trump&#8217; pode ser pior para o mundo do que para os Estados Unidos\"\n                        data-posicao=\"Leia mais\"\n                        data-click-url=\"https:\/\/investnews.com.br\/the-wall-street-journal\/efeito-trump-pode-ser-pior-para-o-mundo-do-que-para-os-estados-unidos\/\"\n                    >\n                        &#8216;Efeito Trump&#8217; pode ser pior para o mundo do que para os Estados Unidos                    <\/a>\n                <\/li>\n                    <\/ul>\n    <\/div><\/section>\n\n\n\n<p>O evento acontece pouco antes do encontro de Trump com o primeiro-ministro indiano Narendra Modi, l\u00edder de uma na\u00e7\u00e3o que est\u00e1 prestes a ser duramente atingida por tarifas rec\u00edprocas.<\/p>\n\n\n\n<p>O d\u00f3lar reduziu as perdas. As moedas das economias no centro das tens\u00f5es comerciais com os EUA reagiram imediatamente, com o euro reduzindo os ganhos e o peso mexicano ficando para tr\u00e1s das principais moedas em rela\u00e7\u00e3o ao d\u00f3lar at\u00e9 agora nesta sess\u00e3o. Enquanto isso, moedas de ref\u00fagio como o franco su\u00ed\u00e7o e o iene japon\u00eas se mantiveram mais altas, superando seus pares.<\/p>\n\n\n\n<p>Trump voa em dire\u00e7\u00e3o ao plano de tarifas rec\u00edprocas como uma parte fundamental de seu esfor\u00e7o para aumentar as taxas dos EUA em geral. Disse ainda que isso se aplicaria a na\u00e7\u00f5es que geralmente t\u00eam uma taxa m\u00e9dia de tarifas mais alta do que os EUA, o que aumentaria sua pr\u00f3pria tarifa para igual\u00e1-la.<\/p>\n\n\n\n<p>\u201cSe eles nos acusarem, n\u00f3s os acusaremos\u201d, disse ele no domingo, enquanto falava com rep\u00f3rteres e confirmava que planejava anunciar esta semana.<\/p>\n\n\n\n<h2 class=\"wp-block-heading\">T\u00e1ticas de negocia\u00e7\u00e3o<\/h2>\n\n\n\n<p>A Casa Branca n\u00e3o compartilhou detalhes do plano, incluindo o que seria usado para calcular a taxa tarif\u00e1ria e se outras barreiras comerciais ou impostos seriam considerados. N\u00e3o especificou se escolheria uma \u00fanica m\u00e9dia para cada pa\u00eds ou diferenciaria por setor ou produto. Tamb\u00e9m n\u00e3o est\u00e1 claro se o programa permitiria exclus\u00f5es.<\/p>\n\n\n\n<p>A Casa Branca n\u00e3o disse quando as tarifas entrariam em vigor. Um prazo maior levantaria especula\u00e7\u00f5es sobre se elas seriam usadas como alavanca ou um ponto de partida para negocia\u00e7\u00f5es com l\u00edderes mundiais.<\/p>\n\n\n\n<p>A a\u00e7\u00e3o de Trump tamb\u00e9m pode ser o in\u00edcio de um processo administrativo mais longo para definir tarifas rec\u00edprocas, orientando ag\u00eancias federais a come\u00e7ar o trabalho de avalia\u00e7\u00e3o e desenvolvimento de novos impostos correspondentes que atinjam pa\u00edses ou produtos individuais.<\/p>\n\n\n\n<p>Trump j\u00e1 havia sugerido maneiras para os pa\u00edses contornarem algumas de suas tarifas espec\u00edficas. Apesar de dizer que n\u00e3o haveria exce\u00e7\u00f5es \u00e0s taxas de a\u00e7o e alum\u00ednio, o presidente concordou ap\u00f3s uma liga\u00e7\u00e3o com o primeiro-ministro australiano Anthony Albanese que ele &#8220;consideraria&#8221; uma margem de manobra para a Austr\u00e1lia. Trump citou um super\u00e1vit comercial geral com a Austr\u00e1lia, bem como sua compra de avi\u00f5es feitos nos EUA.<\/p>\n\n\n\n<p>O presidente est\u00e1 anunciando o plano em um dia em que ele recebe Modi da \u00cdndia, cujo pa\u00eds tem tarifas altas. Modi j\u00e1 tomou medidas para apaziguar Trump. Nas \u00faltimas semanas, a \u00cdndia cortou tarifas sobre itens de motocicletas a carros de luxo, concordou em receber avi\u00f5es carregados de migrantes sem documentos e pressionou para aumentar as compras de energia dos EUA.<\/p>\n\n\n\n<p>Ele j\u00e1 anunciou tarifas sobre a China, Canad\u00e1 e M\u00e9xico, mas pausou os dois \u00faltimos por um m\u00eas ap\u00f3s os pa\u00edses fazerem promessas de seguran\u00e7a de fronteira. Ele tamb\u00e9m assinou tarifas de 25% sobre a\u00e7o e alum\u00ednio que devem entrar em vigor no m\u00eas que vem.<\/p>\n","protected":false},"excerpt":{"rendered":"<p>Presidente dos Estados Unidos j\u00e1 assinou taxas de 25% sobre a\u00e7o e alum\u00ednio que devem entrar em vigor no m\u00eas que vem<\/p>\n","protected":false},"author":76,"featured_media":645634,"comment_status":"closed","ping_status":"closed","sticky":false,"template":"","format":"standard","meta":{"_acf_changed":false,"inline_featured_image":false,"footnotes":""},"categories":[5],"tags":[79],"autor-wsj":[],"coauthors":[101325],"class_list":["post-653286","post","type-post","status-publish","format-standard","has-post-thumbnail","hentry","category-economia","tag-donald-trump"],"acf":[],"amp_enabled":true,"_links":{"self":[{"href":"https:\/\/investnews.com.br\/inv-api\/wp\/v2\/posts\/653286","targetHints":{"allow":["GET"]}}],"collection":[{"href":"https:\/\/investnews.com.br\/inv-api\/wp\/v2\/posts"}],"about":[{"href":"https:\/\/investnews.com.br\/inv-api\/wp\/v2\/types\/post"}],"author":[{"embeddable":true,"href":"https:\/\/investnews.com.br\/inv-api\/wp\/v2\/users\/76"}],"replies":[{"embeddable":true,"href":"https:\/\/investnews.com.br\/inv-api\/wp\/v2\/comments?post=653286"}],"version-history":[{"count":4,"href":"https:\/\/investnews.com.br\/inv-api\/wp\/v2\/posts\/653286\/revisions"}],"predecessor-version":[{"id":653363,"href":"https:\/\/investnews.com.br\/inv-api\/wp\/v2\/posts\/653286\/revisions\/653363"}],"wp:featuredmedia":[{"embeddable":true,"href":"https:\/\/investnews.com.br\/inv-api\/wp\/v2\/media\/645634"}],"wp:attachment":[{"href":"https:\/\/investnews.com.br\/inv-api\/wp\/v2\/media?parent=653286"}],"wp:term":[{"taxonomy":"category","embeddable":true,"href":"https:\/\/investnews.com.br\/inv-api\/wp\/v2\/categories?post=653286"},{"taxonomy":"post_tag","embeddable":true,"href":"https:\/\/investnews.com.br\/inv-api\/wp\/v2\/tags?post=653286"},{"taxonomy":"autor-wsj","embeddable":true,"href":"https:\/\/investnews.com.br\/inv-api\/wp\/v2\/autor-wsj?post=653286"},{"taxonomy":"author","embeddable":true,"href":"https:\/\/investnews.com.br\/inv-api\/wp\/v2\/coauthors?post=653286"}],"curies":[{"name":"wp","href":"https:\/\/api.w.org\/{rel}","templated":true}]}}