{"id":653492,"date":"2025-02-14T09:23:31","date_gmt":"2025-02-14T12:23:31","guid":{"rendered":"https:\/\/investnews.com.br\/?p=653492"},"modified":"2025-02-14T20:18:47","modified_gmt":"2025-02-14T23:18:47","slug":"byd-comeca-explorar-do-vale-do-litio-em-minas-gerais-entrando-nos-negocios-de-mineracao","status":"publish","type":"post","link":"https:\/\/investnews.com.br\/negocios\/byd-comeca-explorar-do-vale-do-litio-em-minas-gerais-entrando-nos-negocios-de-mineracao\/","title":{"rendered":"BYD adquiriu direitos de minera\u00e7\u00e3o para explorar l\u00edtio no Brasil"},"content":{"rendered":"\n<p>A<strong> BYD <\/strong>adquiriu direitos de minera\u00e7\u00e3o sobre dois lotes em uma regi\u00e3o rica em l\u00edtio no Brasil.  N\u00e3o foi agora, mas em 2023 \u2013 s\u00f3 que n\u00e3o tinham divulgado. A informa\u00e7\u00e3o foi obtida pela Reuters, atrav\u00e9s da consulta de documentos p\u00fablicos.   <\/p>\n\n\n\n<p>A maior montadora chinesa, e especialista em carros el\u00e9tricos, tem um interesse \u00f3bvio no mineral. Ele \u00e9 uma mat\u00e9ria-prima b\u00e1sica para a fabrica\u00e7\u00e3o das baterias desses ve\u00edculos. <\/p>\n\n\n\n<p>A BYD j\u00e1 extrai l\u00edtio na China. Essa aquisi\u00e7\u00e3o de direitos, at\u00e9 onde se sabe, \u00e9 um de seus passos mais concretos at\u00e9 agora na dire\u00e7\u00e3o de extrair l\u00edtio fora de sua terra natal.<\/p>\n\n\n\n<p>A montadora criou uma subsidi\u00e1ria justamente para isso, a <strong>BYD Explora\u00e7\u00e3o Mineral do Brasil<\/strong>, registrada em maio de 2023, de acordo com os documentos p\u00fablicos.<\/p>\n\n\n\n<p>Os lotes de exploria\u00e7\u00e3o ficam em Coronel Murta (MG), a 800 km da f\u00e1brica da BYD em Cama\u00e7ari (BA). Eles tamb\u00e9m s\u00e3o vizinhos de lotes de propriedade da mineradora americana Atlas Lithium.<\/p>\n\n\n<section class=\"recirculation-area\">\n    <div class=\"container\">\n                <p class=\"title\">Leia Mais<\/p>\n     \n            <ul class=\"recirculation-list\" data-tracking-position=\"Leia mais\">\n                            <li class=\"list-item\">\n                    <a \n                        href=\"https:\/\/investnews.com.br\/negocios\/teremos-outros-projetos-para-expansao-no-brasil-diz-conselheiro-da-byd\/\" \n                        title=\"&#8216;Teremos outros projetos para expans\u00e3o no Brasil&#8217;, diz conselheiro da BYD\" \n                        class=\"item-title recirculation-link\"\n                        data-btn-name=\"&#8216;Teremos outros projetos para expans\u00e3o no Brasil&#8217;, diz conselheiro da BYD\"\n                        data-posicao=\"Leia mais\"\n                        data-click-url=\"https:\/\/investnews.com.br\/negocios\/teremos-outros-projetos-para-expansao-no-brasil-diz-conselheiro-da-byd\/\"\n                    >\n                        &#8216;Teremos outros projetos para expans\u00e3o no Brasil&#8217;, diz conselheiro da BYD                    <\/a>\n                <\/li>\n                            <li class=\"list-item\">\n                    <a \n                        href=\"https:\/\/investnews.com.br\/negocios\/alem-da-muralha-chinesas-byd-chery-e-gac-lideram-expansao-internacional-de-novas-fabricas-de-carros\/\" \n                        title=\"Al\u00e9m da Muralha: chinesas BYD, Chery e GAC lideram expans\u00e3o internacional de novas f\u00e1bricas de carros\" \n                        class=\"item-title recirculation-link\"\n                        data-btn-name=\"Al\u00e9m da Muralha: chinesas BYD, Chery e GAC lideram expans\u00e3o internacional de novas f\u00e1bricas de carros\"\n                        data-posicao=\"Leia mais\"\n                        data-click-url=\"https:\/\/investnews.com.br\/negocios\/alem-da-muralha-chinesas-byd-chery-e-gac-lideram-expansao-internacional-de-novas-fabricas-de-carros\/\"\n                    >\n                        Al\u00e9m da Muralha: chinesas BYD, Chery e GAC lideram expans\u00e3o internacional de novas f\u00e1bricas de carros                    <\/a>\n                <\/li>\n                    <\/ul>\n    <\/div><\/section>\n\n\n\n<p>A empresa &#8220;est\u00e1 em fase de pesquisa&#8221;, sem volume de movimenta\u00e7\u00e3o financeira nem receitas operacionais.<\/p>\n\n\n\n<p>A BYD n\u00e3o quis comentar o assunto.<\/p>\n\n\n\n<p>A montadora j\u00e1 tinha comprado participa\u00e7\u00f5es em grandes mineradoras chinesas. Fora de l\u00e1, foi uma das seis empresas autorizadas a dar lances em um projeto de l\u00edtio chileno, no ano passado, e delineou planos para uma f\u00e1brica de baterias de l\u00edtio no norte do Chile.<\/p>\n\n\n\n<p>O Brasil evitou uma forte presen\u00e7a estatal em seu setor de l\u00edtio, ao contr\u00e1rio de outros pa\u00edses sul-americanos, at\u00e9 mesmo flexibilizando os controles de exporta\u00e7\u00e3o do metal em 2022.<\/p>\n\n\n\n<p>Suas melhores perspectivas de l\u00edtio s\u00e3o dep\u00f3sitos de rocha que se prestam \u00e0 minera\u00e7\u00e3o tradicional, ao contr\u00e1rio da complicada extra\u00e7\u00e3o em salinas na Argentina, na Bol\u00edvia e no Chile.<\/p>\n\n\n\n<p>No ano passado, o Financial Times informou que a BYD teve negocia\u00e7\u00f5es com a Sigma Lithium, maior produtora de l\u00edtio do Brasil, sobre um poss\u00edvel acordo de fornecimento, joint venture ou aquisi\u00e7\u00e3o.<\/p>\n\n\n\n<h2 class=\"wp-block-heading\">Vale do L\u00edtio<\/h2>\n\n\n\n<p>Os direitos miner\u00e1rios da BYD cobrem 852 hectares (8,5 km\u00b2) no Vale do Jequitinhonha (MG), conhecido nos \u00faltimos tempos como Vale do L\u00edtio.<\/p>\n\n\n\n<p>O projeto vizinho da Atlas Lithium em Coronel Murta est\u00e1 em fase de pesquisa ap\u00f3s um mapeamento geol\u00f3gico inicial da \u00e1rea, informou a empresa em seu site em junho.<\/p>\n\n\n\n<p>O CEO da Atlas, Marc Fogassa, disse que soube da presen\u00e7a da BYD por meio de terceiros, mas nunca discutiu o assunto diretamente com a montadora. &#8220;Se eles investiram nessas duas \u00e1reas \u00e9 porque viram o potencial e isso obviamente faz com que minhas \u00e1reas fiquem mais valiosas&#8221;, disse Fogassa \u00e0 Reuters.<\/p>\n\n\n\n<p>Coronel Murta fica a cerca de 825 km de dist\u00e2ncia, aproximadamente 12 horas de carro, do complexo no litoral da Bahia, onde a BYD est\u00e1 desenvolvendo a f\u00e1brica com capacidade para produzir 150 mil carros el\u00e9tricos por ano.<\/p>\n\n\n\n<p>Desde que adquiriu os direitos miner\u00e1rios, a BYD contratou a Minagem Geologia e Minera\u00e7\u00e3o, uma empresa brasileira de pesquisa mineral, mostram documentos p\u00fablicos.<\/p>\n\n\n\n<p>A Minagem disse que teria de pedir permiss\u00e3o \u00e0 subsidi\u00e1ria da BYD para falar sobre o assunto.<\/p>\n\n\n\n<p>De forma geral, pode levar de oito a 15 anos para que um projeto de minera\u00e7\u00e3o no Brasil inicie a produ\u00e7\u00e3o se for considerado economicamente vi\u00e1vel, de acordo com o advogado Luiz Fernando Visconti, do Visconti Law, escrit\u00f3rio de advocacia especializado no setor de minera\u00e7\u00e3o.<\/p>\n\n\n\n<p><em>(Reportagem de Fabio Teixeira no Rio de Janeiro, reportagem adicional de Luciana Novaes Magalh\u00e3es em S\u00e3o Paulo)<\/em><\/p>\n","protected":false},"excerpt":{"rendered":"<p>Os lotes ficam no Vale do Jequitinhonha (MG), e a opera\u00e7\u00e3o foi feita em 2023, de acordo com documentos p\u00fablicos revisados pela Reuters<\/p>\n","protected":false},"author":61,"featured_media":653790,"comment_status":"closed","ping_status":"closed","sticky":false,"template":"","format":"standard","meta":{"_acf_changed":false,"inline_featured_image":false,"footnotes":""},"categories":[6],"tags":[102288],"autor-wsj":[],"coauthors":[2494],"class_list":["post-653492","post","type-post","status-publish","format-standard","has-post-thumbnail","hentry","category-negocios","tag-reuters"],"acf":[],"amp_enabled":true,"_links":{"self":[{"href":"https:\/\/investnews.com.br\/inv-api\/wp\/v2\/posts\/653492","targetHints":{"allow":["GET"]}}],"collection":[{"href":"https:\/\/investnews.com.br\/inv-api\/wp\/v2\/posts"}],"about":[{"href":"https:\/\/investnews.com.br\/inv-api\/wp\/v2\/types\/post"}],"author":[{"embeddable":true,"href":"https:\/\/investnews.com.br\/inv-api\/wp\/v2\/users\/61"}],"replies":[{"embeddable":true,"href":"https:\/\/investnews.com.br\/inv-api\/wp\/v2\/comments?post=653492"}],"version-history":[{"count":7,"href":"https:\/\/investnews.com.br\/inv-api\/wp\/v2\/posts\/653492\/revisions"}],"predecessor-version":[{"id":653725,"href":"https:\/\/investnews.com.br\/inv-api\/wp\/v2\/posts\/653492\/revisions\/653725"}],"wp:featuredmedia":[{"embeddable":true,"href":"https:\/\/investnews.com.br\/inv-api\/wp\/v2\/media\/653790"}],"wp:attachment":[{"href":"https:\/\/investnews.com.br\/inv-api\/wp\/v2\/media?parent=653492"}],"wp:term":[{"taxonomy":"category","embeddable":true,"href":"https:\/\/investnews.com.br\/inv-api\/wp\/v2\/categories?post=653492"},{"taxonomy":"post_tag","embeddable":true,"href":"https:\/\/investnews.com.br\/inv-api\/wp\/v2\/tags?post=653492"},{"taxonomy":"autor-wsj","embeddable":true,"href":"https:\/\/investnews.com.br\/inv-api\/wp\/v2\/autor-wsj?post=653492"},{"taxonomy":"author","embeddable":true,"href":"https:\/\/investnews.com.br\/inv-api\/wp\/v2\/coauthors?post=653492"}],"curies":[{"name":"wp","href":"https:\/\/api.w.org\/{rel}","templated":true}]}}