{"id":653734,"date":"2025-02-14T19:13:42","date_gmt":"2025-02-14T22:13:42","guid":{"rendered":"https:\/\/investnews.com.br\/?p=653734"},"modified":"2025-02-14T19:21:45","modified_gmt":"2025-02-14T22:21:45","slug":"dolar-fecha-abaixo-de-r-570-pela-1a-vez-em-tres-meses","status":"publish","type":"post","link":"https:\/\/investnews.com.br\/economia\/dolar-fecha-abaixo-de-r-570-pela-1a-vez-em-tres-meses\/","title":{"rendered":"D\u00f3lar fecha abaixo de R$ 5,70 pela 1\u00aa vez em tr\u00eas meses"},"content":{"rendered":"\n<p>O d\u00f3lar fechou a sexta-feira (14) com queda superior a 1% ante o real. O d\u00f3lar \u00e0 vista fechou em queda de 1,22%, aos R$ 5,6974 \u2014 a menor cota\u00e7\u00e3o de fechamento desde 7 de novembro de 2024, quando encerrou em R$ 5,6759.<\/p>\n\n\n\n<p>A divisa acumulou queda semanal de 1,65%, marcando a s\u00e9tima semana consecutiva de perdas para a moeda norte-americana no Brasil. No ano, a baixa acumulada \u00e9 de 7,79%.<\/p>\n\n\n\n<p>O resultado est\u00e1 em sintonia com o recuo firme da moeda norte-americana no exterior, ap\u00f3s o governo Trump adiar a cobran\u00e7a de tarifas rec\u00edprocas de importa\u00e7\u00e3o e depois de dados mostrarem retra\u00e7\u00e3o do varejo dos EUA em janeiro.<\/p>\n\n\n\n<p>\u00c0s 17h10 na B3 o d\u00f3lar para mar\u00e7o \u2014 atualmente o mais l\u00edquido \u2014 cedia 1,19%, aos R$ 5,7080.<\/p>\n\n\n\n<p>Na v\u00e9spera, o governo Trump detalhou um roteiro para aplicar tarifas de reciprocidade contra qualquer pa\u00eds que imponha impostos sobre os produtos norte-americanos. No entanto, as tarifas n\u00e3o entraram em vigor nesta quinta-feira, o que foi visto pelo mercado como uma estrat\u00e9gia do presidente Donald Trump para iniciar negocia\u00e7\u00f5es comerciais com outros pa\u00edses.<\/p>\n\n\n\n<p>Este adiamento das tarifas pesou sobre os rendimentos dos Treasuries e sobre o d\u00f3lar em todo o mundo.<\/p>\n\n\n\n<p>\u201cCom o discurso um pouco mais leve de Trump e a compreens\u00e3o de que a guerra comercial seria prejudicial, o mercado avalia que talvez este cen\u00e1rio (de tarifas mais altas) n\u00e3o ocorra t\u00e3o rapidamente\u201d, Fabr\u00edcio Voigt, economista da Aware Investments.<\/p>\n\n\n\n<p>O recuo do d\u00f3lar se intensificou ap\u00f3s o Departamento do Com\u00e9rcio dos EUA informar que as vendas no varejo ca\u00edram 0,9% em janeiro, depois de um aumento revisado para cima de 0,7% em dezembro. Economistas consultados pela Reuters previam que as vendas no varejo, que s\u00e3o em sua maioria mercadorias e n\u00e3o s\u00e3o ajustadas pela infla\u00e7\u00e3o, cairiam apenas 0,1%.<\/p>\n\n\n<section class=\"recirculation-area\">\n    <div class=\"container\">\n                <p class=\"title\">Leia mais<\/p>\n     \n            <ul class=\"recirculation-list\" data-tracking-position=\"Leia mais\">\n                            <li class=\"list-item\">\n                    <a \n                        href=\"https:\/\/investnews.com.br\/economia\/brasil-descarta-moeda-comum-do-brics-mas-quer-reduzir-dependencia-do-dolar\/\" \n                        title=\"Brasil descarta moeda comum do Brics, mas quer reduzir depend\u00eancia do d\u00f3lar\" \n                        class=\"item-title recirculation-link\"\n                        data-btn-name=\"Brasil descarta moeda comum do Brics, mas quer reduzir depend\u00eancia do d\u00f3lar\"\n                        data-posicao=\"Leia mais\"\n                        data-click-url=\"https:\/\/investnews.com.br\/economia\/brasil-descarta-moeda-comum-do-brics-mas-quer-reduzir-dependencia-do-dolar\/\"\n                    >\n                        Brasil descarta moeda comum do Brics, mas quer reduzir depend\u00eancia do d\u00f3lar                    <\/a>\n                <\/li>\n                            <li class=\"list-item\">\n                    <a \n                        href=\"https:\/\/investnews.com.br\/negocios\/dolar-forte-ameaca-perspectiva-de-lucros-das-big-techs\/\" \n                        title=\"D\u00f3lar forte amea\u00e7a perspectiva de lucros das big techs\" \n                        class=\"item-title recirculation-link\"\n                        data-btn-name=\"D\u00f3lar forte amea\u00e7a perspectiva de lucros das big techs\"\n                        data-posicao=\"Leia mais\"\n                        data-click-url=\"https:\/\/investnews.com.br\/negocios\/dolar-forte-ameaca-perspectiva-de-lucros-das-big-techs\/\"\n                    >\n                        D\u00f3lar forte amea\u00e7a perspectiva de lucros das big techs                    <\/a>\n                <\/li>\n                            <li class=\"list-item\">\n                    <a \n                        href=\"https:\/\/investnews.com.br\/investimentos\/invista-e-nao-deixe-que-o-dolar-alto-atrapalhe-seus-planos-de-viajar-para-o-exterior\/\" \n                        title=\"Invista \u2013 e n\u00e3o deixe que o d\u00f3lar alto atrapalhe seus planos de viajar para o exterior\" \n                        class=\"item-title recirculation-link\"\n                        data-btn-name=\"Invista \u2013 e n\u00e3o deixe que o d\u00f3lar alto atrapalhe seus planos de viajar para o exterior\"\n                        data-posicao=\"Leia mais\"\n                        data-click-url=\"https:\/\/investnews.com.br\/investimentos\/invista-e-nao-deixe-que-o-dolar-alto-atrapalhe-seus-planos-de-viajar-para-o-exterior\/\"\n                    >\n                        Invista \u2013 e n\u00e3o deixe que o d\u00f3lar alto atrapalhe seus planos de viajar para o exterior                    <\/a>\n                <\/li>\n                    <\/ul>\n    <\/div><\/section>\n\n\n\n<h2 class=\"wp-block-heading\">Cen\u00e1rio no Brasil<\/h2>\n\n\n\n<p>A press\u00e3o de baixa para o d\u00f3lar no Brasil se intensificou ainda mais na \u00faltima hora de neg\u00f3cios, ap\u00f3s o Datafolha informar que a aprova\u00e7\u00e3o do governo Lula caiu 11 pontos percentuais em dois meses e atingiu 24% em fevereiro, enquanto a reprova\u00e7\u00e3o subiu para 41%.<\/p>\n\n\n\n<p>A divulga\u00e7\u00e3o na reta final dos neg\u00f3cios contribuiu para o d\u00f3lar renovar m\u00ednimas, conforme tr\u00eas profissionais ouvidos pela Reuters.<\/p>\n\n\n\n<p>Segundo o Datafolha, aqueles que avaliavam o governo como &#8220;\u00f3timo ou bom&#8221; em dezembro ca\u00edram de 35% para 24% na rodada de fevereiro. Os que avaliaram a gest\u00e3o como &#8220;ruim ou p\u00e9ssima&#8221; foram de 34% para 41%. Os 29% que consideravam o governo &#8220;regular&#8221; no fim do ano passado passaram para 32%.<\/p>\n\n\n\n<p>\u00c0s 16h56, j\u00e1 ap\u00f3s a divulga\u00e7\u00e3o do Datafolha, o d\u00f3lar \u00e0 vista marcou a m\u00ednima de R$ 5,6946 (-1,27%), para depois encerrar perto disso.<\/p>\n\n\n\n<p>Tr\u00eas profissionais ouvidos pela Reuters ponderaram que o d\u00f3lar caiu ainda mais com a avalia\u00e7\u00e3o, de parte do mercado, de que a queda da aprova\u00e7\u00e3o do petista significa menos chances de reelei\u00e7\u00e3o em 2026. Lula \u00e9 visto por muitos como um presidente incapaz de promover os ajustes fiscais necess\u00e1rios no governo.<\/p>\n\n\n\n<p>Um profissional defendeu, no entanto, que ainda \u00e9 muito cedo para imaginar uma derrota de Lula na pr\u00f3xima elei\u00e7\u00e3o.<\/p>\n\n\n\n<p>\u00c0s 17h55 o \u00edndice do d\u00f3lar \u2014 que mede o desempenho da moeda norte-americana frente a uma cesta de seis divisas \u2014 ca\u00eda 0,29%, a 106,780.<\/p>\n\n\n\n<p>Pela manh\u00e3 o Banco Central vendeu, em sua opera\u00e7\u00e3o di\u00e1ria, 9.630 contratos de <a href=\"https:\/\/investnews.com.br\/guias\/swap-como-funciona\/\">swap<\/a> cambial tradicional para fins de rolagem do vencimento de 5 de mar\u00e7o de 2025.<\/p>\n","protected":false},"excerpt":{"rendered":"<p>Em 2025, queda acumulada \u00e9 de 7,79% em rela\u00e7\u00e3o \u00e0 moeda brasileira<\/p>\n","protected":false},"author":61,"featured_media":587384,"comment_status":"closed","ping_status":"closed","sticky":false,"template":"","format":"standard","meta":{"_acf_changed":false,"inline_featured_image":false,"footnotes":""},"categories":[5],"tags":[26,102288],"autor-wsj":[],"coauthors":[2494],"class_list":["post-653734","post","type-post","status-publish","format-standard","has-post-thumbnail","hentry","category-economia","tag-dolar","tag-reuters"],"acf":[],"amp_enabled":true,"_links":{"self":[{"href":"https:\/\/investnews.com.br\/inv-api\/wp\/v2\/posts\/653734","targetHints":{"allow":["GET"]}}],"collection":[{"href":"https:\/\/investnews.com.br\/inv-api\/wp\/v2\/posts"}],"about":[{"href":"https:\/\/investnews.com.br\/inv-api\/wp\/v2\/types\/post"}],"author":[{"embeddable":true,"href":"https:\/\/investnews.com.br\/inv-api\/wp\/v2\/users\/61"}],"replies":[{"embeddable":true,"href":"https:\/\/investnews.com.br\/inv-api\/wp\/v2\/comments?post=653734"}],"version-history":[{"count":2,"href":"https:\/\/investnews.com.br\/inv-api\/wp\/v2\/posts\/653734\/revisions"}],"predecessor-version":[{"id":653779,"href":"https:\/\/investnews.com.br\/inv-api\/wp\/v2\/posts\/653734\/revisions\/653779"}],"wp:featuredmedia":[{"embeddable":true,"href":"https:\/\/investnews.com.br\/inv-api\/wp\/v2\/media\/587384"}],"wp:attachment":[{"href":"https:\/\/investnews.com.br\/inv-api\/wp\/v2\/media?parent=653734"}],"wp:term":[{"taxonomy":"category","embeddable":true,"href":"https:\/\/investnews.com.br\/inv-api\/wp\/v2\/categories?post=653734"},{"taxonomy":"post_tag","embeddable":true,"href":"https:\/\/investnews.com.br\/inv-api\/wp\/v2\/tags?post=653734"},{"taxonomy":"autor-wsj","embeddable":true,"href":"https:\/\/investnews.com.br\/inv-api\/wp\/v2\/autor-wsj?post=653734"},{"taxonomy":"author","embeddable":true,"href":"https:\/\/investnews.com.br\/inv-api\/wp\/v2\/coauthors?post=653734"}],"curies":[{"name":"wp","href":"https:\/\/api.w.org\/{rel}","templated":true}]}}