{"id":654027,"date":"2025-02-17T12:35:28","date_gmt":"2025-02-17T15:35:28","guid":{"rendered":"https:\/\/investnews.com.br\/?p=654027"},"modified":"2025-02-17T12:35:30","modified_gmt":"2025-02-17T15:35:30","slug":"apos-prejuizo-de-r-26-bilhoes-no-trimestre-raizen-prega-volta-a-essencia","status":"publish","type":"post","link":"https:\/\/investnews.com.br\/negocios\/apos-prejuizo-de-r-26-bilhoes-no-trimestre-raizen-prega-volta-a-essencia\/","title":{"rendered":"Ap\u00f3s preju\u00edzo de R$ 2,6 bilh\u00f5es no trimestre, Ra\u00edzen prega &#8216;volta \u00e0 ess\u00eancia&#8217;"},"content":{"rendered":"\n<p>A <strong>Ra\u00edzen<\/strong> intensificou um plano de ajustes para reduzir custos, recuperar caixa e focar em suas atividades principais, em uma esp\u00e9cie de rea\u00e7\u00e3o ao preju\u00edzo de R$ 2,6 bilh\u00f5es no terceiro trimestre do ano-safra 2024\/25. A gigante do setor sucroenerg\u00e9tico \u00e9 hoje <a href=\"https:\/\/investnews.com.br\/negocios\/divida-alta-juros-em-elevacao-e-impostos-o-inferno-astral-da-cosan-de-rubens-ometto\/\">um dos principais desafios para sua controladora<\/a>, a <strong>Cosan<\/strong>, de <strong>Rubens Ometto<\/strong>.<\/p>\n\n\n\n<p>Desde novembro, quando Ometto deflagrou uma mudan\u00e7a total na gest\u00e3o da empresa, com a chegadaa de Nelson Gomes ao posto de CEO, a Ra\u00edzen tem adotado uma s\u00e9rie de medidas para simplificar as opera\u00e7\u00f5es e reduzir o endividamento, que j\u00e1 soma R$ 38,6 bilh\u00f5es. Com isso, a alavancagem \u2014 rela\u00e7\u00e3o entre d\u00edvida l\u00edquida e lucro operacional (<a href=\"https:\/\/investnews.com.br\/guias\/ebitda-o-que-e-como-calcular\/\">Ebitda<\/a>) \u2014 subiu para 3 vezes, um aumento expressivo em rela\u00e7\u00e3o ao \u00edndice de 1,9 vez registrado no mesmo per\u00edodo do ano anterior.<\/p>\n\n\n\n<p>&#8220;Ap\u00f3s um ciclo de crescimento e expans\u00e3o do portf\u00f3lio de neg\u00f3cios, impulsionado pelo <a href=\"https:\/\/investnews.com.br\/guias\/ipo-o-que-e-e-como-funciona\/\">IPO<\/a>, entendemos que nossa estrat\u00e9gia precisa estar alinhada \u00e0 estrutura de capital da companhia e ao atual cen\u00e1rio macroecon\u00f4mico&#8221;, afirmou a empresa em seu relat\u00f3rio de resultados.<\/p>\n\n\n\n<div class=\"flourish-embed flourish-chart\" data-src=\"visualisation\/21674388?1253931\"><script src=\"https:\/\/public.flourish.studio\/resources\/embed.js\"><\/script><noscript><img decoding=\"async\" src=\"https:\/\/public.flourish.studio\/visualisation\/21674388\/thumbnail\" width=\"100%\" alt=\"chart visualization\" \/><\/noscript><\/div>\n\n\n\n<p>Entre as primeiras a\u00e7\u00f5es anunciadas est\u00e3o a venda de direitos de explora\u00e7\u00e3o de 900 mil toneladas de cana-de-a\u00e7\u00facar por R$ 384 milh\u00f5es e a aliena\u00e7\u00e3o de projetos de gera\u00e7\u00e3o solar distribu\u00edda, que devem render aproximadamente R$ 475 milh\u00f5es. A empresa tamb\u00e9m reduziu sua participa\u00e7\u00e3o em opera\u00e7\u00f5es no Paraguai e estuda vender algumas de suas 35 usinas de etanol, embora a decis\u00e3o ainda esteja em an\u00e1lise.<\/p>\n\n\n\n<p>A Ra\u00edzen tamb\u00e9m colocou \u00e0 venda sua participa\u00e7\u00e3o no Grupo N\u00f3s, <em>joint venture<\/em> com a Femsa para opera\u00e7\u00e3o das lojas Oxxo. O neg\u00f3cio, que vem <a href=\"https:\/\/investnews.com.br\/negocios\/a-operadora-do-oxxo-no-brasil-vem-dando-prejuizo-a-expansao-acelerada-tem-folego\/\">queimando caixa para sustentar sua consolida\u00e7\u00e3o<\/a> no Brasil, \u00e9 visto pelo mercado como uma distra\u00e7\u00e3o para a empresa, que busca foco total em seu <em>core business<\/em> de energia.<\/p>\n\n\n<section class=\"recirculation-area\">\n    <div class=\"container\">\n                <p class=\"title\">Leia tamb\u00e9m: <\/p>\n     \n            <ul class=\"recirculation-list\" data-tracking-position=\"outros\">\n                            <li class=\"list-item\">\n                    <a \n                        href=\"https:\/\/investnews.com.br\/negocios\/na-derrocada-do-magalu-a-familia-trajano-perdeu-mais-do-que-qualquer-investidor-e-mantem-a-aposta\/\" \n                        title=\"Na derrocada do Magalu, a fam\u00edlia Trajano perdeu mais do que qualquer investidor \u2013 e mant\u00e9m a aposta\" \n                        class=\"item-title recirculation-link\"\n                        data-btn-name=\"Na derrocada do Magalu, a fam\u00edlia Trajano perdeu mais do que qualquer investidor \u2013 e mant\u00e9m a aposta\"\n                        data-posicao=\"outros\"\n                        data-click-url=\"https:\/\/investnews.com.br\/negocios\/na-derrocada-do-magalu-a-familia-trajano-perdeu-mais-do-que-qualquer-investidor-e-mantem-a-aposta\/\"\n                    >\n                        Na derrocada do Magalu, a fam\u00edlia Trajano perdeu mais do que qualquer investidor \u2013 e mant\u00e9m a aposta                    <\/a>\n                <\/li>\n                            <li class=\"list-item\">\n                    <a \n                        href=\"https:\/\/investnews.com.br\/negocios\/no-caderninho-de-miguel-gularte-a-receita-a-moda-antiga-que-resgatou-a-brf\/\" \n                        title=\"No caderninho de Miguel Gularte, a receita (\u00e0 moda antiga) que resgatou a BRF\" \n                        class=\"item-title recirculation-link\"\n                        data-btn-name=\"No caderninho de Miguel Gularte, a receita (\u00e0 moda antiga) que resgatou a BRF\"\n                        data-posicao=\"outros\"\n                        data-click-url=\"https:\/\/investnews.com.br\/negocios\/no-caderninho-de-miguel-gularte-a-receita-a-moda-antiga-que-resgatou-a-brf\/\"\n                    >\n                        No caderninho de Miguel Gularte, a receita (\u00e0 moda antiga) que resgatou a BRF                    <\/a>\n                <\/li>\n                            <li class=\"list-item\">\n                    <a \n                        href=\"https:\/\/investnews.com.br\/negocios\/sao-carlos-de-lemann-telles-e-sicupira-amplia-estrategia-e-aposta-na-gestao-de-imoveis-para-fiis\/\" \n                        title=\"S\u00e3o Carlos, de Lemann, Telles e Sicupira, amplia estrat\u00e9gia e aposta na gest\u00e3o de im\u00f3veis para FIIs\" \n                        class=\"item-title recirculation-link\"\n                        data-btn-name=\"S\u00e3o Carlos, de Lemann, Telles e Sicupira, amplia estrat\u00e9gia e aposta na gest\u00e3o de im\u00f3veis para FIIs\"\n                        data-posicao=\"outros\"\n                        data-click-url=\"https:\/\/investnews.com.br\/negocios\/sao-carlos-de-lemann-telles-e-sicupira-amplia-estrategia-e-aposta-na-gestao-de-imoveis-para-fiis\/\"\n                    >\n                        S\u00e3o Carlos, de Lemann, Telles e Sicupira, amplia estrat\u00e9gia e aposta na gest\u00e3o de im\u00f3veis para FIIs                    <\/a>\n                <\/li>\n                    <\/ul>\n    <\/div><\/section>\n\n\n\n<p>A empresa tamb\u00e9m est\u00e1 promovendo uma ampla reestrutura\u00e7\u00e3o em sua opera\u00e7\u00e3o de <em>trading<\/em> (a opera\u00e7\u00e3o de contratos futuros de a\u00e7\u00facar e combust\u00edveis). Na gest\u00e3o de Ricardo Mussa, antecessor de Gomes, a unidade atuava de forma aut\u00f4noma e, a partir de agora, a companhia pretende retornar \u00e0 estrat\u00e9gia original de trading como um suporte para seu core business, focando na otimiza\u00e7\u00e3o do suprimento de combust\u00edveis e insumos para sua pr\u00f3pria rede.<\/p>\n\n\n\n<p>A mudan\u00e7a visa reduzir riscos financeiros desnecess\u00e1rios e melhorar a previsibilidade dos resultados. Um dos fatores que motivaram essa reestrutura\u00e7\u00e3o foi uma opera\u00e7\u00e3o mal executada de venda de \u00f3leo combust\u00edvel, que resultou em um preju\u00edzo de R$ 200 milh\u00f5es, conforme <a href=\"https:\/\/www.theagribiz.com\/empresas\/na-raizen-a-era-nelson-gomes-comeca-com-um-choque-cultural\/\" target=\"_blank\" rel=\"noopener\">noticiou<\/a> o site <em>The AgriBiz<\/em>. O problema ocorreu devido a um erro na gest\u00e3o de licen\u00e7as de comercializa\u00e7\u00e3o, obrigando a empresa a exportar o produto a pre\u00e7os mais baixos do que o previsto.<\/p>\n\n\n\n<p>A Ra\u00edzen tamb\u00e9m reestruturou sua organiza\u00e7\u00e3o em tr\u00eas grandes unidades de neg\u00f3cio: <strong>etanol, a\u00e7\u00facar e bioenergia (EAB)<\/strong> e duas opera\u00e7\u00f5es de <strong>Mobilidade<\/strong> (distribui\u00e7\u00e3o de combust\u00edveis no Brasil e na Argentina). Para comandar a unidade de bioenergia, a empresa contratou Geovane Dilkin Consul, ex-CEO da BP Bunge Bioenergia.<\/p>\n\n\n\n<p>Outra revis\u00e3o estrat\u00e9gica foi no programa de etanol de segunda gera\u00e7\u00e3o (E2G). A empresa decidiu manter apenas as seis plantas j\u00e1 em constru\u00e7\u00e3o ou em opera\u00e7\u00e3o, suspendendo temporariamente projetos de novas unidades em Caarap\u00f3 (MS), Jata\u00ed (GO) e Tarum\u00e3 (SP) at\u00e9 que as condi\u00e7\u00f5es de mercado se tornem mais favor\u00e1veis.<\/p>\n\n\n\n<p>A press\u00e3o financeira sobre a empresa se intensificou com os juros elevados, que aumentaram suas despesas com endividamento. Nos nove meses do ano-safra, a Ra\u00edzen gastou R$ 3,2 bilh\u00f5es aenas com o pagamento de juros, o que torna a recupera\u00e7\u00e3o da gera\u00e7\u00e3o de caixa uma prioridade.<\/p>\n\n\n\n<div class=\"flourish-embed flourish-chart\" data-src=\"visualisation\/21674434?1253931\"><script src=\"https:\/\/public.flourish.studio\/resources\/embed.js\"><\/script><noscript><img decoding=\"async\" src=\"https:\/\/public.flourish.studio\/visualisation\/21674434\/thumbnail\" width=\"100%\" alt=\"chart visualization\" \/><\/noscript><\/div>\n\n\n\n<p>Al\u00e9m das decis\u00f5es estrat\u00e9gicas, fatores externos tamb\u00e9m impactaram os resultados do trimestre. A moagem de cana caiu <strong>6,9%<\/strong> em rela\u00e7\u00e3o ao mesmo per\u00edodo do ano passado, totalizando 77,5 milh\u00f5es de toneladas. A produtividade agr\u00edcola tamb\u00e9m recuou <strong>9,6%<\/strong>, com cada hectare colhendo menos cana.<\/p>\n","protected":false},"excerpt":{"rendered":"<p>Endividada e pressionada pelos juros altos, empresa coloca ativos \u00e0 venda e foca em opera\u00e7\u00f5es essenciais para recuperar caixa<\/p>\n","protected":false},"author":123,"featured_media":654036,"comment_status":"closed","ping_status":"closed","sticky":false,"template":"","format":"standard","meta":{"_acf_changed":false,"inline_featured_image":false,"footnotes":""},"categories":[6],"tags":[102,2376],"autor-wsj":[],"coauthors":[102704],"class_list":["post-654027","post","type-post","status-publish","format-standard","has-post-thumbnail","hentry","category-negocios","tag-csan3","tag-raizen"],"acf":[],"amp_enabled":true,"_links":{"self":[{"href":"https:\/\/investnews.com.br\/inv-api\/wp\/v2\/posts\/654027","targetHints":{"allow":["GET"]}}],"collection":[{"href":"https:\/\/investnews.com.br\/inv-api\/wp\/v2\/posts"}],"about":[{"href":"https:\/\/investnews.com.br\/inv-api\/wp\/v2\/types\/post"}],"author":[{"embeddable":true,"href":"https:\/\/investnews.com.br\/inv-api\/wp\/v2\/users\/123"}],"replies":[{"embeddable":true,"href":"https:\/\/investnews.com.br\/inv-api\/wp\/v2\/comments?post=654027"}],"version-history":[{"count":7,"href":"https:\/\/investnews.com.br\/inv-api\/wp\/v2\/posts\/654027\/revisions"}],"predecessor-version":[{"id":654060,"href":"https:\/\/investnews.com.br\/inv-api\/wp\/v2\/posts\/654027\/revisions\/654060"}],"wp:featuredmedia":[{"embeddable":true,"href":"https:\/\/investnews.com.br\/inv-api\/wp\/v2\/media\/654036"}],"wp:attachment":[{"href":"https:\/\/investnews.com.br\/inv-api\/wp\/v2\/media?parent=654027"}],"wp:term":[{"taxonomy":"category","embeddable":true,"href":"https:\/\/investnews.com.br\/inv-api\/wp\/v2\/categories?post=654027"},{"taxonomy":"post_tag","embeddable":true,"href":"https:\/\/investnews.com.br\/inv-api\/wp\/v2\/tags?post=654027"},{"taxonomy":"autor-wsj","embeddable":true,"href":"https:\/\/investnews.com.br\/inv-api\/wp\/v2\/autor-wsj?post=654027"},{"taxonomy":"author","embeddable":true,"href":"https:\/\/investnews.com.br\/inv-api\/wp\/v2\/coauthors?post=654027"}],"curies":[{"name":"wp","href":"https:\/\/api.w.org\/{rel}","templated":true}]}}