{"id":654512,"date":"2025-02-19T09:50:20","date_gmt":"2025-02-19T12:50:20","guid":{"rendered":"https:\/\/investnews.com.br\/?p=654512"},"modified":"2025-08-08T15:56:35","modified_gmt":"2025-08-08T18:56:35","slug":"juros-altos-no-brasil-fazem-ceos-guardarem-dinheiro-ate-as-eleicoes-de-2026","status":"publish","type":"post","link":"https:\/\/investnews.com.br\/negocios\/juros-altos-no-brasil-fazem-ceos-guardarem-dinheiro-ate-as-eleicoes-de-2026\/","title":{"rendered":"Juros altos no Brasil fazem CEOs guardarem dinheiro at\u00e9 as elei\u00e7\u00f5es de 2026"},"content":{"rendered":"<p>Quando as taxas de juros do Brasil atingiram 12,25% em dezembro, logo ficou claro que nem mesmo os bilion\u00e1rios conseguiriam fazer o mercado trabalhar para eles.<\/p><p>Rubens Ometto disse que o \u00faltimo aumento nos juros foi por tr\u00e1s de sua decis\u00e3o de vender sua participa\u00e7\u00e3o de R$ 9 bilh\u00f5es na mineradora Vale no m\u00eas seguinte. Ele disse que teve que reduzir a alavancagem de seu conglomerado Cosan e pagar d\u00edvidas.<\/p><p>Esse mesmo ambiente \u2014 junto com a an\u00e1lise de infla\u00e7\u00e3o mais elevada, d\u00f3lar mais alto e d\u00edvida p\u00fablica crescente \u2014 fez com que os executivos de todos os setores pausassem os planos de investimento at\u00e9 que, eles esperam, um novo presidente seja eleito em 2026.<\/p><p>A empresa de log\u00edstica Simpar, conhecida por seu perfil de investimento agressivo, est\u00e1 planejando reduzir seu n\u00edvel de investimentos em 2025 para o menor patamar j\u00e1 registrado devido \u00e0s taxas de juros mais altas, de acordo com uma pessoa familiarizada com o assunto que n\u00e3o foi autorizado a falar publicamente. Um dos maiores atacadistas do pa\u00eds, a Sendas Distribuidora, anunciou que est\u00e1 relatando o plano de abrir novas lojas em 2025 em uma tentativa de desalavancagem.<\/p><p>O chefe de uma empresa de educa\u00e7\u00e3o disse que n\u00e3o h\u00e1 melhor investimento do que a aquisi\u00e7\u00e3o de suas pr\u00f3prias a\u00e7\u00f5es. Executivos de uma empresa de varejo e uma empresa de assist\u00eancia m\u00e9dica declararam que n\u00e3o h\u00e1 apetite para fus\u00f5es ou aquisi\u00e7\u00f5es. Todos falaram sob condi\u00e7\u00e3o de anonimato, n\u00e3o querendo criticar publicamente o governo.<\/p><section class=\"recirculation-area\">\n    <div class=\"container\">\n                <p class=\"title\">Leia mais <\/p>\n     \n            <ul class=\"recirculation-list\" data-tracking-position=\"Leia mais\">\n                            <li class=\"list-item\">\n                    <a \n                        href=\"https:\/\/investnews.com.br\/negocios\/simpar-pisa-no-freio-para-evitar-aperto-financeiro-em-2025\/\" \n                        title=\"Simpar, de Fernando Sim\u00f5es, pisa no freio para evitar aperto financeiro em 2025\" \n                        class=\"item-title recirculation-link\"\n                        data-btn-name=\"Simpar, de Fernando Sim\u00f5es, pisa no freio para evitar aperto financeiro em 2025\"\n                        data-posicao=\"Leia mais\"\n                        data-click-url=\"https:\/\/investnews.com.br\/negocios\/simpar-pisa-no-freio-para-evitar-aperto-financeiro-em-2025\/\"\n                    >\n                        Simpar, de Fernando Sim\u00f5es, pisa no freio para evitar aperto financeiro em 2025                    <\/a>\n                <\/li>\n                            <li class=\"list-item\">\n                    <a \n                        href=\"https:\/\/investnews.com.br\/negocios\/apos-prejuizo-de-r-26-bilhoes-no-trimestre-raizen-prega-volta-a-essencia\/\" \n                        title=\"Ap\u00f3s preju\u00edzo de R$ 2,6 bilh\u00f5es no trimestre, Ra\u00edzen prega &#8216;volta \u00e0 ess\u00eancia&#8217;\" \n                        class=\"item-title recirculation-link\"\n                        data-btn-name=\"Ap\u00f3s preju\u00edzo de R$ 2,6 bilh\u00f5es no trimestre, Ra\u00edzen prega &#8216;volta \u00e0 ess\u00eancia&#8217;\"\n                        data-posicao=\"Leia mais\"\n                        data-click-url=\"https:\/\/investnews.com.br\/negocios\/apos-prejuizo-de-r-26-bilhoes-no-trimestre-raizen-prega-volta-a-essencia\/\"\n                    >\n                        Ap\u00f3s preju\u00edzo de R$ 2,6 bilh\u00f5es no trimestre, Ra\u00edzen prega &#8216;volta \u00e0 ess\u00eancia&#8217;                    <\/a>\n                <\/li>\n                    <\/ul>\n    <\/div><\/section>\n<p>Embora seja normal que as empresas esperem os resultados das elei\u00e7\u00f5es para tomar grandes decis\u00f5es, uma janela de quase dois anos \u00e9 at\u00edpica e mostra o quanto suas expectativas s\u00e3o reduzidas em rela\u00e7\u00e3o ao governo do presidente Luiz In\u00e1cio Lula da Silva. Seu \u00edndice de aprova\u00e7\u00e3o caiu para 24% em fevereiro, o menor de seu mandato atual, de acordo com o Datafolha.<\/p><p>Economistas locais j\u00e1 estimam que o crescimento desacelerar\u00e1 para cerca de 2% este ano, em torno de 3,5% em 2024. Eles tamb\u00e9m estimam que a infla\u00e7\u00e3o ultrapassar\u00e1 em muito a meta de 3% do Banco Central. O governo, enquanto isso, continua confiante de que o Brasil poder\u00e1 atrair capital externo e que uma supersafra ter\u00e1 esperan\u00e7as de economia. O mercado tamb\u00e9m se recuperou significativamente ap\u00f3s o quase colapso de dezembro.<\/p><p>Embora quaisquer apostas sobre o que pode acontecer na elei\u00e7\u00e3o de 2026 sejam \u201cpura especula\u00e7\u00e3o\u201d, os partidos de esquerda est\u00e3o em decl\u00ednio globalmente e a diminui\u00e7\u00e3o do poder de compra dos consumidores no Brasil n\u00e3o \u00e9 \u00fatil para o partido de Lula, disse Gustavo Medeiros, chefe de pesquisa do Grupo Ashmore.<\/p><p>\u201cEssa tend\u00eancia pode persistir\u201d, disse ele, \u201cse o governo continuar insistindo em pol\u00edticas que n\u00e3o levem a uma ancoragem efetiva das contas fiscais\u201d.<\/p><h2 class=\"wp-block-heading\">Situa\u00e7\u00e3o do mercado<\/h2><p>As empresas brasileiras j\u00e1 enfrentaram dificuldades antes de o mercado desabar no final do ano.<\/p><p>Veja o caso da Diagn\u00f3sticos da Am\u00e9rica, a maior empresa de diagn\u00f3sticos m\u00e9dicos do pa\u00eds. Ela aproveitou taxas historicamente baixas durante a pandemia para financiar fus\u00f5es e aquisi\u00e7\u00f5es. Mas, depois que as expectativas de infla\u00e7\u00e3o dispararam, o Banco Central come\u00e7ou a aumentar os juros em setembro passado. Os custos mais altos, incluindo o servi\u00e7o da d\u00edvida, levaram a Dasa a consolidar obriga\u00e7\u00f5es, cortar investimentos e vender ativos n\u00e3o essenciais.<\/p><p>N\u00e3o houve nenhuma nova oferta p\u00fablica inicial no mercado de a\u00e7\u00f5es do Brasil desde 2021. Em 2024, as empresas brasileiras anunciaram o maior n\u00famero de programas de recompra em quase duas d\u00e9cadas, para devolver dinheiro aos investidores. <\/p><p>As fal\u00eancias tamb\u00e9m atingiram um recorde no ano passado, saltando 62% ano a ano para 2.773 empresas buscando prote\u00e7\u00e3o judicial, de acordo com a <a href=\"https:\/\/investnews.com.br\/financas\/spc-scpc-e-serasa-o-que-sao\/\">Serasa<\/a> Experian, que monitora os registros desde 1991.<\/p><p>De forma mais ampla, as reestrutura\u00e7\u00f5es financeiras j\u00e1 est\u00e3o acontecendo, e os desinvestimentos de unidades de neg\u00f3cios e ativos para desalavancagem est\u00e3o por vir, disse Celso Nishihara, chefe do banco de investimento do Banco Fator.<\/p><p>Quando o governo Lula divulgou seu pacote fiscal em novembro, bancos como Ita\u00fa e JPMorgan avaliaram que o valor total cortado \u2014 R$ 71,9 bilh\u00f5es em despesas \u2014 acabaria sendo menor do que os n\u00fameros oficiais declararam.<\/p><p>As a\u00e7\u00f5es locais ca\u00edram e o Banco Central acelerou seu ciclo de aperto, aumentando a <a href=\"https:\/\/investnews.com.br\/guias\/taxa-selic\/\">taxa Selic<\/a> em 1 ponto percentual em dezembro e novamente em janeiro, para fortalecer a infla\u00e7\u00e3o. A taxa agora est\u00e1 em 13,25%. O real brasileiro fechou o ano como a moeda principal de pior desempenho rastreada pela Bloomberg, perdendo mais de 20% em 2024.<\/p><p>O que tudo isso significa para as empresas \u00e9 aumento dos custos de capital, capacidade limitada de fazer investimentos em crescimento e produ\u00e7\u00e3o e um apetite reduzido no mercado de a\u00e7\u00f5es local, disse Nishihara.<\/p><p>At\u00e9 mesmo o fundador da XP, Guilherme Benchimol, o homem por tr\u00e1s de uma das maiores plataformas de investimento do Brasil, elogiou os t\u00edtulos indexados \u00e0 infla\u00e7\u00e3o como a melhor maneira de garantir ganhos reais de investimento no longo prazo.<\/p><h2 class=\"wp-block-heading\">Muito cedo<\/h2><p>Os investidores j\u00e1 veem o surgimento de um \u201ctrade 2026\u201d, de acordo com Lucas de Arag\u00e3o, analista pol\u00edtico da Arko Advice. Isso poderia sugerir uma aposta na moeda brasileira e nos ganhos da bolsa \u2014 uma revers\u00e3o parcial da liquida\u00e7\u00e3o de 2024 j\u00e1 vista no in\u00edcio deste ano.<\/p><p>Ainda assim, h\u00e1 muito pouco claro, dado que a direita, a oposi\u00e7\u00e3o de Lula, n\u00e3o se especifica em torno de um \u00fanico candidato, disse ele. O ex-presidente Jair Bolsonaro est\u00e1 legalmente proibido de concorrer nas pr\u00f3ximas elei\u00e7\u00f5es por causa de discuss\u00f5es infundadas que fizeram contra o sistema de vota\u00e7\u00e3o do pa\u00eds na elei\u00e7\u00e3o de 2022.<\/p><p>\u201cAinda n\u00e3o os vemos olhando esse otimismo potencial como um ponto de virada\u201d, disse Arag\u00e3o, referindo-se \u00e0 esperan\u00e7a de alguns investidores por uma mudan\u00e7a no cen\u00e1rio pol\u00edtico.<\/p><figure class=\"wp-block-image size-large\"><img loading=\"lazy\" decoding=\"async\" width=\"1024\" height=\"683\" src=\"https:\/\/media.investnews.com.br\/uploads\/2023\/04\/2023-04-10T120029Z_1_LYNXMPEJ390A5_RTROPTP_4_BACEN-FOCUS-1024x683.jpg\" alt=\"Edif\u00edcio do Banco Central do Brasil em Bras\u00edlia sob c\u00e9u nublado, com vias e vegeta\u00e7\u00e3o.\" class=\"wp-image-462287\" srcset=\"https:\/\/media.investnews.com.br\/uploads\/2023\/04\/2023-04-10T120029Z_1_LYNXMPEJ390A5_RTROPTP_4_BACEN-FOCUS-1024x683.jpg 1024w, https:\/\/media.investnews.com.br\/uploads\/2023\/04\/2023-04-10T120029Z_1_LYNXMPEJ390A5_RTROPTP_4_BACEN-FOCUS-300x200.jpg 300w, https:\/\/media.investnews.com.br\/uploads\/2023\/04\/2023-04-10T120029Z_1_LYNXMPEJ390A5_RTROPTP_4_BACEN-FOCUS-768x512.jpg 768w, https:\/\/media.investnews.com.br\/uploads\/2023\/04\/2023-04-10T120029Z_1_LYNXMPEJ390A5_RTROPTP_4_BACEN-FOCUS-1536x1024.jpg 1536w, https:\/\/media.investnews.com.br\/uploads\/2023\/04\/2023-04-10T120029Z_1_LYNXMPEJ390A5_RTROPTP_4_BACEN-FOCUS-1256x837.jpg 1256w, https:\/\/media.investnews.com.br\/uploads\/2023\/04\/2023-04-10T120029Z_1_LYNXMPEJ390A5_RTROPTP_4_BACEN-FOCUS-172x115.jpg 172w, https:\/\/media.investnews.com.br\/uploads\/2023\/04\/2023-04-10T120029Z_1_LYNXMPEJ390A5_RTROPTP_4_BACEN-FOCUS-150x100.jpg 150w, https:\/\/media.investnews.com.br\/uploads\/2023\/04\/2023-04-10T120029Z_1_LYNXMPEJ390A5_RTROPTP_4_BACEN-FOCUS.jpg 2048w\" sizes=\"auto, (max-width: 1024px) 100vw, 1024px\" \/><figcaption class=\"wp-element-caption\">Os ativos brasileiros consolidaram o ano passado com desempenho pior do que todos os principais pares, em meio ao ceticismo fiscal. 20\/03\/2020 REUTERS\/Adriano Machado<\/figcaption><\/figure><p>Os ativos locais se recuperaram em janeiro, em parte porque as promessas de tarifas do presidente dos EUA, Donald Trump, pouparam amplamente o Brasil. O governo ainda n\u00e3o discutiu a promessa de Trump de tarifas de 25% sobre o a\u00e7o, mas est\u00e1 avaliando uma ideia de cotas, que limita a quantidade de metal que vem do pa\u00eds.<\/p><p>As altas taxas de juros tamb\u00e9m encorajaram alguns investidores a reduzir suas apostas contra o real, mas o d\u00f3lar, agora perto de R$ 5,70, ainda est\u00e1 muito mais alto do que o n\u00edvel de R$ 4,90 visto no in\u00edcio de 2024. Os analistas veem o fim do ano em R$ 6.<\/p><h2 class=\"wp-block-heading\">Expectativa de supersafra<\/h2><p>O governo brasileiro \u00e9 resistente \u00e0 ideia de que os pr\u00f3ximos dois anos at\u00e9 a elei\u00e7\u00e3o ser\u00e3o perdidos.<\/p><p>\u201cN\u00e3o acredito em um bi\u00eanio perdido\u201d, disse a ministra do Planejamento e Or\u00e7amento, Simone Tebet, em uma entrevista.<\/p><p>Ela destacou o crescimento de 7% da economia nos \u00faltimos dois anos, uma democracia s\u00f3lida e as institui\u00e7\u00f5es do pa\u00eds e uma reforma tribut\u00e1ria favor\u00e1vel aos investidores. \u201cSem contar que \u00e9 barato investir no Brasil por conta do c\u00e2mbio.\u201d<\/p><p>Tebet tamb\u00e9m apontou para a meta de d\u00e9ficit zero. Ela disse que o governo aguardar\u00e1 o pr\u00f3ximo relat\u00f3rio fiscal bimestral em mar\u00e7o \u201cpara ver se novas medidas ser\u00e3o necess\u00e1rias\u201d.<\/p><p>Alguns investimentos importantes render\u00e3o frutos em 2025 e 2026, acrescentou Tebet. Ela indicou para a primeira fase das Rotas de Integra\u00e7\u00e3o Sul-Americanas, uma rede de estradas novas ou melhoradas destinadas a ligar o Brasil aos seus vizinhos. A ideia tamb\u00e9m \u00e9 que isso abrir\u00e1 uma porta para o Oceano Pac\u00edfico e, finalmente, para a China.<\/p><p>Al\u00e9m disso, o que se espera ser uma supersafra este ano est\u00e1 dando esperan\u00e7a ao governo. Os produtores locais devem colher 325,7 milh\u00f5es de toneladas de gr\u00e3os na safra de 2024 a 2025, 9,4% a mais do que na temporada anterior, informou a Companhia Nacional de Abastecimento em fevereiro. Isso estabeleceria um registro.<\/p><h2 class=\"wp-block-heading\">O longo prazo<\/h2><p>Adriana Dupita, vice-chefe de mercados emergentes da <em>Bloomberg Economics<\/em>, disse que qualquer impulso das safras ou investimentos anteriores n\u00e3o ser\u00e1 capaz de compensar uma forte desacelera\u00e7\u00e3o na atividade econ\u00f4mica nos pr\u00f3ximos dois anos.<\/p><p>\u201cO crescimento mais lento n\u00e3o \u00e9 um bug, \u00e9 mais uma caracter\u00edstica do esfor\u00e7o para domar a infla\u00e7\u00e3o\u201d, disse ela.<\/p><p>Ela disse que a desacelera\u00e7\u00e3o provavelmente ser\u00e1 tempor\u00e1ria e n\u00e3o deve desencorajar investimentos, especialmente aqueles com um horizonte mais longo, \u201cdesde que o governo resista \u00e0 tentativa de refor\u00e7ar essa desacelera\u00e7\u00e3o com est\u00edmulo fiscal ou com a ajuda de empresas estatais\u201d.<\/p><p>Em 11 de fevereiro, o ministro da Fazenda, Fernando Haddad, apresentou ao Congresso uma lista de mais de 20 propostas destinadas a fortalecer as regras fiscais, melhorar os mecanismos de prote\u00e7\u00e3o de investidores minorit\u00e1rios, modernizar o arcabou\u00e7o legal para pre\u00e7os de medicamentos e reformar a legisla\u00e7\u00e3o para parcerias p\u00fablico-privadas.<\/p><p>Ele caracterizou isso como um esfor\u00e7o para competir por capital e investimento. Apesar das \u201cdificuldades que conhecemos\u201d, disse ele, \u201co Brasil tem todas as condi\u00e7\u00f5es para aproveitar o momento\u201d.<\/p><p>\u00c9 poss\u00edvel, no entanto, que os investidores n\u00e3o tenham muita f\u00e9 em nada que o governo Lula fa\u00e7a.<\/p><p>\u201cOs mercados v\u00e3o se animar, pr\u00eamios v\u00e3o cair\u201d se uma mudan\u00e7a de governo ficar mais clara, disse Carlos Viana, ex-diretor do Banco Central e atualmente respons\u00e1vel pela pesquisa econ\u00f4mica da Kapitalo Investimentos, em um evento no final de janeiro.<\/p><p>\u201cNo outro extremo, cen\u00e1rio em que se cristaliza a reelei\u00e7\u00e3o, o cen\u00e1rio piora bastante.\u201d<\/p>\n","protected":false},"excerpt":{"rendered":"<p>Gigantes como Cosan e Simpar est\u00e3o planejando reduzir o n\u00edvel de investimentos em 2025 <\/p>\n","protected":false},"author":76,"featured_media":597895,"comment_status":"closed","ping_status":"closed","sticky":false,"template":"","format":"standard","meta":{"_acf_changed":false,"inline_featured_image":false,"footnotes":""},"categories":[6],"tags":[499,763,283,354],"autor-wsj":[],"coauthors":[101325],"class_list":["post-654512","post","type-post","status-publish","format-standard","has-post-thumbnail","hentry","category-negocios","tag-economia","tag-eleicoes","tag-governo-federal","tag-juros"],"acf":[],"amp_enabled":true,"_links":{"self":[{"href":"https:\/\/investnews.com.br\/inv-api\/wp\/v2\/posts\/654512","targetHints":{"allow":["GET"]}}],"collection":[{"href":"https:\/\/investnews.com.br\/inv-api\/wp\/v2\/posts"}],"about":[{"href":"https:\/\/investnews.com.br\/inv-api\/wp\/v2\/types\/post"}],"author":[{"embeddable":true,"href":"https:\/\/investnews.com.br\/inv-api\/wp\/v2\/users\/76"}],"replies":[{"embeddable":true,"href":"https:\/\/investnews.com.br\/inv-api\/wp\/v2\/comments?post=654512"}],"version-history":[{"count":3,"href":"https:\/\/investnews.com.br\/inv-api\/wp\/v2\/posts\/654512\/revisions"}],"predecessor-version":[{"id":701958,"href":"https:\/\/investnews.com.br\/inv-api\/wp\/v2\/posts\/654512\/revisions\/701958"}],"wp:featuredmedia":[{"embeddable":true,"href":"https:\/\/investnews.com.br\/inv-api\/wp\/v2\/media\/597895"}],"wp:attachment":[{"href":"https:\/\/investnews.com.br\/inv-api\/wp\/v2\/media?parent=654512"}],"wp:term":[{"taxonomy":"category","embeddable":true,"href":"https:\/\/investnews.com.br\/inv-api\/wp\/v2\/categories?post=654512"},{"taxonomy":"post_tag","embeddable":true,"href":"https:\/\/investnews.com.br\/inv-api\/wp\/v2\/tags?post=654512"},{"taxonomy":"autor-wsj","embeddable":true,"href":"https:\/\/investnews.com.br\/inv-api\/wp\/v2\/autor-wsj?post=654512"},{"taxonomy":"author","embeddable":true,"href":"https:\/\/investnews.com.br\/inv-api\/wp\/v2\/coauthors?post=654512"}],"curies":[{"name":"wp","href":"https:\/\/api.w.org\/{rel}","templated":true}]}}