{"id":656496,"date":"2025-02-28T06:30:00","date_gmt":"2025-02-28T09:30:00","guid":{"rendered":"https:\/\/investnews.com.br\/?p=656496"},"modified":"2025-02-28T19:33:22","modified_gmt":"2025-02-28T22:33:22","slug":"no-mercado-das-carnes-de-2025-frango-ganha-espaco-enquanto-carne-bovina-recua","status":"publish","type":"post","link":"https:\/\/investnews.com.br\/negocios\/no-mercado-das-carnes-de-2025-frango-ganha-espaco-enquanto-carne-bovina-recua\/","title":{"rendered":"Frango avan\u00e7a, boi recua: o que esperar do mercado de carnes em 2025"},"content":{"rendered":"\n<p>O consumo de carne bovina d\u00e1 sinais de retra\u00e7\u00e3o no Brasil, enquanto o frango se consolida como a escolha principal do consumidor. Ao mesmo tempo, su\u00ednos e industrializados ampliam espa\u00e7o, garantindo margens mais previs\u00edveis para os grandes frigor\u00edficos.<\/p>\n\n\n\n<p>Os resultados de <strong>BRF<\/strong> e <strong>Marfrig<\/strong>, empresas controladas pelo empres\u00e1rio <strong>Marcos Molina<\/strong> e que representam duas das maiores produtoras de carnes do mundo, d\u00e3o pistas da din\u00e2mica atual e indicam as dire\u00e7\u00f5es que o setor deve seguir nos pr\u00f3ximos meses.<\/p>\n\n\n\n<p>Se o ano passado trouxe boas not\u00edcias para os frigor\u00edficos, especialmente em rela\u00e7\u00e3o ao consumo interno impulsionado pela recupera\u00e7\u00e3o econ\u00f4mica e maior poder de compra, 2025 se desenha como um per\u00edodo de ajustes.&nbsp;<\/p>\n\n\n\n<p>Ap\u00f3s o pre\u00e7o subir mais de 20% no ano passado, maior n\u00edvel em cinco anos, o consumo de carne bovina deve seguir um caminho mais tortuoso, enquanto o de frango segue disparado na lideran\u00e7a.<\/p>\n\n\n\n<h2 class=\"wp-block-heading\">O desafio do consumo<\/h2>\n\n\n\n<p>A Marfrig, especialista na <strong>carne de boi<\/strong>, viu suas vendas crescerem 27,2% em volume no Brasil em 2024, atingindo uma <a href=\"https:\/\/investnews.com.br\/guias\/receita-liquida-o-que-e\/\">receita l\u00edquida<\/a> de R$ 7,6 bilh\u00f5es (+17,7%). No entanto, a empresa j\u00e1 sinaliza um cen\u00e1rio de menor oferta de bois para abate e, consequentemente, pre\u00e7os mais elevados em 2025.<\/p>\n\n\n\n<p>A produ\u00e7\u00e3o nacional de carne bovina deve cair 4,9% em 2025, <a href=\"https:\/\/www.conab.gov.br\/ultimas-noticias\/5906-producao-de-carnes-ultrapassa-31-milhoes-de-toneladas-em-2024-e-atinge-novo-recorde-na-serie-historica\" target=\"_blank\" rel=\"noopener\">de acordo com a Companhia Nacional de Abastecimento (<strong>Conab<\/strong>)<\/a>. Como resultado, o consumo da prote\u00edna por habitante cair\u00e1 8,9%, com o consumo de 31,9 kg per capita. <\/p>\n\n\n\n<p>&#8220;A redu\u00e7\u00e3o na oferta de gado impacta a ind\u00fastria como um todo, mas seguimos focados em agregar valor aos nossos produtos&#8221;, afirmou <strong>Rui Mendon\u00e7a<\/strong>, CEO da Marfrig para a Am\u00e9rica do Sul, em conversa com jornalistas.&nbsp;<\/p>\n\n\n<section class=\"recirculation-area\">\n    <div class=\"container\">\n                <p class=\"title\">Leia tamb\u00e9m:<\/p>\n     \n            <ul class=\"recirculation-list\" data-tracking-position=\"outros\">\n                            <li class=\"list-item\">\n                    <a href=\"https:\/\/investnews.com.br\/negocios\/no-caderninho-de-miguel-gularte-a-receita-a-moda-antiga-que-resgatou-a-brf\/\" title=\"No caderninho de Miguel Gularte, a receita (\u00e0 moda antiga) que resgatou a BRF\" class=\"item-title recirculation-link\" data-btn-name=\"No caderninho de Miguel Gularte, a receita (\u00e0 moda antiga) que resgatou a BRF\" data-posicao=\"outros\" data-click-url=\"https:\/\/investnews.com.br\/negocios\/no-caderninho-de-miguel-gularte-a-receita-a-moda-antiga-que-resgatou-a-brf\/\">\n                        No caderninho de Miguel Gularte, a receita (\u00e0 moda antiga) que resgatou a BRF                    <\/a>\n                <\/li>\n                            <li class=\"list-item\">\n                    <a href=\"https:\/\/investnews.com.br\/negocios\/no-saldao-de-fim-de-ano-brf-vai-as-compras-e-leva-parte-da-adm-em-negocio-de-carne-vegetal\/\" title=\"No sald\u00e3o de fim de ano, BRF vai \u00e0s compras e leva parte da ADM em neg\u00f3cio de carne vegetal\" class=\"item-title recirculation-link\" data-btn-name=\"No sald\u00e3o de fim de ano, BRF vai \u00e0s compras e leva parte da ADM em neg\u00f3cio de carne vegetal\" data-posicao=\"outros\" data-click-url=\"https:\/\/investnews.com.br\/negocios\/no-saldao-de-fim-de-ano-brf-vai-as-compras-e-leva-parte-da-adm-em-negocio-de-carne-vegetal\/\">\n                        No sald\u00e3o de fim de ano, BRF vai \u00e0s compras e leva parte da ADM em neg\u00f3cio de carne vegetal                    <\/a>\n                <\/li>\n                    <\/ul>\n    <\/div><\/section>\n\n\n\n<p>Se a carne bovina perde espa\u00e7o na mesa do consumidor, o frango segue nadando de bra\u00e7ada como a prote\u00edna dominante. Em momentos de pre\u00e7os mais altos da carne de boi, os consumidores costumam migrar para op\u00e7\u00f5es mais baratas \u2013 um movimento conhecido no mercado como <em>tradedown <\/em>\u2013 e a primeira op\u00e7\u00e3o costuma ser a carne do galin\u00e1ceo.<\/p>\n\n\n\n<p>A Associa\u00e7\u00e3o Brasileira de Prote\u00edna Animal (<strong>ABPA<\/strong>), que representa os frigor\u00edficos de carne su\u00edna e de frango, projeta que o consumo <em>per capita<\/em> da carne de frango crescer\u00e1 2% em 2025, atingindo <strong>46,6 kg por habitante<\/strong>, um recorde que refor\u00e7a ainda mais sua posi\u00e7\u00e3o de prote\u00edna preferida \u2013 contra os <strong>31,9 kg per capita<\/strong> da carne bovina.&nbsp;<\/p>\n\n\n\n<p>A BRF, dona da <strong>Sadia<\/strong> e da <strong>Perdig\u00e3o<\/strong>, tem conseguido capitalizar essa tend\u00eancia, com um crescimento de 7,4% na receita l\u00edquida no Brasil, que chegou a R$ 28,8 bilh\u00f5es, o que ajudou a empresa a entregar um <a href=\"https:\/\/investnews.com.br\/guias\/lucro-liquido\/\">lucro l\u00edquido<\/a> de R$ 3,7 bilh\u00f5es \u2013 o primeiro desde 2021. N\u00e3o por acaso, o resultado da carne de frango representou 74% de todo o lucro operacional (Ebitda) do grupo controlado por Molina.<\/p>\n\n\n\n<p>&#8220;Terminamos 2024 com uma posi\u00e7\u00e3o financeira s\u00f3lida, o que nos traz perspectivas excelentes para 2025. O neg\u00f3cio se encontra num excelente momento e a empresa se preparou para desfrutar e aproveitar novas oportunidades&#8221;, afirmou <strong>Miguel Gularte<\/strong>, CEO da BRF.<\/p>\n\n\n\n<p>J\u00e1 a carne su\u00edna, a terceira prote\u00edna mais consumida no pa\u00eds, deve ter um incremento de consumo de 2,7% 2025, com o consumo <strong>per capita de 20,3 kg<\/strong>, ainda de acordo com a Conab.<\/p>\n\n\n\n<p>Outra oportunidade est\u00e1 no segmento de alimentos processados \u2013 nuggets, hamb\u00fargueres, lasanha de microondas e afins \u2013, uma especialidade da BRF, que ampliou seu <em>market share<\/em> neste segmento, alcan\u00e7ando 40,8% de participa\u00e7\u00e3o de mercado em 2024.&nbsp;<\/p>\n\n\n\n<p>\u201cA estabilidade dos custos de produ\u00e7\u00e3o e a valoriza\u00e7\u00e3o dos produtos industrializados s\u00e3o pontos-chave para garantir um crescimento sustent\u00e1vel da companhia\u201d, refor\u00e7ou F\u00e1bio Mariano, CFO da BRF.<\/p>\n\n\n\n<h2 class=\"wp-block-heading\">Exporta\u00e7\u00e3o segue forte<\/h2>\n\n\n\n<p>Com uma tend\u00eancia de desacelera\u00e7\u00e3o do consumo da carne bovina no mercado interno, as exporta\u00e7\u00f5es continuam como uma via segura e rent\u00e1vel para as empresas do setor.<\/p>\n\n\n\n<p>O Brasil deve manter-se l\u00edder global na exporta\u00e7\u00e3o de carne de frango (5,3 milh\u00f5es de toneladas previstas para 2025) e carne bovina (3,9 milh\u00f5es de toneladas), enquanto as exporta\u00e7\u00f5es de carne su\u00edna devem alcan\u00e7ar 1,4 milh\u00e3o de toneladas, superando o recorde de 2024.<\/p>\n\n\n\n<p>Os mercados mais promissores incluem <strong>China<\/strong>, <strong>Oriente M\u00e9dio<\/strong>, <strong>Filipinas<\/strong> e <strong>M\u00e9xico<\/strong>, onde a demanda por prote\u00ednas segue aquecida, compensando parcialmente os ajustes no mercado interno e garantindo <a href=\"https:\/\/investnews.com.br\/guias\/rentabilidade\/\">rentabilidade<\/a> para os principais <em>players<\/em> do setor.<\/p>\n","protected":false},"excerpt":{"rendered":"<p>Enquanto BRF surfa onda do frango, Marfrig se prepara para oferta menor de bovinos, refletindo a nova realidade do mercado<\/p>\n","protected":false},"author":123,"featured_media":488833,"comment_status":"closed","ping_status":"closed","sticky":false,"template":"","format":"standard","meta":{"_acf_changed":false,"inline_featured_image":false,"footnotes":""},"categories":[6],"tags":[75,160,191],"autor-wsj":[],"coauthors":[102704],"class_list":["post-656496","post","type-post","status-publish","format-standard","has-post-thumbnail","hentry","category-negocios","tag-consumo","tag-brf","tag-marfrig"],"acf":[],"amp_enabled":true,"_links":{"self":[{"href":"https:\/\/investnews.com.br\/inv-api\/wp\/v2\/posts\/656496","targetHints":{"allow":["GET"]}}],"collection":[{"href":"https:\/\/investnews.com.br\/inv-api\/wp\/v2\/posts"}],"about":[{"href":"https:\/\/investnews.com.br\/inv-api\/wp\/v2\/types\/post"}],"author":[{"embeddable":true,"href":"https:\/\/investnews.com.br\/inv-api\/wp\/v2\/users\/123"}],"replies":[{"embeddable":true,"href":"https:\/\/investnews.com.br\/inv-api\/wp\/v2\/comments?post=656496"}],"version-history":[{"count":21,"href":"https:\/\/investnews.com.br\/inv-api\/wp\/v2\/posts\/656496\/revisions"}],"predecessor-version":[{"id":656770,"href":"https:\/\/investnews.com.br\/inv-api\/wp\/v2\/posts\/656496\/revisions\/656770"}],"wp:featuredmedia":[{"embeddable":true,"href":"https:\/\/investnews.com.br\/inv-api\/wp\/v2\/media\/488833"}],"wp:attachment":[{"href":"https:\/\/investnews.com.br\/inv-api\/wp\/v2\/media?parent=656496"}],"wp:term":[{"taxonomy":"category","embeddable":true,"href":"https:\/\/investnews.com.br\/inv-api\/wp\/v2\/categories?post=656496"},{"taxonomy":"post_tag","embeddable":true,"href":"https:\/\/investnews.com.br\/inv-api\/wp\/v2\/tags?post=656496"},{"taxonomy":"autor-wsj","embeddable":true,"href":"https:\/\/investnews.com.br\/inv-api\/wp\/v2\/autor-wsj?post=656496"},{"taxonomy":"author","embeddable":true,"href":"https:\/\/investnews.com.br\/inv-api\/wp\/v2\/coauthors?post=656496"}],"curies":[{"name":"wp","href":"https:\/\/api.w.org\/{rel}","templated":true}]}}