{"id":656843,"date":"2025-03-02T13:13:45","date_gmt":"2025-03-02T16:13:45","guid":{"rendered":"https:\/\/investnews.com.br\/?p=656843"},"modified":"2025-10-20T19:59:26","modified_gmt":"2025-10-20T22:59:26","slug":"trump-pede-investigacao-sobre-madeira-incluindo-o-brasil-antes-de-possiveis-tarifas","status":"publish","type":"post","link":"https:\/\/investnews.com.br\/economia\/trump-pede-investigacao-sobre-madeira-incluindo-o-brasil-antes-de-possiveis-tarifas\/","title":{"rendered":"Trump pede investiga\u00e7\u00e3o sobre madeira, incluindo o Brasil, antes de poss\u00edveis tarifas"},"content":{"rendered":"\n<figure class=\"wp-block-image size-large\"><img loading=\"lazy\" decoding=\"async\" width=\"1024\" height=\"575\" src=\"https:\/\/media.investnews.com.br\/uploads\/2025\/02\/in-ilustra-trump-taxacao-aco-1024x575.webp\" alt=\"Montagem em preto e branco com Donald Trumo em terno e gravata junto a elementos econ\u00f4micos dos EUA, como moedas e nota de d\u00f3lar.\" class=\"wp-image-652366\" srcset=\"https:\/\/media.investnews.com.br\/uploads\/2025\/02\/in-ilustra-trump-taxacao-aco-1024x575.webp 1024w, https:\/\/media.investnews.com.br\/uploads\/2025\/02\/in-ilustra-trump-taxacao-aco-300x168.webp 300w, https:\/\/media.investnews.com.br\/uploads\/2025\/02\/in-ilustra-trump-taxacao-aco-768x431.webp 768w, https:\/\/media.investnews.com.br\/uploads\/2025\/02\/in-ilustra-trump-taxacao-aco-1536x862.webp 1536w, https:\/\/media.investnews.com.br\/uploads\/2025\/02\/in-ilustra-trump-taxacao-aco-2048x1150.webp 2048w, https:\/\/media.investnews.com.br\/uploads\/2025\/02\/in-ilustra-trump-taxacao-aco-1256x705.webp 1256w, https:\/\/media.investnews.com.br\/uploads\/2025\/02\/in-ilustra-trump-taxacao-aco-172x97.webp 172w, https:\/\/media.investnews.com.br\/uploads\/2025\/02\/in-ilustra-trump-taxacao-aco-150x84.webp 150w\" sizes=\"auto, (max-width: 1024px) 100vw, 1024px\" \/><figcaption class=\"wp-element-caption\">Ilustra\u00e7\u00e3o: Jo\u00e3o Brito<\/figcaption><\/figure>\n\n\n\n<p>O presidente dos <strong>Estados Unidos<\/strong>, <strong>Donald Trump<\/strong>, est\u00e1 ordenando ao Departamento de Com\u00e9rcio que inicie uma investiga\u00e7\u00e3o sobre o potencial preju\u00edzo \u00e0 seguran\u00e7a nacional causado pelas <strong>importa\u00e7\u00f5es de madeira<\/strong>, preparando o terreno legal para as novas tarifas que ele prometeu.<\/p>\n\n\n\n<p>A <strong>investiga\u00e7\u00e3o vai analisar se exportadores como Canad\u00e1, Alemanha e Brasil est\u00e3o \u201cdespejando\u201d madeira nos mercados americanos<\/strong> em detrimento da \u201cprosperidade econ\u00f4mica e da seguran\u00e7a nacional dos EUA\u201d, segundo um alto funcion\u00e1rio do governo que falou com rep\u00f3rteres sob condi\u00e7\u00e3o de anonimato.<\/p>\n\n\n\n<p>As autoridades v\u00e3o examinar o impacto de subs\u00eddios de governos estrangeiros, pr\u00e1ticas comerciais predat\u00f3rias e produtos derivados \u2014 em especial se pa\u00edses como a <strong>China <\/strong>est\u00e3o reduzindo artificialmente o pre\u00e7o de itens como arm\u00e1rios de cozinha.&nbsp;<\/p>\n\n\n\n<p>Trump j\u00e1 havia declarado anteriormente que est\u00e1 <strong>considerando a possibilidade de impor tarifas de 25%<\/strong> sobre madeira num futuro pr\u00f3ximo, mas o funcion\u00e1rio afirmou que a investiga\u00e7\u00e3o tamb\u00e9m pode resultar em mudan\u00e7as regulat\u00f3rias para facilitar a extra\u00e7\u00e3o de madeira.<\/p>\n\n\n\n<p>Paralelamente, Trump est\u00e1 assinando uma ordem executiva intitulada \u201cLiberando Nossas Florestas\u201d (\u201c<em>Freeing our Forests<\/em>\u201d), que se concentrar\u00e1 em simplificar o processo de licenciamento regulat\u00f3rio, permitindo maior extra\u00e7\u00e3o de madeira de reflorestamento.<\/p>\n\n\n<section class=\"recirculation-area\">\n    <div class=\"container\">\n                <p class=\"title\">Leia tamb\u00e9m:<\/p>\n     \n            <ul class=\"recirculation-list\" data-tracking-position=\"outros\">\n                            <li class=\"list-item\">\n                    <a \n                        href=\"https:\/\/investnews.com.br\/negocios\/trump-confirma-tarifas-sobre-canada-mexico-e-china-a-partir-de-4-de-marco\/\" \n                        title=\"Trump confirma tarifas sobre Canad\u00e1, M\u00e9xico e China a partir de 4 de mar\u00e7o\" \n                        class=\"item-title recirculation-link\"\n                        data-btn-name=\"Trump confirma tarifas sobre Canad\u00e1, M\u00e9xico e China a partir de 4 de mar\u00e7o\"\n                        data-posicao=\"outros\"\n                        data-click-url=\"https:\/\/investnews.com.br\/negocios\/trump-confirma-tarifas-sobre-canada-mexico-e-china-a-partir-de-4-de-marco\/\"\n                    >\n                        Trump confirma tarifas sobre Canad\u00e1, M\u00e9xico e China a partir de 4 de mar\u00e7o                    <\/a>\n                <\/li>\n                            <li class=\"list-item\">\n                    <a \n                        href=\"https:\/\/investnews.com.br\/economia\/e-possivel-diz-trump-sobre-novo-acordo-comercial-com-a-china\/\" \n                        title=\"&#8216;\u00c9 poss\u00edvel&#8217;, diz Trump sobre novo acordo comercial com a China\" \n                        class=\"item-title recirculation-link\"\n                        data-btn-name=\"&#8216;\u00c9 poss\u00edvel&#8217;, diz Trump sobre novo acordo comercial com a China\"\n                        data-posicao=\"outros\"\n                        data-click-url=\"https:\/\/investnews.com.br\/economia\/e-possivel-diz-trump-sobre-novo-acordo-comercial-com-a-china\/\"\n                    >\n                        &#8216;\u00c9 poss\u00edvel&#8217;, diz Trump sobre novo acordo comercial com a China                    <\/a>\n                <\/li>\n                            <li class=\"list-item\">\n                    <a \n                        href=\"https:\/\/investnews.com.br\/economia\/trump-diz-que-vai-dar-visto-gold-card-para-estrangeiro-que-pagar-us-5-milhoes\/\" \n                        title=\"Trump diz que vai dar visto &#8216;Gold Card&#8217; para estrangeiro que pagar US$ 5 milh\u00f5es\" \n                        class=\"item-title recirculation-link\"\n                        data-btn-name=\"Trump diz que vai dar visto &#8216;Gold Card&#8217; para estrangeiro que pagar US$ 5 milh\u00f5es\"\n                        data-posicao=\"outros\"\n                        data-click-url=\"https:\/\/investnews.com.br\/economia\/trump-diz-que-vai-dar-visto-gold-card-para-estrangeiro-que-pagar-us-5-milhoes\/\"\n                    >\n                        Trump diz que vai dar visto &#8216;Gold Card&#8217; para estrangeiro que pagar US$ 5 milh\u00f5es                    <\/a>\n                <\/li>\n                    <\/ul>\n    <\/div><\/section>\n\n\n\n<p>O funcion\u00e1rio se recusou a dizer quanto tempo a investiga\u00e7\u00e3o dever\u00e1 durar, mas indicou que o Departamento de Com\u00e9rcio agir\u00e1 rapidamente. Ele tamb\u00e9m n\u00e3o esclareceu se eventuais tarifas decorrentes dessa investiga\u00e7\u00e3o se somariam aos planos atuais de Trump de impor as chamadas \u201ctarifas rec\u00edprocas\u201d a outros pa\u00edses, ou se fariam parte de uma tarifa de 25% sobre Canad\u00e1 e M\u00e9xico, prevista para entrar em vigor na pr\u00f3xima semana.<\/p>\n\n\n\n<p>A movimenta\u00e7\u00e3o de Trump em rela\u00e7\u00e3o \u00e0 madeira atende a dois prop\u00f3sitos pol\u00edticos. H\u00e1 tempos o presidente culpa a manuten\u00e7\u00e3o florestal, em vez das mudan\u00e7as clim\u00e1ticas, por uma s\u00e9rie de inc\u00eandios na Calif\u00f3rnia, incluindo os mais recentes, que devastaram grandes \u00e1reas da regi\u00e3o de Los Angeles.<\/p>\n\n\n\n<p>Al\u00e9m disso, a madeira de con\u00edferas \u00e9 um motivo de disc\u00f3rdia de d\u00e9cadas nas rela\u00e7\u00f5es comerciais entre Ottawa e Washington, pois a ind\u00fastria americana acusa os produtores canadenses de vender madeira a pre\u00e7os abaixo do valor de mercado. Os EUA alegam que o Canad\u00e1 subsidia seus madeireiros ao cobrar taxas muito baixas pela extra\u00e7\u00e3o, e repetidamente impuseram tarifas sobre a madeira canadense ao longo dos anos.<\/p>\n\n\n\n<p>No \u00faltimo ver\u00e3o, os EUA elevaram as taxas sobre a madeira canadense para 14,54%, um n\u00edvel que j\u00e1 pressionou a produ\u00e7\u00e3o local e levantou preocupa\u00e7\u00f5es sobre a viabilidade futura de algumas serrarias na regi\u00e3o norte do Canad\u00e1.<\/p>\n\n\n\n<p>Ainda assim, uma tarifa de 25% \u2014 principalmente se aplicada al\u00e9m das taxas atuais \u2014 causaria danos econ\u00f4micos em ambos os lados da fronteira. A produ\u00e7\u00e3o de madeira nos EUA vem aumentando, mas o pa\u00eds ainda depende de importa\u00e7\u00f5es para suprir a demanda. Segundo a <em>National Association of Home Builders<\/em>, a maior parte das importa\u00e7\u00f5es americanas de madeira de con\u00edferas vem do Canad\u00e1.<\/p>\n\n\n\n<p>Em fevereiro, Trump tamb\u00e9m assinou uma a\u00e7\u00e3o executiva ordenando ao Departamento de Com\u00e9rcio que examinasse poss\u00edveis tarifas sobre o cobre. Autoridades do governo afirmam que isso \u00e9 necess\u00e1rio para ajudar a revitalizar a produ\u00e7\u00e3o dom\u00e9stica de um metal crucial para as economias modernas.&nbsp;<\/p>\n\n\n\n<p>Elas argumentam que pr\u00e1ticas de dumping e excesso de capacidade nos mercados mundiais v\u00eam afetando a produ\u00e7\u00e3o de cobre nos EUA, tornando sistemas de armas e outros produtos estrat\u00e9gicos dependentes de importa\u00e7\u00f5es.<\/p>\n\n\n\n<figure class=\"wp-block-embed is-type-video is-provider-youtube wp-block-embed-youtube wp-embed-aspect-16-9 wp-has-aspect-ratio\"><div class=\"wp-block-embed__wrapper\">\n<iframe loading=\"lazy\" title=\"Novas tarifas de Trump agora afetam empresas de tecnologia\" width=\"500\" height=\"281\" src=\"https:\/\/www.youtube.com\/embed\/SviUTx7DLwM?feature=oembed\" frameborder=\"0\" allow=\"accelerometer; autoplay; clipboard-write; encrypted-media; gyroscope; picture-in-picture; web-share\" referrerpolicy=\"strict-origin-when-cross-origin\" allowfullscreen><\/iframe>\n<\/div><\/figure>\n\n\n\n<p><em>\u00a92025 Bloomberg L.P.<\/em><\/p>\n","protected":false},"excerpt":{"rendered":"<p>Apura\u00e7\u00e3o foca poss\u00edveis pr\u00e1ticas de subs\u00eddios, elevando riscos de novas sobretaxas contra grandes exportadores<\/p>\n","protected":false},"author":76,"featured_media":652366,"comment_status":"closed","ping_status":"closed","sticky":false,"template":"","format":"standard","meta":{"_acf_changed":false,"inline_featured_image":false,"footnotes":""},"categories":[5],"tags":[],"autor-wsj":[],"coauthors":[101325],"class_list":["post-656843","post","type-post","status-publish","format-standard","has-post-thumbnail","hentry","category-economia"],"acf":[],"amp_enabled":true,"_links":{"self":[{"href":"https:\/\/investnews.com.br\/inv-api\/wp\/v2\/posts\/656843","targetHints":{"allow":["GET"]}}],"collection":[{"href":"https:\/\/investnews.com.br\/inv-api\/wp\/v2\/posts"}],"about":[{"href":"https:\/\/investnews.com.br\/inv-api\/wp\/v2\/types\/post"}],"author":[{"embeddable":true,"href":"https:\/\/investnews.com.br\/inv-api\/wp\/v2\/users\/76"}],"replies":[{"embeddable":true,"href":"https:\/\/investnews.com.br\/inv-api\/wp\/v2\/comments?post=656843"}],"version-history":[{"count":2,"href":"https:\/\/investnews.com.br\/inv-api\/wp\/v2\/posts\/656843\/revisions"}],"predecessor-version":[{"id":726864,"href":"https:\/\/investnews.com.br\/inv-api\/wp\/v2\/posts\/656843\/revisions\/726864"}],"wp:featuredmedia":[{"embeddable":true,"href":"https:\/\/investnews.com.br\/inv-api\/wp\/v2\/media\/652366"}],"wp:attachment":[{"href":"https:\/\/investnews.com.br\/inv-api\/wp\/v2\/media?parent=656843"}],"wp:term":[{"taxonomy":"category","embeddable":true,"href":"https:\/\/investnews.com.br\/inv-api\/wp\/v2\/categories?post=656843"},{"taxonomy":"post_tag","embeddable":true,"href":"https:\/\/investnews.com.br\/inv-api\/wp\/v2\/tags?post=656843"},{"taxonomy":"autor-wsj","embeddable":true,"href":"https:\/\/investnews.com.br\/inv-api\/wp\/v2\/autor-wsj?post=656843"},{"taxonomy":"author","embeddable":true,"href":"https:\/\/investnews.com.br\/inv-api\/wp\/v2\/coauthors?post=656843"}],"curies":[{"name":"wp","href":"https:\/\/api.w.org\/{rel}","templated":true}]}}