{"id":656913,"date":"2025-03-03T07:55:22","date_gmt":"2025-03-03T10:55:22","guid":{"rendered":"https:\/\/investnews.com.br\/?p=656913"},"modified":"2025-08-08T15:56:07","modified_gmt":"2025-08-08T18:56:07","slug":"ainda-estou-aqui-faz-historia-e-leva-o-1o-oscar-do-brasil-em-melhor-filme-internacional","status":"publish","type":"post","link":"https:\/\/investnews.com.br\/off-work\/ainda-estou-aqui-faz-historia-e-leva-o-1o-oscar-do-brasil-em-melhor-filme-internacional\/","title":{"rendered":"&#8216;Ainda Estou Aqui&#8217; faz hist\u00f3ria\u00a0e leva o 1\u00ba Oscar do Brasil de melhor filme internacional"},"content":{"rendered":"<figure class=\"wp-block-image size-large\"><img loading=\"lazy\" decoding=\"async\" width=\"1024\" height=\"683\" src=\"https:\/\/media.investnews.com.br\/uploads\/2025\/03\/oscar_walter_salles-1-1024x683.jpg\" alt='Homem de terno segura um Oscar dourado. Ao fundo, o logo \"OSCARS\".' class=\"wp-image-656917\" srcset=\"https:\/\/media.investnews.com.br\/uploads\/2025\/03\/oscar_walter_salles-1-1024x683.jpg 1024w, https:\/\/media.investnews.com.br\/uploads\/2025\/03\/oscar_walter_salles-1-300x200.jpg 300w, https:\/\/media.investnews.com.br\/uploads\/2025\/03\/oscar_walter_salles-1-768x512.jpg 768w, https:\/\/media.investnews.com.br\/uploads\/2025\/03\/oscar_walter_salles-1-1536x1024.jpg 1536w, https:\/\/media.investnews.com.br\/uploads\/2025\/03\/oscar_walter_salles-1-1256x837.jpg 1256w, https:\/\/media.investnews.com.br\/uploads\/2025\/03\/oscar_walter_salles-1-172x115.jpg 172w, https:\/\/media.investnews.com.br\/uploads\/2025\/03\/oscar_walter_salles-1-150x100.jpg 150w, https:\/\/media.investnews.com.br\/uploads\/2025\/03\/oscar_walter_salles-1.jpg 1920w\" sizes=\"auto, (max-width: 1024px) 100vw, 1024px\" \/><figcaption class=\"wp-element-caption\">Walter Salles levou o Oscar de melhor filme internacional pelo longa metragem &#8216;Ainda Estou Aqui&#8217;. Foto: Mike Coppola\/Getty Images<\/figcaption><\/figure><p>O filme brasileiro &#8220;Ainda Estou Aqui&#8221; entrou para a hist\u00f3ria neste domingo (2) ao render ao Brasil seu primeiro Oscar em uma categoria principal, a de melhor filme internacional.<\/p><p>O longa metragem tem como pano de fundo a ditadura militar e conta a hist\u00f3ria real de uma m\u00e3e de cinco filhos cujo marido, Rubens Paiva, desaparece, levado pelos militares. Em seu discurso de agradecimento, o diretor Walter Salles dedicou o pr\u00eamio a Eunice Paiva, esposa de Rubens, que, segundo o diretor, decidiu &#8220;n\u00e3o se curvar e resistir&#8221;.<\/p><p>&#8220;Este pr\u00eamio vai para ela, Eunice Paiva, e vai para as duas mulheres extraordin\u00e1rias que lhe deram vida, Fernanda Torres e Fernanda Montenegro&#8221;, disse ele.<\/p><figure class=\"wp-block-image size-large\"><img loading=\"lazy\" decoding=\"async\" width=\"1024\" height=\"741\" src=\"https:\/\/media.investnews.com.br\/uploads\/2025\/03\/oscar_walter-salles_discurso-1-1024x741.jpg\" alt=\"Homem de terno e \u00f3culos ergue um Oscar com a m\u00e3o direita e coloca a esquerda no peito, no palco.\" class=\"wp-image-656918\" srcset=\"https:\/\/media.investnews.com.br\/uploads\/2025\/03\/oscar_walter-salles_discurso-1-1024x741.jpg 1024w, https:\/\/media.investnews.com.br\/uploads\/2025\/03\/oscar_walter-salles_discurso-1-300x217.jpg 300w, https:\/\/media.investnews.com.br\/uploads\/2025\/03\/oscar_walter-salles_discurso-1-768x556.jpg 768w, https:\/\/media.investnews.com.br\/uploads\/2025\/03\/oscar_walter-salles_discurso-1-1536x1112.jpg 1536w, https:\/\/media.investnews.com.br\/uploads\/2025\/03\/oscar_walter-salles_discurso-1-1256x909.jpg 1256w, https:\/\/media.investnews.com.br\/uploads\/2025\/03\/oscar_walter-salles_discurso-1-172x125.jpg 172w, https:\/\/media.investnews.com.br\/uploads\/2025\/03\/oscar_walter-salles_discurso-1-150x109.jpg 150w, https:\/\/media.investnews.com.br\/uploads\/2025\/03\/oscar_walter-salles_discurso-1.jpg 1920w\" sizes=\"auto, (max-width: 1024px) 100vw, 1024px\" \/><figcaption class=\"wp-element-caption\">Walter Salles discursa ap\u00f3s receber o Oscar por melhor filme internacional. Foto: Kevin Winter\/Getty Images<\/figcaption><\/figure><p>Adaptado do livro de mem\u00f3rias de 2015 escrito por Marcelo Rubens Paiva, filho da protagonista Eunice Paiva, &#8220;I Am Still Here&#8221;, nome em ingl\u00eas do filme, compartilha a hist\u00f3ria comovente de perda e resili\u00eancia da fam\u00edlia diante da opress\u00e3o.<\/p><p>A fam\u00edlia Paiva foi uma das muitas v\u00edtimas do regime militar no Brasil, que durou 21 anos e foi estabelecido ap\u00f3s um golpe de estado das for\u00e7as armadas em 1964. Durante esse per\u00edodo, milhares de pessoas foram detidas, torturadas e centenas desapareceram \u00e0 for\u00e7a, sendo que muitas foram exiladas e perseguidas.<\/p><section class=\"recirculation-area\">\n    <div class=\"container\">\n                <p class=\"title\">Leia mais<\/p>\n     \n            <ul class=\"recirculation-list\" data-tracking-position=\"Leia mais\">\n                            <li class=\"list-item\">\n                    <a \n                        href=\"https:\/\/investnews.com.br\/financas\/oscar-2025-de-onde-vem-a-fortuna-de-walter-salles-diretor-de-ainda-estou-aqui\/\" \n                        title=\"Oscar 2025: De onde vem a fortuna de Walter Salles, diretor de &#8216;Ainda Estou Aqui&#8217;?\" \n                        class=\"item-title recirculation-link\"\n                        data-btn-name=\"Oscar 2025: De onde vem a fortuna de Walter Salles, diretor de &#8216;Ainda Estou Aqui&#8217;?\"\n                        data-posicao=\"Leia mais\"\n                        data-click-url=\"https:\/\/investnews.com.br\/financas\/oscar-2025-de-onde-vem-a-fortuna-de-walter-salles-diretor-de-ainda-estou-aqui\/\"\n                    >\n                        Oscar 2025: De onde vem a fortuna de Walter Salles, diretor de &#8216;Ainda Estou Aqui&#8217;?                    <\/a>\n                <\/li>\n                            <li class=\"list-item\">\n                    <a \n                        href=\"https:\/\/investnews.com.br\/carreira\/o-que-fernanda-torres-e-demi-moore-ensinam-sobre-o-mercado-de-trabalho-para-as-mulheres\/\" \n                        title=\"O que Fernanda Torres e Demi Moore ensinam sobre mulheres e mercado de trabalho?\" \n                        class=\"item-title recirculation-link\"\n                        data-btn-name=\"O que Fernanda Torres e Demi Moore ensinam sobre mulheres e mercado de trabalho?\"\n                        data-posicao=\"Leia mais\"\n                        data-click-url=\"https:\/\/investnews.com.br\/carreira\/o-que-fernanda-torres-e-demi-moore-ensinam-sobre-o-mercado-de-trabalho-para-as-mulheres\/\"\n                    >\n                        O que Fernanda Torres e Demi Moore ensinam sobre mulheres e mercado de trabalho?                    <\/a>\n                <\/li>\n                    <\/ul>\n    <\/div><\/section>\n<h2 class=\"wp-block-heading\">Outras indica\u00e7\u00f5es<\/h2><p>O filme j\u00e1 havia feito hist\u00f3ria por ter sido um dos dez indicados na categoria de melhor filme, a primeira fez que uma produ\u00e7\u00e3o brasileira competiu na categoria, e pela indica\u00e7\u00e3o de Fernanda Torres, que interpretou Eunice, para a categoria de melhor atriz.<\/p><p>Ambas as categorias foram vencidas por &#8220;Anora&#8221;, um filme independente americano que retrata a realidade de uma trabalhadora do sexo em Nova York. A produ\u00e7\u00e3o de baixo or\u00e7amento conquistou cinco das seis estatuetas \u00e0s quais estava concorrendo, com Mikey Madison vencendo o Oscar de melhor atriz e o diretor Sean Baker sendo premiado nas categorias de melhor roteiro, melhor edi\u00e7\u00e3o, melhor dire\u00e7\u00e3o e melhor filme \u2014 dividindo esse \u00faltimo pr\u00eamio com os produtores do longa metragem.<\/p><figure class=\"wp-block-image size-large\"><img loading=\"lazy\" decoding=\"async\" width=\"1024\" height=\"683\" src=\"https:\/\/media.investnews.com.br\/uploads\/2025\/03\/oscar_mikey_fernanda_walter-1-1024x683.jpg\" alt=\"Duas mulheres e um homem sorrindo e segurando estatuetas do Oscar.\" class=\"wp-image-656916\" srcset=\"https:\/\/media.investnews.com.br\/uploads\/2025\/03\/oscar_mikey_fernanda_walter-1-1024x683.jpg 1024w, https:\/\/media.investnews.com.br\/uploads\/2025\/03\/oscar_mikey_fernanda_walter-1-300x200.jpg 300w, https:\/\/media.investnews.com.br\/uploads\/2025\/03\/oscar_mikey_fernanda_walter-1-768x512.jpg 768w, https:\/\/media.investnews.com.br\/uploads\/2025\/03\/oscar_mikey_fernanda_walter-1-1536x1025.jpg 1536w, https:\/\/media.investnews.com.br\/uploads\/2025\/03\/oscar_mikey_fernanda_walter-1-1256x838.jpg 1256w, https:\/\/media.investnews.com.br\/uploads\/2025\/03\/oscar_mikey_fernanda_walter-1-172x115.jpg 172w, https:\/\/media.investnews.com.br\/uploads\/2025\/03\/oscar_mikey_fernanda_walter-1-150x100.jpg 150w, https:\/\/media.investnews.com.br\/uploads\/2025\/03\/oscar_mikey_fernanda_walter-1.jpg 1920w\" sizes=\"auto, (max-width: 1024px) 100vw, 1024px\" \/><figcaption class=\"wp-element-caption\">Mikey Madison, vencedora do Oscar de melhor atriz em 2025 por &#8216;Anora&#8217;, com Fernanda Torres e Walter Salles ap\u00f3s a cerim\u00f4nia de premia\u00e7\u00e3o. Foto: Getty Images<\/figcaption><\/figure><h2 class=\"wp-block-heading\">Repercuss\u00e3o<\/h2><p>Logo depois do an\u00fancio da vit\u00f3ria brasileira, o presidente Luiz In\u00e1cio Lula da Silva usou suas contas nas redes sociais para comemorar o pr\u00eamio.<\/p><p>&#8220;Hoje \u00e9 o dia de sentir ainda mais orgulho de ser brasileiro. Orgulho do nosso cinema, dos nossos artistas e, principalmente, orgulho da nossa democracia&#8221;, escreveu. &#8220;O Oscar de Melhor Filme Internacional para Ainda Estou Aqui \u00e9 o reconhecimento do trabalho de Walter Salles e toda equipe, de Fernanda Torres e Fernanda Montenegro, Selton Mello, do Marcelo Rubens Paiva e fam\u00edlia e todos os envolvidos nessa extraordin\u00e1ria obra que mostrou ao Brasil e ao mundo a import\u00e2ncia da luta contra o autoritarismo.&#8221;<\/p><figure class=\"wp-block-image size-large\"><img decoding=\"async\" src=\"https:\/\/media.investnews.com.br\/uploads\/2025\/03\/oscar_fernanda_torres-walter_salles-1-683x1024.jpg\" alt=\"Um homem de terno e uma mulher em vestido preto longo posam sorrindo no tapete vermelho do Oscar.\" class=\"wp-image-656915\"><figcaption class=\"wp-element-caption\">Walter Salles e Fernanda Torres no tapete vermelho do Oscar 2025. Foto: Monica Schipper\/Getty Images<\/figcaption><\/figure><h2 class=\"wp-block-heading\">Brasil no Oscar<\/h2><p>O \u00faltimo filme brasileiro a ser indicado pela Academia na categoria internacional foi &#8220;Central do Brasil&#8221;, em 1999, tamb\u00e9m dirigido por Salles.<\/p><p>Em 1960, a coprodu\u00e7\u00e3o Fran\u00e7a, It\u00e1lia e Brasil &#8220;Orfeu Negro&#8221;, com um elenco predominantemente brasileiro e dire\u00e7\u00e3o francesa, venceu a categoria internacional, mas quem recebeu o pr\u00eamio foi a Fran\u00e7a.<\/p>\n","protected":false},"excerpt":{"rendered":"<p>O cineasta Walter Salles dedicou o pr\u00eamio a Eunice Paiva, Fernanda Torres e Fernanda Montenegro<\/p>\n","protected":false},"author":61,"featured_media":656918,"comment_status":"closed","ping_status":"closed","sticky":false,"template":"","format":"standard","meta":{"_acf_changed":false,"inline_featured_image":false,"footnotes":""},"categories":[102723],"tags":[],"autor-wsj":[],"coauthors":[2494,1494],"class_list":["post-656913","post","type-post","status-publish","format-standard","has-post-thumbnail","hentry","category-off-work"],"acf":[],"amp_enabled":true,"_links":{"self":[{"href":"https:\/\/investnews.com.br\/inv-api\/wp\/v2\/posts\/656913","targetHints":{"allow":["GET"]}}],"collection":[{"href":"https:\/\/investnews.com.br\/inv-api\/wp\/v2\/posts"}],"about":[{"href":"https:\/\/investnews.com.br\/inv-api\/wp\/v2\/types\/post"}],"author":[{"embeddable":true,"href":"https:\/\/investnews.com.br\/inv-api\/wp\/v2\/users\/61"}],"replies":[{"embeddable":true,"href":"https:\/\/investnews.com.br\/inv-api\/wp\/v2\/comments?post=656913"}],"version-history":[{"count":6,"href":"https:\/\/investnews.com.br\/inv-api\/wp\/v2\/posts\/656913\/revisions"}],"predecessor-version":[{"id":701932,"href":"https:\/\/investnews.com.br\/inv-api\/wp\/v2\/posts\/656913\/revisions\/701932"}],"wp:featuredmedia":[{"embeddable":true,"href":"https:\/\/investnews.com.br\/inv-api\/wp\/v2\/media\/656918"}],"wp:attachment":[{"href":"https:\/\/investnews.com.br\/inv-api\/wp\/v2\/media?parent=656913"}],"wp:term":[{"taxonomy":"category","embeddable":true,"href":"https:\/\/investnews.com.br\/inv-api\/wp\/v2\/categories?post=656913"},{"taxonomy":"post_tag","embeddable":true,"href":"https:\/\/investnews.com.br\/inv-api\/wp\/v2\/tags?post=656913"},{"taxonomy":"autor-wsj","embeddable":true,"href":"https:\/\/investnews.com.br\/inv-api\/wp\/v2\/autor-wsj?post=656913"},{"taxonomy":"author","embeddable":true,"href":"https:\/\/investnews.com.br\/inv-api\/wp\/v2\/coauthors?post=656913"}],"curies":[{"name":"wp","href":"https:\/\/api.w.org\/{rel}","templated":true}]}}