{"id":656976,"date":"2025-03-03T14:20:58","date_gmt":"2025-03-03T17:20:58","guid":{"rendered":"https:\/\/investnews.com.br\/?p=656976"},"modified":"2025-08-08T15:56:04","modified_gmt":"2025-08-08T18:56:04","slug":"vendas-aceleradas-de-produtores-de-cafe-do-brasil-reduzem-estoques-para-minima-historica","status":"publish","type":"post","link":"https:\/\/investnews.com.br\/negocios\/vendas-aceleradas-de-produtores-de-cafe-do-brasil-reduzem-estoques-para-minima-historica\/","title":{"rendered":"Vendas aceleradas de produtores de caf\u00e9 do Brasil reduzem estoques para m\u00ednima hist\u00f3rica"},"content":{"rendered":"<figure class=\"wp-block-image size-large\"><img loading=\"lazy\" decoding=\"async\" width=\"1024\" height=\"683\" src=\"https:\/\/media.investnews.com.br\/uploads\/2025\/03\/cafe_producao-1-1024x683.jpg\" alt=\"Vista a\u00e9rea de lavouras em linha, verdes e marrons, com estrada de terra central.\" class=\"wp-image-656978\" srcset=\"https:\/\/media.investnews.com.br\/uploads\/2025\/03\/cafe_producao-1-1024x683.jpg 1024w, https:\/\/media.investnews.com.br\/uploads\/2025\/03\/cafe_producao-1-300x200.jpg 300w, https:\/\/media.investnews.com.br\/uploads\/2025\/03\/cafe_producao-1-768x512.jpg 768w, https:\/\/media.investnews.com.br\/uploads\/2025\/03\/cafe_producao-1-1536x1024.jpg 1536w, https:\/\/media.investnews.com.br\/uploads\/2025\/03\/cafe_producao-1-1256x837.jpg 1256w, https:\/\/media.investnews.com.br\/uploads\/2025\/03\/cafe_producao-1-172x115.jpg 172w, https:\/\/media.investnews.com.br\/uploads\/2025\/03\/cafe_producao-1-150x100.jpg 150w, https:\/\/media.investnews.com.br\/uploads\/2025\/03\/cafe_producao-1.jpg 1920w\" sizes=\"auto, (max-width: 1024px) 100vw, 1024px\" \/><figcaption class=\"wp-element-caption\">Imagem de drone mostra planta\u00e7\u00e3o de caf\u00e9 em Guaxup\u00e9 (MG). Foto: Reuters\/Carla Carniel<\/figcaption><\/figure><p>Dentro de um armaz\u00e9m para 250 mil sacas de 60 kg de caf\u00e9 em uma grande cooperativa no interior de Sa\u0303o Paulo, as vozes e o barulho da movimenta\u00e7\u00e3o das m\u00e1quinas ecoam alto no espa\u00e7o que tem apenas cerca de 25% de sua capacidade ocupada.<\/p><p>A situa\u00e7\u00e3o ocorre ap\u00f3s vendas aceleradas de produtores brasileiros que deixaram os estoques dispon\u00edveis nos menores patamares j\u00e1 vistos, \u00e0 medida que eles aproveitaram para fechar neg\u00f3cios na escalada de pre\u00e7os desde 2024.<\/p><p>As cota\u00e7\u00f5es globais do caf\u00e9 <a href=\"https:\/\/investnews.com.br\/negocios\/o-que-esta-por-tras-da-alta-do-cafe-que-dobrou-de-preco-no-mercado-internacional\/\">quase dobraram nos \u00faltimos 14 meses<\/a>, uma vez que o mau tempo reduziu as colheitas nos principais fornecedores mundiais, Brasil e Vietn\u00e3, aumentando o custo do &#8220;cafezinho&#8221; no mundo todo.<\/p><figure class=\"wp-block-embed is-type-video is-provider-youtube wp-block-embed-youtube wp-embed-aspect-16-9 wp-has-aspect-ratio\"><div class=\"wp-block-embed__wrapper\">\n<iframe loading=\"lazy\" title=\"Por que o caf\u00e9 que voc\u00ea toma est\u00e1 t\u00e3o caro\" width=\"500\" height=\"281\" src=\"https:\/\/www.youtube.com\/embed\/3sM4gWvy7wo?feature=oembed\" frameborder=\"0\" allow=\"accelerometer; autoplay; clipboard-write; encrypted-media; gyroscope; picture-in-picture; web-share\" referrerpolicy=\"strict-origin-when-cross-origin\" allowfullscreen><\/iframe>\n<\/div><\/figure><p>As perspectivas para a nova safra no Brasil continuam pouco animadoras, o que significa que os consumidores podem novamente demandar mais caf\u00e9 do que o produzido globalmente em 2025 \u2014 pela quarta vez nos \u00faltimos seis anos.<\/p><p>&#8220;\u00c9 uma das primeiras vezes que a gente atingiu um estoque t\u00e3o baixo e t\u00e3o longe da safra, sendo que a gente est\u00e1 a\u00ed a quatro a seis meses da (colheita da nova) safra&#8221;, disse Willian C\u00e9sar Freiria, gerente de comercializa\u00e7\u00e3o de caf\u00e9 da cooperativa Cocapec, com sede em Franca (SP).<\/p><p>A Cocapec, instalada em uma das mais tradicionais regi\u00f5es do caf\u00e9, no norte paulista, recebeu 1,1 milh\u00e3o de sacas de gr\u00e3os 100% ar\u00e1bica em 2024, versus 1,5 milh\u00e3o em 2023, por conta da quebra de produ\u00e7\u00e3o.<\/p><p>&#8220;At\u00e9 a nova entrada de caf\u00e9, n\u00f3s teremos muito pouco caf\u00e9 a ser comercializado. E n\u00e3o \u00e9 s\u00f3 a nossa cooperativa, mas o Brasil todo est\u00e1 nesse mesmo percentual de comercializa\u00e7\u00e3o&#8221;, disse Freiria.<\/p><p>Segundo ele, normalmente as vendas de produtores da safra anterior atingem cerca de 80% a 90% do total no in\u00edcio da nova colheita, no final de maio. &#8220;Mas em fevereiro j\u00e1 passamos desse volume&#8221;, ressaltou.<\/p><p>Al\u00e9m de Franca, a Cocapec tem armaz\u00e9ns em outras cidades paulistas e em Minas Gerais. O volume total de caf\u00e9 armazenado nas unidades da cooperativa n\u00e3o foi revelado.<\/p><section class=\"recirculation-area\">\n    <div class=\"container\">\n                <p class=\"title\">Leia mais<\/p>\n     \n            <ul class=\"recirculation-list\" data-tracking-position=\"Leia mais\">\n                            <li class=\"list-item\">\n                    <a \n                        href=\"https:\/\/investnews.com.br\/negocios\/o-que-esta-por-tras-da-alta-do-cafe-que-dobrou-de-preco-no-mercado-internacional\/\" \n                        title=\"O que est\u00e1 por tr\u00e1s da alta do caf\u00e9, que dobrou de pre\u00e7o no mercado internacional\" \n                        class=\"item-title recirculation-link\"\n                        data-btn-name=\"O que est\u00e1 por tr\u00e1s da alta do caf\u00e9, que dobrou de pre\u00e7o no mercado internacional\"\n                        data-posicao=\"Leia mais\"\n                        data-click-url=\"https:\/\/investnews.com.br\/negocios\/o-que-esta-por-tras-da-alta-do-cafe-que-dobrou-de-preco-no-mercado-internacional\/\"\n                    >\n                        O que est\u00e1 por tr\u00e1s da alta do caf\u00e9, que dobrou de pre\u00e7o no mercado internacional                    <\/a>\n                <\/li>\n                            <li class=\"list-item\">\n                    <a \n                        href=\"https:\/\/investnews.com.br\/negocios\/investimento-de-us-500-milhoes-veja-por-que-a-supercana-de-eike-batista-nao-para-em-pe\/\" \n                        title=\"Por que a &#8216;supercana&#8217; de Eike Batista n\u00e3o para em p\u00e9\" \n                        class=\"item-title recirculation-link\"\n                        data-btn-name=\"Por que a &#8216;supercana&#8217; de Eike Batista n\u00e3o para em p\u00e9\"\n                        data-posicao=\"Leia mais\"\n                        data-click-url=\"https:\/\/investnews.com.br\/negocios\/investimento-de-us-500-milhoes-veja-por-que-a-supercana-de-eike-batista-nao-para-em-pe\/\"\n                    >\n                        Por que a &#8216;supercana&#8217; de Eike Batista n\u00e3o para em p\u00e9                    <\/a>\n                <\/li>\n                    <\/ul>\n    <\/div><\/section>\n<h2 class=\"wp-block-heading\">Falta para repor<\/h2><p>N\u00e3o muito longe da cidade paulista, em Guaxup\u00e9 (MG), sede da Cooxup\u00e9, a maior cooperativa de cafeicultores e exportadora de caf\u00e9 do Brasil, os armaz\u00e9ns t\u00eam maiores volumes, mas os fundamentos s\u00e3o os mesmos, com praticamente todo o produto j\u00e1 comercializado.<\/p><p>Os estoques de gr\u00e3os da Cooxup\u00e9 no seu mega complexo do Japy, com capacidade total para 2,6 milh\u00f5es de sacas de 60 kg, ocupavam cerca de 70% dos armaz\u00e9ns de &#8220;big bags&#8221; em meados deste m\u00eas, disse o coordenador de armaz\u00e9ns, Andr\u00e9 Silva Pinto, \u00e0 Reuters. Praticamente metade dos 45 silos graneleiros tinham caf\u00e9.<\/p><p>&#8220;A maior parte j\u00e1 foi comercializada\u2026 Est\u00e1 aguardando para fazer o rebeneficiamento&#8221;, observou Silva Pinto, quando caminhava por um dos armaz\u00e9ns, acrescentando que o \u00edndice de ocupa\u00e7\u00e3o era semelhante nas outras estruturas do Japy.<\/p><p>Mas esses volumes dever\u00e3o ser reduzidos nos pr\u00f3ximos meses, em fun\u00e7\u00e3o da entressafra.<\/p><p>&#8220;At\u00e9 maio, os armaz\u00e9ns (do Japy) v\u00e3o estar com 80% da capacidade (sem caf\u00e9) para ser ocupada com a nova safra&#8221;, estimou Silva Pinto, enquanto mostrava as instala\u00e7\u00f5es da Cooxup\u00e9, que foi pioneira em instalar silos graneleiros para armazenar caf\u00e9, uma estrutura que agiliza a log\u00edstica.<\/p><p>O superintendente comercial da Cooxup\u00e9, Luiz Fernando dos Reis, comentou que os n\u00fameros de venda da cooperativa est\u00e3o em linha com os do mercado, com cerca de 90% da safra passada j\u00e1 comercializada.<\/p><p>A consultoria Safras &#038; Mercado estima que os produtores no Brasil venderam 88% da safra de 2024, enquanto a corretora Pine Agroneg\u00f3cios diz que restam apenas 8% do produto da safra passada. Ambas as proje\u00e7\u00f5es superaram as m\u00e9dias hist\u00f3ricas.<\/p><p>&#8220;Ent\u00e3o, h\u00e1 pouco caf\u00e9 na m\u00e3o do produtor para vender&#8221;, afirmou Reis, acrescentando que a cooperativa conta com reservas para honrar seus compromissos de vendas at\u00e9 a nova safra.<\/p><p>O superintendente comentou que os pre\u00e7os chegaram a patamares jamais vistos porque, diferentemente de anos anteriores, o Brasil n\u00e3o tinha estoques suficientes para regular o mercado.<\/p><p>&#8220;Sempre que subiu (o pre\u00e7o), logo em seguida teve uma corre\u00e7\u00e3o, porque a gente sempre teve estoque, ent\u00e3o a gente utilizava aqueles estoques, e o mercado tinha caf\u00e9 para ir trabalhando&#8221;, afirmou.<\/p><p>A Cooxup\u00e9, que tamb\u00e9m s\u00f3 negocia gr\u00e3os ar\u00e1bica, exportou 5 milh\u00f5es de sacas em 2024, cerca de 10% do total embarcado pelo pa\u00eds no ano passado. Nos seus 21 armaz\u00e9ns, espalhados por v\u00e1rios munic\u00edpios, a cooperativa tem capacidade est\u00e1tica para 7,2 milh\u00f5es de sacas.<\/p><p>&#8220;O nosso (estoque para cumprir compromissos) aqui n\u00e3o muda muito. O (estoque) do cooperado (n\u00e3o comercializado) realmente \u00e9 o mais baixo da s\u00e9rie hist\u00f3rica que a gente tem aqui de todos os anos&#8221;, explicou Reis.<\/p><p>&#8220;Voc\u00ea vai ver caf\u00e9 nos armaz\u00e9ns. Por\u00e9m \u00e9 o caf\u00e9 da conta da cooperativa, que j\u00e1 foi vendido pelo produtor, e que a cooperativa j\u00e1 vendeu para o cliente. \u00c9 o caf\u00e9 que vai ser processado nos pr\u00f3ximos meses e embarcado&#8221;.<\/p><p><\/p><p>O cafeicultor Osmar Junior cultiva, que \u00e9 cooperado da Cooxup\u00e9 e produz gr\u00e3os de ar\u00e1bica em Piumhi, munic\u00edpio no sul de Minas Gerais, disse que nem ele nem seus vizinhos t\u00eam caf\u00e9 para vender, enquanto o produtor Luis Norberto Pascoal, propriet\u00e1rio da Daterra Coffees, concorda com o superintendente comercial da Cooxup\u00e9.<\/p><p>&#8220;O que est\u00e1 acontecendo \u00e9 algo insano\u2026 Passar de US$ 4,30 (na bolsa ICE) \u00e9 algo que n\u00e3o faz sentido. Mesmo subindo bastante, deveria estar em 3,20\/3,40&#8221;, disse ele, estimando, contudo, que a commodity n\u00e3o voltar\u00e1 para os n\u00edveis entre US$ 2,50 e US$ 3 por libra-peso.<\/p><p>Recentemente, os pre\u00e7os do ar\u00e1bica tiveram queda, mas ainda operaram na faixa de US$ 3,78\/libra-peso na \u00faltima sexta-feira, ap\u00f3s m\u00e1xima de mais de US$ 4 no in\u00edcio de fevereiro.<\/p><h2 class=\"wp-block-heading\">Patamar insustent\u00e1vel<\/h2><p>Pascoal comentou que no patamar de US$ 4 o mercado n\u00e3o &#8220;aguenta&#8221;, numa situa\u00e7\u00e3o que o comprador final n\u00e3o consegue suportar.<\/p><p>Para o produtor Paulo Armelin, que negocia caf\u00e9 diretamente com empresas dos Estados Unidos geralmente com pr\u00eamios de qualidade &#8212; com compromisso de entrega, mas n\u00e3o de pre\u00e7o fixo &#8212; alguns clientes est\u00e3o querendo renegociar, enquanto os seus diferenciais ca\u00edram em um mercado conturbado.<\/p><p>&#8220;Estou renegociando neste momento com o primeiro deles. O que mais reclama. Em geral, a gente conversava em dezembro, mas eles atrasaram a conversa, porque acho que achavam que iria cair. Mas s\u00f3 piorou&#8221;, disse.<\/p><p>Ele disse que costumava vender caf\u00e9 a US$ 2,50\/libra-peso quando a bolsa indicava US$ 1,00, e a US$ 3,10 quando o mercado estava a US$ 1,80, mas que agora seus diferenciais encurtaram mais com a cota\u00e7\u00e3o de tela pr\u00f3xima de US$ 4.<\/p><p>O cafeicultor confirmou que muitos de seus colegas j\u00e1 venderam tudo da safra passada e alguns poucos ainda t\u00eam o produto. &#8220;Tem gente que vendeu tudo, rapou o armaz\u00e9m. Come\u00e7ou a subir, povo come\u00e7ou a ver margem melhor, eles foram vendendo&#8221;, declarou.<\/p><p>Armelin, entretanto, \u00e9 uma exce\u00e7\u00e3o. Prevendo uma safra menor em 2025 ap\u00f3s a seca de 2024, ele disse que ainda tem 40% de sua colheita para vender. &#8220;Normalmente eu j\u00e1 teria vendido, mas quero ter uma reserva porque safra de 25 vai ser menor, ent\u00e3o talvez os pre\u00e7os segurem mais.&#8221;<\/p>\n","protected":false},"excerpt":{"rendered":"<p>Armaz\u00e9ns no Interior de S\u00e3o Paulo e Minas Gerais est\u00e3o quase vazios \u2014 ou o produto que t\u00eam j\u00e1 foi quase todo vendido<\/p>\n","protected":false},"author":61,"featured_media":656978,"comment_status":"closed","ping_status":"closed","sticky":false,"template":"","format":"standard","meta":{"_acf_changed":false,"inline_featured_image":false,"footnotes":""},"categories":[6],"tags":[780],"autor-wsj":[],"coauthors":[2494],"class_list":["post-656976","post","type-post","status-publish","format-standard","has-post-thumbnail","hentry","category-negocios","tag-agronegocio"],"acf":[],"amp_enabled":true,"_links":{"self":[{"href":"https:\/\/investnews.com.br\/inv-api\/wp\/v2\/posts\/656976","targetHints":{"allow":["GET"]}}],"collection":[{"href":"https:\/\/investnews.com.br\/inv-api\/wp\/v2\/posts"}],"about":[{"href":"https:\/\/investnews.com.br\/inv-api\/wp\/v2\/types\/post"}],"author":[{"embeddable":true,"href":"https:\/\/investnews.com.br\/inv-api\/wp\/v2\/users\/61"}],"replies":[{"embeddable":true,"href":"https:\/\/investnews.com.br\/inv-api\/wp\/v2\/comments?post=656976"}],"version-history":[{"count":3,"href":"https:\/\/investnews.com.br\/inv-api\/wp\/v2\/posts\/656976\/revisions"}],"predecessor-version":[{"id":701930,"href":"https:\/\/investnews.com.br\/inv-api\/wp\/v2\/posts\/656976\/revisions\/701930"}],"wp:featuredmedia":[{"embeddable":true,"href":"https:\/\/investnews.com.br\/inv-api\/wp\/v2\/media\/656978"}],"wp:attachment":[{"href":"https:\/\/investnews.com.br\/inv-api\/wp\/v2\/media?parent=656976"}],"wp:term":[{"taxonomy":"category","embeddable":true,"href":"https:\/\/investnews.com.br\/inv-api\/wp\/v2\/categories?post=656976"},{"taxonomy":"post_tag","embeddable":true,"href":"https:\/\/investnews.com.br\/inv-api\/wp\/v2\/tags?post=656976"},{"taxonomy":"autor-wsj","embeddable":true,"href":"https:\/\/investnews.com.br\/inv-api\/wp\/v2\/autor-wsj?post=656976"},{"taxonomy":"author","embeddable":true,"href":"https:\/\/investnews.com.br\/inv-api\/wp\/v2\/coauthors?post=656976"}],"curies":[{"name":"wp","href":"https:\/\/api.w.org\/{rel}","templated":true}]}}