{"id":657665,"date":"2025-03-07T10:32:14","date_gmt":"2025-03-07T13:32:14","guid":{"rendered":"https:\/\/investnews.com.br\/?p=657665"},"modified":"2025-03-07T10:32:15","modified_gmt":"2025-03-07T13:32:15","slug":"governo-vai-zerar-impostos-de-importacao-de-carne-cafe-acucar-e-outros-itens-anuncia-alckmin","status":"publish","type":"post","link":"https:\/\/investnews.com.br\/economia\/governo-vai-zerar-impostos-de-importacao-de-carne-cafe-acucar-e-outros-itens-anuncia-alckmin\/","title":{"rendered":"Governo vai zerar impostos de importa\u00e7\u00e3o de carne, caf\u00e9, a\u00e7\u00facar e outros itens, anuncia Alckmin"},"content":{"rendered":"\n<p>O vice-presidente e ministro do Desenvolvimento, Ind\u00fastria, Com\u00e9rcio e Servi\u00e7os (MDIC), Geraldo Alckmin, anunciou na noite desta quinta-feira (6) que o governo federal vai zerar a al\u00edquota de importa\u00e7\u00e3o de v\u00e1rios produtos, como da carne, hoje em 10,8%, como parte de uma s\u00e9rie de medidas para reduzir os pre\u00e7os de alimentos.<\/p>\n\n\n\n<p>Em entrevista a jornalistas no Planalto ap\u00f3s reuni\u00e3o com representantes dos setores de alimentos, Alckmin afirmou que a decis\u00e3o \u00e9 parte de um &#8220;primeiro&#8221; conjunto de medidas, que tamb\u00e9m inclui zerar as al\u00edquotas de importa\u00e7\u00e3o de caf\u00e9, a\u00e7\u00facar e milho, entre outros produtos.<\/p>\n\n\n\n<p>O ministro afirmou ainda que o conjunto n\u00e3o prejudicar\u00e1 os produtores brasileiros e destacou que as medidas n\u00e3o t\u00eam como objetivo substituir, mas sim complementar a produ\u00e7\u00e3o aliment\u00edcia nacional. Ele tamb\u00e9m disse que o aumento de taxas de exporta\u00e7\u00f5es n\u00e3o entrou na pauta da reuni\u00e3o.<\/p>\n\n\n\n<p>Os alimentos com suas respectivas al\u00edquotas atuais que ser\u00e3o zeradas incluem carnes (at\u00e9 10,8%), a\u00e7\u00facar (at\u00e9 14%), milho (7,2%), caf\u00e9 (9%), \u00f3leo de girassol (at\u00e9 9%), massas aliment\u00edcias (macarr\u00e3o) (14,4%), sardinha (32%), azeite (9%) e biscoitos (16,2%).<\/p>\n\n\n\n<p>Segundo Alckmin, as redu\u00e7\u00f5es ainda precisam ser aprovadas pelo Comit\u00ea Executivo de Gest\u00e3o e pela C\u00e2mara de Com\u00e9rcio Exterior do MDIC, mas devem entrar em vigor em uma &#8220;quest\u00e3o de dias&#8221;.<\/p>\n\n\n<section class=\"recirculation-area\">\n    <div class=\"container\">\n                <p class=\"title\">Leia mais <\/p>\n     \n            <ul class=\"recirculation-list\" data-tracking-position=\"Leia mais\">\n                            <li class=\"list-item\">\n                    <a \n                        href=\"https:\/\/investnews.com.br\/economia\/pib-do-brasil-fecha-2024-com-alta-de-34-mas-desaceleracao-no-4o-tri-fica-acima-do-esperado\/\" \n                        title=\"PIB do Brasil cresce 3,4% em 2024, mas j\u00e1 mostra perda de ritmo no quarto trimestre\" \n                        class=\"item-title recirculation-link\"\n                        data-btn-name=\"PIB do Brasil cresce 3,4% em 2024, mas j\u00e1 mostra perda de ritmo no quarto trimestre\"\n                        data-posicao=\"Leia mais\"\n                        data-click-url=\"https:\/\/investnews.com.br\/economia\/pib-do-brasil-fecha-2024-com-alta-de-34-mas-desaceleracao-no-4o-tri-fica-acima-do-esperado\/\"\n                    >\n                        PIB do Brasil cresce 3,4% em 2024, mas j\u00e1 mostra perda de ritmo no quarto trimestre                    <\/a>\n                <\/li>\n                            <li class=\"list-item\">\n                    <a \n                        href=\"https:\/\/investnews.com.br\/economia\/inflacao-fica-acima-do-teto-da-meta-com-alta-de-483-em-2024\/\" \n                        title=\"Infla\u00e7\u00e3o fica acima do teto da meta com alta de 4,83% em 2024\" \n                        class=\"item-title recirculation-link\"\n                        data-btn-name=\"Infla\u00e7\u00e3o fica acima do teto da meta com alta de 4,83% em 2024\"\n                        data-posicao=\"Leia mais\"\n                        data-click-url=\"https:\/\/investnews.com.br\/economia\/inflacao-fica-acima-do-teto-da-meta-com-alta-de-483-em-2024\/\"\n                    >\n                        Infla\u00e7\u00e3o fica acima do teto da meta com alta de 4,83% em 2024                    <\/a>\n                <\/li>\n                    <\/ul>\n    <\/div><\/section>\n\n\n\n<p>Al\u00e9m da redu\u00e7\u00e3o de al\u00edquotas de importa\u00e7\u00e3o, o governo anunciou outras medidas focadas no setor regulador como a acelera\u00e7\u00e3o do Sistema Brasileiro de Inspe\u00e7\u00e3o de Produtos de Origem Animal (Sisbi), um sistema sanit\u00e1rio de abate municipalizado que padroniza e harmoniza os procedimentos de inspe\u00e7\u00e3o de produtos de origem animal, principalmente para leite l\u00edquido, mel e ovos, dentre outras possibilidades.<\/p>\n\n\n\n<p>O governo tamb\u00e9m trabalhar\u00e1 no est\u00edmulo e prioridade de produ\u00e7\u00e3o no Plano Safra para produtos que comp\u00f5em a cesta b\u00e1sica e o fortalecimento dos estoques reguladores da Companhia Nacional de Abastecimento (Conab).<\/p>\n\n\n\n<p>O vice-presidente tamb\u00e9m afirmou que vai levar um &#8220;apelo&#8221; a governadores que ainda cobram o <a href=\"https:\/\/investnews.com.br\/guias\/o-que-e-icms\/\">ICMS<\/a> sobre alguns produtos da cesta b\u00e1sica para zerar a tributa\u00e7\u00e3o, como j\u00e1 fez o governo federal.<\/p>\n\n\n\n<p>&#8220;Isso traz mais competitividade com redu\u00e7\u00e3o de custos&#8221;, disse Alckmin, sobre as medidas, fala que foi reiterada pelo secret\u00e1rio de Pol\u00edtica Econ\u00f4mica do Minist\u00e9rio da Fazenda, Guilherme Mello.<\/p>\n\n\n\n<p>Questionado sobre os efeitos fiscais das medidas, o secret\u00e1rio disse que os impactos talvez n\u00e3o sejam significativos na arrecada\u00e7\u00e3o, mas devem ser nos pre\u00e7os.<\/p>\n\n\n\n<p>O presidente da Uni\u00e3o da Ind\u00fastria de Cana-de-A\u00e7\u00facar (Unica), Evandro Gussi, disse ap\u00f3s a coletiva estar otimista com as medidas e seus prov\u00e1veis efeitos.<\/p>\n\n\n\n<p>&#8220;O que eu vejo com muita clareza \u00e9 que todos esses setores olharam com bons olhos\u2026 o aumento dessa competitividade&#8221;, disse. &#8220;Os alimentos est\u00e3o caros no mundo inteiro e, no Brasil, a gente est\u00e1 tendo aqui um esfor\u00e7o p\u00fablico-privado para que a gente possa reduzir o pre\u00e7o desses alimentos.&#8221;<\/p>\n\n\n\n<p><em>(Reportagem de Lisandra Paraguassu; reportagem adicional de Victor Borges)<\/em><\/p>\n","protected":false},"excerpt":{"rendered":"<p>Vice-presidente e ministro do MDIC afirmou que a decis\u00e3o \u00e9 parte de um &#8220;primeiro&#8221; conjunto de medidas<\/p>\n","protected":false},"author":61,"featured_media":501977,"comment_status":"closed","ping_status":"closed","sticky":false,"template":"","format":"standard","meta":{"_acf_changed":false,"inline_featured_image":false,"footnotes":""},"categories":[5],"tags":[434],"autor-wsj":[],"coauthors":[2494],"class_list":["post-657665","post","type-post","status-publish","format-standard","has-post-thumbnail","hentry","category-economia","tag-impostos"],"acf":[],"amp_enabled":true,"_links":{"self":[{"href":"https:\/\/investnews.com.br\/inv-api\/wp\/v2\/posts\/657665","targetHints":{"allow":["GET"]}}],"collection":[{"href":"https:\/\/investnews.com.br\/inv-api\/wp\/v2\/posts"}],"about":[{"href":"https:\/\/investnews.com.br\/inv-api\/wp\/v2\/types\/post"}],"author":[{"embeddable":true,"href":"https:\/\/investnews.com.br\/inv-api\/wp\/v2\/users\/61"}],"replies":[{"embeddable":true,"href":"https:\/\/investnews.com.br\/inv-api\/wp\/v2\/comments?post=657665"}],"version-history":[{"count":1,"href":"https:\/\/investnews.com.br\/inv-api\/wp\/v2\/posts\/657665\/revisions"}],"predecessor-version":[{"id":657671,"href":"https:\/\/investnews.com.br\/inv-api\/wp\/v2\/posts\/657665\/revisions\/657671"}],"wp:featuredmedia":[{"embeddable":true,"href":"https:\/\/investnews.com.br\/inv-api\/wp\/v2\/media\/501977"}],"wp:attachment":[{"href":"https:\/\/investnews.com.br\/inv-api\/wp\/v2\/media?parent=657665"}],"wp:term":[{"taxonomy":"category","embeddable":true,"href":"https:\/\/investnews.com.br\/inv-api\/wp\/v2\/categories?post=657665"},{"taxonomy":"post_tag","embeddable":true,"href":"https:\/\/investnews.com.br\/inv-api\/wp\/v2\/tags?post=657665"},{"taxonomy":"autor-wsj","embeddable":true,"href":"https:\/\/investnews.com.br\/inv-api\/wp\/v2\/autor-wsj?post=657665"},{"taxonomy":"author","embeddable":true,"href":"https:\/\/investnews.com.br\/inv-api\/wp\/v2\/coauthors?post=657665"}],"curies":[{"name":"wp","href":"https:\/\/api.w.org\/{rel}","templated":true}]}}