{"id":657726,"date":"2025-03-10T10:30:00","date_gmt":"2025-03-10T13:30:00","guid":{"rendered":"https:\/\/investnews.com.br\/?p=657726"},"modified":"2025-09-05T15:07:22","modified_gmt":"2025-09-05T18:07:22","slug":"tesla-perde-terreno-envolvimento-de-musk-governo-trump-afeta-vendas-e-imagem-da-marca","status":"publish","type":"post","link":"https:\/\/investnews.com.br\/the-wall-street-journal\/tesla-perde-terreno-envolvimento-de-musk-governo-trump-afeta-vendas-e-imagem-da-marca\/","title":{"rendered":"Tesla perde terreno: envolvimento de Musk no governo Trump afeta vendas da marca"},"content":{"rendered":"<p>Poucas marcas t\u00eam sua imagem t\u00e3o intimamente ligada ao seu CEO quanto a Tesla. Durante a maior parte da hist\u00f3ria da fabricante de carros el\u00e9tricos, isso foi bom para os neg\u00f3cios.<\/p><p>A promessa de Elon Musk de reduzir a depend\u00eancia mundial de combust\u00edveis f\u00f3sseis e seu esfor\u00e7o para ampliar o apelo dos carros el\u00e9tricos atra\u00edram legi\u00f5es de compradores que procuravam declarar sua lealdade \u00e0 sua grande vis\u00e3o de tecno-ambientalismo.<\/p><p>Agora que Musk se aliou a Donald Trump e mergulhou a fundo na pol\u00edtica nacional, muitos propriet\u00e1rios de Teslas e poss\u00edveis compradores est\u00e3o se perguntando que tipo de &#8220;declara\u00e7\u00e3o&#8221; significa ter um Tesla hoje. Essas d\u00favidas come\u00e7aram a aparecer em n\u00fameros preocupantes para a empresa.<\/p><p>Garth Ancier, executivo de TV de Los Angeles, se lembra de, h\u00e1 mais de um ano, ter conversado com dois outros propriet\u00e1rios de Teslas como era ser visto em um deles. \u201cEles disseram: \u2018Sabe, estou ficando desconfort\u00e1vel dirigindo este carro porque \u00e9 como dirigir um grande bon\u00e9 MAGA vermelho\u2019\u201d, disse Ancier, referindo-se \u00e0 inscri\u00e7\u00e3o trumpista <em>Make America Great Again<\/em>.<\/p><p>Agora Ancier quer vender seu Model X de quatro anos. \u201cSe n\u00e3o fosse por seu comportamento, eu provavelmente ficaria com o Tesla.\u201d<\/p><p>A Tesla, de longe a maior produtora de ve\u00edculos el\u00e9tricos dos EUA, h\u00e1 tempos lidera a ind\u00fastria automobil\u00edstica em fidelidade do consumidor, e pesquisas mostram que muitos propriet\u00e1rios n\u00e3o t\u00eam inten\u00e7\u00e3o de abandonar a marca agora. No entanto, outros levantamentos recentes mostram que o apelo da marca est\u00e1 diminuindo, e os dados de vendas sugerem que abalos financeiros come\u00e7aram.<\/p><p>Em 2022, antes de Musk entrar na pol\u00edtica presidencial, a empresa de consultoria automotiva Strategic Vision descobriu que 22% dos compradores de carros pesquisados disseram que \u201cdefinitivamente considerariam\u201d um Tesla para sua pr\u00f3xima compra de ve\u00edculo. Isso colocou a Tesla no mesmo n\u00edvel de outras marcas de carros de luxo, como Mercedes-Benz e BMW, disse Alexander Edwards, presidente da Strategic Vision.<\/p><section class=\"recirculation-area\">\n    <div class=\"container\">\n                <p class=\"title\">Leia mais <\/p>\n     \n            <ul class=\"recirculation-list\" data-tracking-position=\"Leia mais\">\n                            <li class=\"list-item\">\n                    <a \n                        href=\"https:\/\/investnews.com.br\/negocios\/tesla-perde-valor-de-mercado-e-fica-abaixo-de-us-1-trilhao-apos-queda-nas-vendas-europeias\/\" \n                        title=\"Tesla perde valor de mercado e fica abaixo de US$ 1 trilh\u00e3o ap\u00f3s queda nas vendas europeias\" \n                        class=\"item-title recirculation-link\"\n                        data-btn-name=\"Tesla perde valor de mercado e fica abaixo de US$ 1 trilh\u00e3o ap\u00f3s queda nas vendas europeias\"\n                        data-posicao=\"Leia mais\"\n                        data-click-url=\"https:\/\/investnews.com.br\/negocios\/tesla-perde-valor-de-mercado-e-fica-abaixo-de-us-1-trilhao-apos-queda-nas-vendas-europeias\/\"\n                    >\n                        Tesla perde valor de mercado e fica abaixo de US$ 1 trilh\u00e3o ap\u00f3s queda nas vendas europeias                    <\/a>\n                <\/li>\n                            <li class=\"list-item\">\n                    <a \n                        href=\"https:\/\/investnews.com.br\/negocios\/tesla-faz-recall-de-380-mil-carros-nos-eua-por-falha-que-pode-travar-direcao\/\" \n                        title=\"Tesla faz recall de 380 mil carros nos EUA por falha que pode travar a dire\u00e7\u00e3o\" \n                        class=\"item-title recirculation-link\"\n                        data-btn-name=\"Tesla faz recall de 380 mil carros nos EUA por falha que pode travar a dire\u00e7\u00e3o\"\n                        data-posicao=\"Leia mais\"\n                        data-click-url=\"https:\/\/investnews.com.br\/negocios\/tesla-faz-recall-de-380-mil-carros-nos-eua-por-falha-que-pode-travar-direcao\/\"\n                    >\n                        Tesla faz recall de 380 mil carros nos EUA por falha que pode travar a dire\u00e7\u00e3o                    <\/a>\n                <\/li>\n                    <\/ul>\n    <\/div><\/section>\n<p>Em meados do ano passado, essa porcentagem caiu para 7% \u2014 aproximadamente como o Lincoln e o Dodge \u2014 e permaneceu l\u00e1, um decl\u00ednio vertiginoso que \u00e9 raro no neg\u00f3cio de autom\u00f3veis, afirmou Edwards.<\/p><p>&#8220;Neste ponto, n\u00e3o vemos nenhum sinal de recupera\u00e7\u00e3o&#8221;, disse ele, observando que o apelo hist\u00f3rico da Tesla para compradores preocupados com o meio ambiente e a pol\u00edtica de direita de Musk est\u00e3o em desacordo. Cerca de 63% dos entrevistados em dezembro disseram que n\u00e3o considerariam comprar um Tesla, um salto de cerca de dez pontos percentuais em rela\u00e7\u00e3o a oito meses antes.<\/p><p>Nem a Tesla nem Musk responderam aos pedidos de coment\u00e1rios para este artigo.<\/p><figure class=\"wp-block-image size-large\"><img decoding=\"async\" src=\"https:\/\/media.investnews.com.br\/uploads\/2025\/02\/2025-02-15T001319Z_1_LYNXMPEL1E005_RTROPTP_4_USA-TRUMP-MUSK-min-1024x683.webp\" alt=\"Elon Musk, com chap\u00e9u MAGA, gesticula na Casa Branca, enquanto Donald Trump o observa na Mesa Oval.\" class=\"wp-image-653844\"><figcaption class=\"wp-element-caption\">Os resultados da pesquisa indicam que a porcentagem de compradores de carros que disseram que considerariam comprar um Tesla caiu desde que Musk entrou na pol\u00edtica presidencial. Musk e Trump na Casa Branca em fevereiro. Foto: Reuters<\/figcaption><\/figure><p>Nas \u00faltimas semanas, depois que Musk pressionou por demiss\u00f5es em massa de funcion\u00e1rios federais e apoiou um partido pol\u00edtico de extrema direita na Alemanha, pessoas se manifestaram em showrooms da Tesla nos EUA e na Europa, e algumas lojas da marca e esta\u00e7\u00f5es de carregamento foram vandalizadas, inclusive com su\u00e1sticas pintadas com spray.<\/p><p>Os desafios da Tesla v\u00e3o muito al\u00e9m de qualquer rea\u00e7\u00e3o \u00e0 pol\u00edtica de Musk. As vendas e a lucratividade da empresa est\u00e3o sob press\u00e3o por causa de sua linha de ve\u00edculos relativamente antiga e da intensifica\u00e7\u00e3o da concorr\u00eancia de outras montadoras que tentam atrair compradores com promo\u00e7\u00f5es agressivas. Problemas de qualidade e queda nos valores de revenda tamb\u00e9m pesaram na percep\u00e7\u00e3o da marca Tesla, especialmente porque concorrentes alcan\u00e7aram a pioneira dos carros el\u00e9tricos em tecnologia e autonomia de baterias.<\/p><h2 class=\"wp-block-heading\">Queda nas vendas<\/h2><p>No ano passado, as entregas mundiais de ve\u00edculos da Tesla recuaram 1%, a primeira queda em mais de uma d\u00e9cada, embora as vendas de ve\u00edculos el\u00e9tricos em todo o setor tenham aumentado 25%. Nos EUA, as vendas da Tesla ca\u00edram 7% no ano passado e 2% nos primeiros dois meses deste ano, de acordo com estimativas da empresa de pesquisa Wards Intelligence.<\/p><p>E n\u00fameros preocupantes come\u00e7aram a surgir nos mercados estrangeiros. Em fevereiro, os registros de ve\u00edculos novos da Tesla despencaram <strong>76,3% na Alemanha<\/strong> e <strong>26% na Fran\u00e7a<\/strong>, de acordo com dados do governo e da associa\u00e7\u00e3o do setor. A Tesla China, que exporta para outros pa\u00edses, entregou 30.688 carros novos em fevereiro, uma <strong>queda de 49%<\/strong> em rela\u00e7\u00e3o ao mesmo per\u00edodo do ano anterior, em parte devido ao aumento da concorr\u00eancia dos fabricantes dom\u00e9sticos de ve\u00edculos el\u00e9tricos.<\/p><p>Analistas atribuem as quedas em parte a fatores de mercado, incluindo clientes que aguardam um Tesla Model Y atualizado programado para ser lan\u00e7ado neste m\u00eas. Mesmo assim, dizem eles, as a\u00e7\u00f5es de Musk influem, principalmente na Alemanha.<\/p><p>\u201cQuando voc\u00ea faz pol\u00edtica, sempre h\u00e1 um risco\u201d, disse Felipe Mu\u00f1oz, analista da empresa de pesquisa de consumo automotivo JATO Dynamics.<\/p><p>O valor das a\u00e7\u00f5es da Tesla disparou ap\u00f3s a vit\u00f3ria do presidente Trump, com os investidores esperan\u00e7osos de que a proximidade de Musk com o presidente beneficiaria seus neg\u00f3cios. Os investidores tamb\u00e9m gostaram do foco intensificado de Musk em <a href=\"https:\/\/investnews.com.br\/guias\/inteligencia-artificial\/\">intelig\u00eancia artificial<\/a> e rob\u00f3tica na montadora, que planeja come\u00e7ar a construir seu primeiro carro totalmente aut\u00f4nomo em 2026.<\/p><figure class=\"wp-block-image size-full\"><img loading=\"lazy\" decoding=\"async\" width=\"850\" height=\"713\" src=\"https:\/\/media.investnews.com.br\/uploads\/2025\/03\/IN_Graficos_WSJ_Acoes_Tesla_Desktop_01.webp\" alt=\"Gr\u00e1fico de linha: desempenho anual das a\u00e7\u00f5es Tesla e S&#038;P 500. Tesla sobe e cai bruscamente; S&#038;P 500 mant\u00e9m alta est\u00e1vel.\" class=\"wp-image-657795\" srcset=\"https:\/\/media.investnews.com.br\/uploads\/2025\/03\/IN_Graficos_WSJ_Acoes_Tesla_Desktop_01.webp 850w, https:\/\/media.investnews.com.br\/uploads\/2025\/03\/IN_Graficos_WSJ_Acoes_Tesla_Desktop_01-300x252.webp 300w, https:\/\/media.investnews.com.br\/uploads\/2025\/03\/IN_Graficos_WSJ_Acoes_Tesla_Desktop_01-768x644.webp 768w, https:\/\/media.investnews.com.br\/uploads\/2025\/03\/IN_Graficos_WSJ_Acoes_Tesla_Desktop_01-172x144.webp 172w, https:\/\/media.investnews.com.br\/uploads\/2025\/03\/IN_Graficos_WSJ_Acoes_Tesla_Desktop_01-150x126.webp 150w\" sizes=\"auto, (max-width: 850px) 100vw, 850px\" \/><\/figure><p>Este ano, por\u00e9m, as a\u00e7\u00f5es ca\u00edram 35%, eliminando a maior parte dos ganhos p\u00f3s-eleitorais. Ainda assim, a Tesla est\u00e1 avaliada em cerca de US$ 847 bilh\u00f5es, de acordo com a FactSet, mais do que qualquer outra empresa automobil\u00edstica.<\/p><p>Dados de vendas e pesquisas sugerem que a pol\u00edtica est\u00e1 afetando a demanda. Os republicanos agora est\u00e3o mais propensos a dizer que comprariam um Tesla do que os democratas, uma revers\u00e3o acentuada de grande parte da hist\u00f3ria da empresa, de acordo com dados de pesquisa da Morning Consult.<\/p><p>A porcentagem de democratas que disseram que considerariam comprar um Tesla como seu pr\u00f3ximo ve\u00edculo caiu de 23% em agosto de 2023 para 13% em fevereiro, mostram os dados. No mesmo per\u00edodo, a porcentagem de poss\u00edveis compradores republicanos cresceu de 15% para 26%.<\/p><figure class=\"wp-block-image size-full\"><img loading=\"lazy\" decoding=\"async\" width=\"850\" height=\"713\" src=\"https:\/\/media.investnews.com.br\/uploads\/2025\/03\/IN_Graficos_WSJ_Acoes_Tesla_Desktop_02.webp\" alt=\"Gr\u00e1fico: Interesse em comprar Tesla por partido. Republicanos aumentam, democratas diminuem, especialmente ap\u00f3s 2020.\" class=\"wp-image-657796\" srcset=\"https:\/\/media.investnews.com.br\/uploads\/2025\/03\/IN_Graficos_WSJ_Acoes_Tesla_Desktop_02.webp 850w, https:\/\/media.investnews.com.br\/uploads\/2025\/03\/IN_Graficos_WSJ_Acoes_Tesla_Desktop_02-300x252.webp 300w, https:\/\/media.investnews.com.br\/uploads\/2025\/03\/IN_Graficos_WSJ_Acoes_Tesla_Desktop_02-768x644.webp 768w, https:\/\/media.investnews.com.br\/uploads\/2025\/03\/IN_Graficos_WSJ_Acoes_Tesla_Desktop_02-172x144.webp 172w, https:\/\/media.investnews.com.br\/uploads\/2025\/03\/IN_Graficos_WSJ_Acoes_Tesla_Desktop_02-150x126.webp 150w\" sizes=\"auto, (max-width: 850px) 100vw, 850px\" \/><\/figure><p>Alguns analistas disseram que os conservadores hesitam mais em comprar um VE, o que pode dificultar a transforma\u00e7\u00e3o do crescente apoio republicano em vendas.<\/p><p>A Tesla n\u00e3o divulga n\u00fameros de vendas por estado, mas os dados sobre registros de ve\u00edculos novos coletados pela S&#038;P Global Mobility sugerem que as vendas ca\u00edram drasticamente no ano passado em algumas \u00e1reas metropolitanas de esquerda, que t\u00eam sido fundamentais para o crescimento da empresa, incluindo Nova York, Los Angeles, San Francisco e Dallas, enquanto aumentaram em Las Vegas, Salt Lake City e Miami-Ft. Lauderdale.<\/p><figure class=\"wp-block-image size-full\"><img loading=\"lazy\" decoding=\"async\" width=\"850\" height=\"584\" src=\"https:\/\/media.investnews.com.br\/uploads\/2025\/03\/IN_Graficos_WSJ_Acoes_Tesla_Desktop_03.webp\" alt=\"Gr\u00e1fico: Altera\u00e7\u00e3o no registro de ve\u00edculos novos (Tesla vs. total) por ano em 8 cidades.\" class=\"wp-image-657797\" srcset=\"https:\/\/media.investnews.com.br\/uploads\/2025\/03\/IN_Graficos_WSJ_Acoes_Tesla_Desktop_03.webp 850w, https:\/\/media.investnews.com.br\/uploads\/2025\/03\/IN_Graficos_WSJ_Acoes_Tesla_Desktop_03-300x206.webp 300w, https:\/\/media.investnews.com.br\/uploads\/2025\/03\/IN_Graficos_WSJ_Acoes_Tesla_Desktop_03-768x528.webp 768w, https:\/\/media.investnews.com.br\/uploads\/2025\/03\/IN_Graficos_WSJ_Acoes_Tesla_Desktop_03-172x118.webp 172w, https:\/\/media.investnews.com.br\/uploads\/2025\/03\/IN_Graficos_WSJ_Acoes_Tesla_Desktop_03-150x103.webp 150w\" sizes=\"auto, (max-width: 850px) 100vw, 850px\" \/><\/figure><p>\u201cEu idolatrava o cara\u201d, disse Diego Leporini, empres\u00e1rio do sul da Calif\u00f3rnia que comprou seu primeiro Tesla em 2023. Agora, quer se distanciar de Musk. Ele vendeu suas 83 a\u00e7\u00f5es da Tesla em protesto contra os la\u00e7os do CEO com Trump, disse ele, e est\u00e1 tentando sair de seu contrato de aluguel do Modelo Y.<\/p><p>Leporini, que vem de uma fam\u00edlia de imigrantes, disse que sua esposa, sogros e colegas o criticaram por ter comprado o carro. \u201cAs pessoas t\u00eam falado muito sobre isso e, honestamente, eu entendo\u201d, disse ele.<\/p><p>Musk transformou a Tesla na montadora mais valiosa do mundo, em grande parte cortejando clientes atra\u00eddos pelo ambientalismo e tecno-otimismo da empresa. A miss\u00e3o declarada da empresa de acelerar \u201ca transi\u00e7\u00e3o do mundo para a energia sustent\u00e1vel\u201d tamb\u00e9m atraiu muitos funcion\u00e1rios.<\/p><h2 class=\"wp-block-heading\">Fazendo pol\u00edtica<\/h2><p>Ao longo dos anos, Musk mostrou-se mais franco sobre quest\u00f5es pol\u00edticas divisivas. Ele recuou nas restri\u00e7\u00f5es da era Covid em 2020, desafiando as ordens de bloqueio e processando o condado natal da Tesla pelo direito de manter sua f\u00e1brica funcionando. Em julho passado, ap\u00f3s a tentativa de assassinato de Trump, Musk deu todo o seu apoio ao candidato republicano, despejando cerca de um quarto de bilh\u00e3o de d\u00f3lares em grupos pol\u00edticos pr\u00f3-Trump.<\/p><p>Nos \u00faltimos meses, postou no X que os \u201calarmistas\u201d exageraram a velocidade das mudan\u00e7as clim\u00e1ticas. Em dezembro, ele surpreendeu muitos europeus ao endossar o partido de extrema-direita alem\u00e3o AfD, grupo pol\u00edtico que se op\u00f4s \u00e0 f\u00e1brica da Tesla em Berlim e negou que a mudan\u00e7a clim\u00e1tica seja causada pelo homem. Ele tamb\u00e9m expressou apoio ao Reform UK, partido populista que quer descartar pol\u00edticas para combater as mudan\u00e7as clim\u00e1ticas.<\/p><p>Na posse de Trump, Musk fez duas vezes um gesto de levantar o bra\u00e7o esticado com a palma da m\u00e3o voltada para baixo. Alguns disseram que o gesto se assemelhava a uma sauda\u00e7\u00e3o nazista. Ele n\u00e3o comentou diretamente sobre o que pretendia, mas escreveu no X: \u201cO ataque \u2018todo mundo \u00e9 Hitler\u2019 est\u00e1 muito batido.\u201d<\/p><p>A rea\u00e7\u00e3o foi r\u00e1pida. Na f\u00e1brica da Tesla em Berlim, ativistas projetaram ao lado do logo da Tesla uma imagem de Musk fazendo o gesto e a palavra \u201cheil\u201d.<\/p><p>Alguns propriet\u00e1rios dos EUA encontraram panfletos em seus carros pedindo que vendessem seus ve\u00edculos. A pol\u00edcia de Arcata, na Calif\u00f3rnia, disse que quatro motoristas da Tesla relataram mensagens amea\u00e7adoras deixadas no para-brisa.<\/p><p>Dentro da Tesla, os gerentes t\u00eam enfrentado quest\u00f5es sobre o comportamento de Musk e seu impacto nas vendas, bem como na contrata\u00e7\u00e3o e recrutamento, particularmente em Palo Alto, na Calif\u00f3rnia, onde a Tesla tem seu escrit\u00f3rio de engenharia, de acordo com uma pessoa familiarizada com o assunto.<\/p><p>Jared Ottmann, que trabalhou por quase sete anos como engenheiro da cadeia de suprimentos, expressou preocupa\u00e7\u00e3o com o gesto do bra\u00e7o e outros coment\u00e1rios pol\u00eamicos de Musk em um post no LinkedIn em janeiro.<\/p><p>\u201cEu levantei a quest\u00e3o internamente v\u00e1rias vezes, com gerentes, RH, conformidade legal, rela\u00e7\u00f5es com investidores\u201d, escreveu Ottmann, que \u00e9 judeu. \u201cE embora a maioria esmagadora das pessoas ofere\u00e7a apoio pessoal, a Tesla como empresa permaneceu em sil\u00eancio. O sil\u00eancio de Tesla \u00e9 ensurdecedor.\u201d<\/p><p>Depois de se recusar a deletar o post, Ottmann foi demitido, disse seu advogado.<\/p><p>Thomas Temme, engenheiro de software s\u00eanior da Tesla na Alemanha, disse que Musk \u201cagora apoia atores pol\u00edticos que n\u00e3o apenas n\u00e3o se importam com a miss\u00e3o, mas que negam proativamente as mudan\u00e7as clim\u00e1ticas e t\u00eam um hist\u00f3rico de lutar contra tudo o que a Tesla representa\u201d.<\/p><p>Temme disse que se sente mais \u00e0 vontade para falar publicamente do que alguns de seus colegas por causa das prote\u00e7\u00f5es aos trabalhadores da Alemanha.Anil Patel, que trabalhou como engenheiro na Tesla por mais de quatro anos, saiu em dezembro, dizendo aos colegas por e-mail: \u201cVou aproveitar minha \u00fanica chance no palanque para dizer que a lideran\u00e7a da empresa e as a\u00e7\u00f5es pol\u00edticas de Elon s\u00e3o as maiores raz\u00f5es pelas quais estou deixando a Tesla. Tornou-se imposs\u00edvel para mim me apegar \u00e0 declara\u00e7\u00e3o de miss\u00e3o clim\u00e1tica quando temo tantos danos \u00e0s pessoas e ao meio ambiente no futuro deste pa\u00eds.\u201d<\/p><p>Alguns membros do conselho e um executivo disseram a alguns ouvintes que veem o relacionamento pr\u00f3ximo de Musk com o presidente como positivo, dando-lhe influ\u00eancia sobre quest\u00f5es que podem beneficiar a empresa em longo prazo, de acordo com pessoas familiarizadas com as conversas.<\/p><p>Dois membros do conselho da Tesla e alguns executivos seniores expressaram apoio publicamente ao envolvimento pol\u00edtico de Musk e a algumas das pol\u00edticas que ele adotou.<\/p><p>Alguns propriet\u00e1rios de Tesla, no entanto, disseram que a controv\u00e9rsia se tornou demais.<\/p><p>Bob Eckert, que se descreveu como um ex-f\u00e3 de Musk, disse que seu desejo de vender seu Modelo Y 2021 vinha crescendo desde a posse de Trump. \u201cCom o passar dos dias e semanas, percebemos que n\u00e3o era algo que pod\u00edamos apoiar, mesmo que perd\u00eassemos dinheiro\u201d, disse ele.<\/p><p>Eckert vendeu seu ve\u00edculo em fevereiro, com uma perda financeira de US$ 3 mil, porque devia mais em parcelas do que o valor do carro, e o substituiu por um Ford Mustang Mach-E el\u00e9trico. O revendedor Ford ofereceu-lhe um financiamento sem juros e um b\u00f4nus em dinheiro de US$ 1 mil por deixar a Tesla.<\/p><p>Larry Broughton, banqueiro aposentado de 76 anos de Houston, disse que estava assistindo ao notici\u00e1rio sobre os planos de Musk para o DOGE no in\u00edcio de janeiro e decidiu que n\u00e3o queria mais os dois Cybertrucks que havia encomendado. Foi at\u00e9 seu escrit\u00f3rio e cancelou sua encomenda.<\/p><p>\u201cAssim que ele come\u00e7ou a fazer todas essas coisas que Trump queria que ele fizesse, eu decidi n\u00e3o tomar parte nisso\u201d, disse Broughton. \u201cNa verdade, possuo algumas a\u00e7\u00f5es da Tesla e estou pensando em vend\u00ea-las tamb\u00e9m.\u201d<\/p><p><em>Escreva para Becky Peterson em becky.peterson@wsj.com e Sean McLain em sean.mclain@wsj.com<\/em><\/p>\n","protected":false},"excerpt":{"rendered":"<p>A pol\u00edtica do CEO corr\u00f3i o apelo da marca entre boa parte dos compradores de carros el\u00e9tricos; \u201cEu costumava idolatrar o cara\u201d<\/p>\n","protected":false},"author":118,"featured_media":572321,"comment_status":"closed","ping_status":"closed","sticky":false,"template":"","format":"standard","meta":{"_acf_changed":false,"inline_featured_image":false,"footnotes":""},"categories":[103073],"tags":[79,110168],"autor-wsj":[102913],"coauthors":[102488],"class_list":["post-657726","post","type-post","status-publish","format-standard","has-post-thumbnail","hentry","category-the-wall-street-journal","tag-donald-trump","tag-elon-musk","autor-wsj-becky-peterson"],"acf":[],"amp_enabled":true,"_links":{"self":[{"href":"https:\/\/investnews.com.br\/inv-api\/wp\/v2\/posts\/657726","targetHints":{"allow":["GET"]}}],"collection":[{"href":"https:\/\/investnews.com.br\/inv-api\/wp\/v2\/posts"}],"about":[{"href":"https:\/\/investnews.com.br\/inv-api\/wp\/v2\/types\/post"}],"author":[{"embeddable":true,"href":"https:\/\/investnews.com.br\/inv-api\/wp\/v2\/users\/118"}],"replies":[{"embeddable":true,"href":"https:\/\/investnews.com.br\/inv-api\/wp\/v2\/comments?post=657726"}],"version-history":[{"count":5,"href":"https:\/\/investnews.com.br\/inv-api\/wp\/v2\/posts\/657726\/revisions"}],"predecessor-version":[{"id":701916,"href":"https:\/\/investnews.com.br\/inv-api\/wp\/v2\/posts\/657726\/revisions\/701916"}],"wp:featuredmedia":[{"embeddable":true,"href":"https:\/\/investnews.com.br\/inv-api\/wp\/v2\/media\/572321"}],"wp:attachment":[{"href":"https:\/\/investnews.com.br\/inv-api\/wp\/v2\/media?parent=657726"}],"wp:term":[{"taxonomy":"category","embeddable":true,"href":"https:\/\/investnews.com.br\/inv-api\/wp\/v2\/categories?post=657726"},{"taxonomy":"post_tag","embeddable":true,"href":"https:\/\/investnews.com.br\/inv-api\/wp\/v2\/tags?post=657726"},{"taxonomy":"autor-wsj","embeddable":true,"href":"https:\/\/investnews.com.br\/inv-api\/wp\/v2\/autor-wsj?post=657726"},{"taxonomy":"author","embeddable":true,"href":"https:\/\/investnews.com.br\/inv-api\/wp\/v2\/coauthors?post=657726"}],"curies":[{"name":"wp","href":"https:\/\/api.w.org\/{rel}","templated":true}]}}