{"id":658203,"date":"2025-03-11T09:48:22","date_gmt":"2025-03-11T12:48:22","guid":{"rendered":"https:\/\/investnews.com.br\/?p=658203"},"modified":"2025-09-05T14:00:57","modified_gmt":"2025-09-05T17:00:57","slug":"anac-suspende-operacoes-aereas-da-voepass-por-falta-de-conformidades","status":"publish","type":"post","link":"https:\/\/investnews.com.br\/negocios\/anac-suspende-operacoes-aereas-da-voepass-por-falta-de-conformidades\/","title":{"rendered":"Anac suspende opera\u00e7\u00f5es a\u00e9reas da Voepass por &#8216;falta de conformidades&#8217;"},"content":{"rendered":"\n<p>A Ag\u00eancia Nacional de Avia\u00e7\u00e3o Civil (Anac) anunciou na madrugada desta ter\u00e7a-feira (11) a suspens\u00e3o das opera\u00e7\u00f5es a\u00e9reas da companhia Voepass, citando &#8220;n\u00e3o conformidades&#8221; com o cumprimento de regras do setor.<\/p>\n\n\n\n<p>&#8220;A decis\u00e3o da Anac decorre da incapacidade da Voepass em solucionar irregularidades identificadas no curso da supervis\u00e3o realizada pela ag\u00eancia, bem como da viola\u00e7\u00e3o das condicionantes estabelecidas anteriormente para a continuidade da opera\u00e7\u00e3o dentro dos padr\u00f5es de seguran\u00e7a exigidos&#8221;, afirmou a ag\u00eancia.<\/p>\n\n\n\n<p>A Voepass disse em comunicado \u00e0 imprensa que sua frota em opera\u00e7\u00e3o &#8220;\u00e9 aeronaveg\u00e1vel e apta a realizar voos seguindo as rigorosas exig\u00eancias de padr\u00f5es de seguran\u00e7a&#8221;.<\/p>\n\n\n\n<p>A decis\u00e3o veio praticamente sete meses depois que um avi\u00e3o ATR da Voepass caiu em Vinhedo (SP) matando todas as 62 pessoas a bordo. Al\u00e9m disso, a suspens\u00e3o dos voos da empresa tamb\u00e9m veio um m\u00eas depois de um <a href=\"https:\/\/investnews.com.br\/guias\/recuperacao-judicial\/\">pedido de recupera\u00e7\u00e3o judicial<\/a> da companhia.<\/p>\n\n\n\n<p>Segundo a Anac, ap\u00f3s a queda do avi\u00e3o da empresa em agosto do ano passado, houve a implanta\u00e7\u00e3o de uma opera\u00e7\u00e3o assistida de fiscaliza\u00e7\u00e3o da ag\u00eancia nas instala\u00e7\u00f5es da Voepass.<\/p>\n\n\n<section class=\"recirculation-area\">\n    <div class=\"container\">\n                <p class=\"title\">Leia mais <\/p>\n     \n            <ul class=\"recirculation-list\" data-tracking-position=\"Leia mais\">\n                            <li class=\"list-item\">\n                    <a \n                        href=\"https:\/\/investnews.com.br\/economia\/voepass-tenta-reorganizar-dividas-apos-queda-de-aviao\/\" \n                        title=\"Voepass tenta reorganizar d\u00edvidas ap\u00f3s queda de avi\u00e3o\" \n                        class=\"item-title recirculation-link\"\n                        data-btn-name=\"Voepass tenta reorganizar d\u00edvidas ap\u00f3s queda de avi\u00e3o\"\n                        data-posicao=\"Leia mais\"\n                        data-click-url=\"https:\/\/investnews.com.br\/economia\/voepass-tenta-reorganizar-dividas-apos-queda-de-aviao\/\"\n                    >\n                        Voepass tenta reorganizar d\u00edvidas ap\u00f3s queda de avi\u00e3o                    <\/a>\n                <\/li>\n                            <li class=\"list-item\">\n                    <a \n                        href=\"https:\/\/investnews.com.br\/negocios\/eve-prs-aeroporto-e-vertimob-se-unem-em-projeto-da-anac-para-carros-voadores\/\" \n                        title=\"Eve, PRS Aeroporto e VertiMob se unem em projeto da Anac para &#8216;carros voadores&#8217;\" \n                        class=\"item-title recirculation-link\"\n                        data-btn-name=\"Eve, PRS Aeroporto e VertiMob se unem em projeto da Anac para &#8216;carros voadores&#8217;\"\n                        data-posicao=\"Leia mais\"\n                        data-click-url=\"https:\/\/investnews.com.br\/negocios\/eve-prs-aeroporto-e-vertimob-se-unem-em-projeto-da-anac-para-carros-voadores\/\"\n                    >\n                        Eve, PRS Aeroporto e VertiMob se unem em projeto da Anac para &#8216;carros voadores&#8217;                    <\/a>\n                <\/li>\n                    <\/ul>\n    <\/div><\/section>\n\n\n\n<p>A Anac afirmou que em fevereiro detectou &#8220;degrada\u00e7\u00e3o da efici\u00eancia do sistema de gest\u00e3o da empresa em rela\u00e7\u00e3o \u00e0s atividades monitoradas e o descumprimento sistem\u00e1tico das exig\u00eancias feitas pela ag\u00eancia&#8221;.<\/p>\n\n\n\n<p>Somado a isso, a Anac citou ainda que houve &#8220;quebra de confian\u00e7a&#8221; entre a ag\u00eancia e a companhia depois que a autarquia verificou &#8220;reincid\u00eancia de irregularidades&#8221; e &#8220;falta de efetividade do plano de a\u00e7\u00f5es corretivas&#8221;.<\/p>\n\n\n\n<p>A suspens\u00e3o das opera\u00e7\u00f5es a\u00e9reas da Voepass foi determinada pela Anac at\u00e9 que a empresa prove retomada de capacidade &#8220;de garantir o n\u00edvel de seguran\u00e7a previsto nos regulamentos vigentes&#8221;.<\/p>\n\n\n\n<p>A Voepass afirmou no comunicado que iniciou &#8220;tratativas internas&#8221; para demonstrar que tem capacidade de garantir os patamares de seguran\u00e7a exigidos, mas n\u00e3o citou prazo sobre quando isso pode ocorrer.<\/p>\n\n\n\n<p>A Voepass conta atualmente com seis aeronaves. A opera\u00e7\u00e3o inclui 15 localidades com voos comerciais e duas com contratos de fretamento, afirmou a Anac no comunicado \u00e0 imprensa.<\/p>\n\n\n\n<p>\u00a0<em>(Por Rodrigo Viga Gaier)<\/em><\/p>\n","protected":false},"excerpt":{"rendered":"<p>Decis\u00e3o decorre da incapacidade da Voepass em solucionar irregularidades identificadas no curso da supervis\u00e3o realizada pela ag\u00eancia<\/p>\n","protected":false},"author":61,"featured_media":651212,"comment_status":"closed","ping_status":"closed","sticky":false,"template":"","format":"standard","meta":{"_acf_changed":false,"inline_featured_image":false,"footnotes":""},"categories":[6],"tags":[110574,102288],"autor-wsj":[],"coauthors":[2494],"class_list":["post-658203","post","type-post","status-publish","format-standard","has-post-thumbnail","hentry","category-negocios","tag-anac","tag-reuters"],"acf":[],"amp_enabled":true,"_links":{"self":[{"href":"https:\/\/investnews.com.br\/inv-api\/wp\/v2\/posts\/658203","targetHints":{"allow":["GET"]}}],"collection":[{"href":"https:\/\/investnews.com.br\/inv-api\/wp\/v2\/posts"}],"about":[{"href":"https:\/\/investnews.com.br\/inv-api\/wp\/v2\/types\/post"}],"author":[{"embeddable":true,"href":"https:\/\/investnews.com.br\/inv-api\/wp\/v2\/users\/61"}],"replies":[{"embeddable":true,"href":"https:\/\/investnews.com.br\/inv-api\/wp\/v2\/comments?post=658203"}],"version-history":[{"count":1,"href":"https:\/\/investnews.com.br\/inv-api\/wp\/v2\/posts\/658203\/revisions"}],"predecessor-version":[{"id":658227,"href":"https:\/\/investnews.com.br\/inv-api\/wp\/v2\/posts\/658203\/revisions\/658227"}],"wp:featuredmedia":[{"embeddable":true,"href":"https:\/\/investnews.com.br\/inv-api\/wp\/v2\/media\/651212"}],"wp:attachment":[{"href":"https:\/\/investnews.com.br\/inv-api\/wp\/v2\/media?parent=658203"}],"wp:term":[{"taxonomy":"category","embeddable":true,"href":"https:\/\/investnews.com.br\/inv-api\/wp\/v2\/categories?post=658203"},{"taxonomy":"post_tag","embeddable":true,"href":"https:\/\/investnews.com.br\/inv-api\/wp\/v2\/tags?post=658203"},{"taxonomy":"autor-wsj","embeddable":true,"href":"https:\/\/investnews.com.br\/inv-api\/wp\/v2\/autor-wsj?post=658203"},{"taxonomy":"author","embeddable":true,"href":"https:\/\/investnews.com.br\/inv-api\/wp\/v2\/coauthors?post=658203"}],"curies":[{"name":"wp","href":"https:\/\/api.w.org\/{rel}","templated":true}]}}