{"id":658559,"date":"2025-03-12T15:33:07","date_gmt":"2025-03-12T18:33:07","guid":{"rendered":"https:\/\/investnews.com.br\/?p=658559"},"modified":"2025-03-13T09:41:15","modified_gmt":"2025-03-13T12:41:15","slug":"tarifas-de-trump-sobre-aco-e-aluminio-vai-impactar-001-do-pib-do-brasil-aponta-ipea","status":"publish","type":"post","link":"https:\/\/investnews.com.br\/negocios\/tarifas-de-trump-sobre-aco-e-aluminio-vai-impactar-001-do-pib-do-brasil-aponta-ipea\/","title":{"rendered":"Tarifas de Trump: Brasil deve perder US$1,5 bilh\u00e3o em exporta\u00e7\u00f5es, aponta Ipea"},"content":{"rendered":"\n<p>A cobran\u00e7a da tarifa de 25% sobre a importa\u00e7\u00e3o de a\u00e7o e alum\u00ednio, que come\u00e7ou a ser aplicada pelos Estados Unidos nesta quarta-feira (12), deve gerar uma perda de exporta\u00e7\u00e3o equivalente a US$1,5 bilh\u00e3o e de 1,6 milh\u00e3o de toneladas ao Brasil.<\/p>\n\n\n\n<p>Isso significa um impacto de 0,01% no PIB do Brasil, segundo estimativa do Instituto de Pesquisa Econ\u00f4mica Aplicada (Ipea).<\/p>\n\n\n\n<p>A tarifa tamb\u00e9m reduzir\u00e1 exporta\u00e7\u00f5es brasileiras em 0,03%, de acordo com os dados.<\/p>\n\n\n\n<p>Mas, o estudo aponta para um impacto expressivo sobre o segmento de Metais Ferrosos no Brasil, com queda de produ\u00e7\u00e3o de 2,19% e redu\u00e7\u00e3o de 11,27% das exporta\u00e7\u00f5es.<\/p>\n\n\n\n<p>\u201cConsiderando que quase toda a redu\u00e7\u00e3o se dar\u00e1 nas vendas para os Estados Unidos, as exporta\u00e7\u00f5es para este pa\u00eds teriam queda de 36,2%. Em termos macroecon\u00f4micos, o impacto no Brasil seria insignificante, de queda de 0,01% do PIB e de 0,03% das exporta\u00e7\u00f5es totais\u201d, diz o estudo do Ipea.<\/p>\n\n\n\n<p>A taxa de importa\u00e7\u00e3o norte-americana afetar\u00e1 diretamente mais de 10% do faturamento do setor sider\u00fargico no Brasil. <\/p>\n\n\n\n<p>\u201cE a depend\u00eancia deste mercado \u00e9 ainda maior no caso dos produtos semiacabados (placas e lingotes), visto que cerca de 90% das vendas brasileiras para os EUA concentram-se nesses produtos\u201d, destaca o documento.<\/p>\n\n\n\n<p>Em seu primeiro governo, o presidente dos EUA, Donald Trump, tamb\u00e9m adotou medidas para taxar a\u00e7o importado de outros pa\u00edses, mas o Brasil conseguiu ap\u00f3s negocia\u00e7\u00f5es entrar em um regime de cotas de exporta\u00e7\u00e3o.<\/p>\n\n\n<section class=\"recirculation-area\">\n    <div class=\"container\">\n                <p class=\"title\">Leia mais <\/p>\n     \n            <ul class=\"recirculation-list\" data-tracking-position=\"Leia mais\">\n                            <li class=\"list-item\">\n                    <a \n                        href=\"https:\/\/investnews.com.br\/negocios\/tarifas-de-trump-sobre-aco-e-aluminio-provocam-retaliacoes-e-tensoes-internacionais\/\" \n                        title=\"Uni\u00e3o Europeia e Canad\u00e1 anunciam retalia\u00e7\u00f5es \u00e0s tarifas de Trump sobre a\u00e7o e alum\u00ednio\" \n                        class=\"item-title recirculation-link\"\n                        data-btn-name=\"Uni\u00e3o Europeia e Canad\u00e1 anunciam retalia\u00e7\u00f5es \u00e0s tarifas de Trump sobre a\u00e7o e alum\u00ednio\"\n                        data-posicao=\"Leia mais\"\n                        data-click-url=\"https:\/\/investnews.com.br\/negocios\/tarifas-de-trump-sobre-aco-e-aluminio-provocam-retaliacoes-e-tensoes-internacionais\/\"\n                    >\n                        Uni\u00e3o Europeia e Canad\u00e1 anunciam retalia\u00e7\u00f5es \u00e0s tarifas de Trump sobre a\u00e7o e alum\u00ednio                    <\/a>\n                <\/li>\n                            <li class=\"list-item\">\n                    <a \n                        href=\"https:\/\/investnews.com.br\/economia\/real-fraco-embraer-e-aco-como-o-brasil-quase-zerou-o-deficit-comercial-com-os-eua\/\" \n                        title=\"Embraer,  a\u00e7o e real fraco: como o Brasil quase zerou o d\u00e9ficit comercial com os EUA\" \n                        class=\"item-title recirculation-link\"\n                        data-btn-name=\"Embraer,  a\u00e7o e real fraco: como o Brasil quase zerou o d\u00e9ficit comercial com os EUA\"\n                        data-posicao=\"Leia mais\"\n                        data-click-url=\"https:\/\/investnews.com.br\/economia\/real-fraco-embraer-e-aco-como-o-brasil-quase-zerou-o-deficit-comercial-com-os-eua\/\"\n                    >\n                        Embraer,  a\u00e7o e real fraco: como o Brasil quase zerou o d\u00e9ficit comercial com os EUA                    <\/a>\n                <\/li>\n                    <\/ul>\n    <\/div><\/section>\n\n\n\n<p>Em entrevista \u00e0 Reuters, o presidente do Instituto A\u00e7o Brasil, que representa empresas como Gerdau e Usiminas, Marco Polo de Mello Lopes, afirmou que espera que um novo regime especial, como o de cotas que estava em vigor desde 2018, seja adotado para o Brasil.<\/p>\n\n\n\n<p>O executivo argumenta que as sider\u00fargicas brasileiras exportam em sua maioria placas de a\u00e7o que s\u00e3o laminadas e beneficiadas por usinas no mercado norte-americano.<\/p>\n\n\n\n<p>&#8220;A gente continua com a expectativa j\u00e1 que os canais foram abertos em n\u00edvel muito alto entre os dois governos para a gente tentar reestabelecer o acordo do regime de cotas&#8221;, disse o presidente do A\u00e7o Brasil.<\/p>\n\n\n\n<p>&#8220;Mostramos que nossa exporta\u00e7\u00e3o para eles \u00e9 complementar; s\u00e3o placas de a\u00e7o que v\u00e3o ser laminadas pela pr\u00f3pria ind\u00fastria norte-americana. O Brasil exporta para ind\u00fastria dele, ou seja, tudo leva a crer que a gente vai reestabelecer o acordo de cotas\u201c, adicionou Lopes.<\/p>\n\n\n\n<p>O executivo tem feito reuni\u00f5es com integrantes do governo federal, entre eles o ministro da Fazenda, Fernando Haddad, para tratar da tarifa\u00e7\u00e3o dos EUA e para chamar aten\u00e7\u00e3o para outras preocupa\u00e7\u00f5es que podem vir a reboque das medidas do governo Trump.<\/p>\n\n\n\n<p>Lopes alertou que a prote\u00e7\u00e3o norte-americana vai afetar outros exportadores de a\u00e7o, especialmente a China, que tentar\u00e1 cada vez mais buscar novos mercados para colocar seus produtos sider\u00fargicos.<\/p>\n\n\n\n<p>&#8220;A realidade \u00e9 essa e o governo brasileiro est\u00e1 ciente e entende a nossa situa\u00e7\u00e3o&#8221;, afirmou o presidente do A\u00e7o Brasil.<\/p>\n\n\n\n<p>O levantamento do Ipea tamb\u00e9m tratou dos impactos da nova tarifa na economia dos EUA. A estimativa \u00e9 que as importa\u00e7\u00f5es de Metais Ferrosos ter\u00e3o queda de 39,2%, enquanto a produ\u00e7\u00e3o dom\u00e9stica ter\u00e1 aumento de 8,95%.<\/p>\n\n\n\n<p>&#8220;Mas haver\u00e1 efeitos relevantes sobre outros setores, por exemplo, com queda de produ\u00e7\u00e3o de m\u00e1quinas e equipamentos, produtos de metal, equipamentos el\u00e9tricos e ve\u00edculos e pe\u00e7as, como reflexo do aumento de custo gerado pelas tarifas&#8221;, afirma o Ipea.<\/p>\n\n\n\n<p>&#8220;Tamb\u00e9m as exporta\u00e7\u00f5es destes setores ser\u00e3o prejudicadas. Entre os demais pa\u00edses, Canad\u00e1 e M\u00e9xico ser\u00e3o os mais afetados, com redu\u00e7\u00e3o das exporta\u00e7\u00f5es de metais ferrosos de, respectivamente, 31,4% e 21,3%, e quedas da produ\u00e7\u00e3o dom\u00e9stica de 13,8% e 6,2%\u201d, complementa o documento. <\/p>\n","protected":false},"excerpt":{"rendered":"<p>A cobran\u00e7a da tarifa de 25% sobre a importa\u00e7\u00e3o de a\u00e7o e alum\u00ednio, que come\u00e7ou a ser aplicada pelos Estados Unidos nesta quarta-feira (12), deve gerar uma perda de exporta\u00e7\u00e3o equivalente a US$1,5 bilh\u00e3o e de 1,6 milh\u00e3o de toneladas ao Brasil. Isso significa um impacto de 0,01% no PIB do Brasil, segundo estimativa do [&hellip;]<\/p>\n","protected":false},"author":61,"featured_media":652456,"comment_status":"closed","ping_status":"closed","sticky":false,"template":"","format":"standard","meta":{"_acf_changed":false,"inline_featured_image":false,"footnotes":""},"categories":[6],"tags":[102288],"autor-wsj":[],"coauthors":[2494],"class_list":["post-658559","post","type-post","status-publish","format-standard","has-post-thumbnail","hentry","category-negocios","tag-reuters"],"acf":[],"amp_enabled":true,"_links":{"self":[{"href":"https:\/\/investnews.com.br\/inv-api\/wp\/v2\/posts\/658559","targetHints":{"allow":["GET"]}}],"collection":[{"href":"https:\/\/investnews.com.br\/inv-api\/wp\/v2\/posts"}],"about":[{"href":"https:\/\/investnews.com.br\/inv-api\/wp\/v2\/types\/post"}],"author":[{"embeddable":true,"href":"https:\/\/investnews.com.br\/inv-api\/wp\/v2\/users\/61"}],"replies":[{"embeddable":true,"href":"https:\/\/investnews.com.br\/inv-api\/wp\/v2\/comments?post=658559"}],"version-history":[{"count":6,"href":"https:\/\/investnews.com.br\/inv-api\/wp\/v2\/posts\/658559\/revisions"}],"predecessor-version":[{"id":658793,"href":"https:\/\/investnews.com.br\/inv-api\/wp\/v2\/posts\/658559\/revisions\/658793"}],"wp:featuredmedia":[{"embeddable":true,"href":"https:\/\/investnews.com.br\/inv-api\/wp\/v2\/media\/652456"}],"wp:attachment":[{"href":"https:\/\/investnews.com.br\/inv-api\/wp\/v2\/media?parent=658559"}],"wp:term":[{"taxonomy":"category","embeddable":true,"href":"https:\/\/investnews.com.br\/inv-api\/wp\/v2\/categories?post=658559"},{"taxonomy":"post_tag","embeddable":true,"href":"https:\/\/investnews.com.br\/inv-api\/wp\/v2\/tags?post=658559"},{"taxonomy":"autor-wsj","embeddable":true,"href":"https:\/\/investnews.com.br\/inv-api\/wp\/v2\/autor-wsj?post=658559"},{"taxonomy":"author","embeddable":true,"href":"https:\/\/investnews.com.br\/inv-api\/wp\/v2\/coauthors?post=658559"}],"curies":[{"name":"wp","href":"https:\/\/api.w.org\/{rel}","templated":true}]}}