{"id":658802,"date":"2025-03-13T10:32:56","date_gmt":"2025-03-13T13:32:56","guid":{"rendered":"https:\/\/investnews.com.br\/?p=658802"},"modified":"2025-03-18T17:37:47","modified_gmt":"2025-03-18T20:37:47","slug":"volkswagen-adia-meta-de-65-de-lucro-para-2029-apos-quedas-na-china-e-europa","status":"publish","type":"post","link":"https:\/\/investnews.com.br\/negocios\/volkswagen-adia-meta-de-65-de-lucro-para-2029-apos-quedas-na-china-e-europa\/","title":{"rendered":"Volkswagen adia meta de 6,5% de lucro para 2029 ap\u00f3s quedas nas vendas na China e Europa"},"content":{"rendered":"\n<p>A Volkswagen adiou sua meta de lucratividade em tr\u00eas anos, enquanto a montadora enfrenta vendas fracas e v\u00ea a necessidade de enxugar os custos de suas opera\u00e7\u00f5es inchadas.<\/p>\n\n\n\n<p>A empresa agora visa uma margem operacional de 6,5% em 2029, ao inv\u00e9s de 2026, \u00e0 medida que corta capacidade e trabalhadores para compensar a menor demanda na Europa e na China. Os retornos da marca ca\u00edram para 2,9% no ano passado, o menor desde 2020.<\/p>\n\n\n\n<p>\u201cEnfrentamos e continuaremos a enfrentar obst\u00e1culos significativos, crescimento menor do que o esperado em mercados importantes e infla\u00e7\u00e3o persistente\u201d, disse o diretor financeiro da marca, David Powels, durante uma teleconfer\u00eancia sobre os lucros da VW nesta quinta-feira (13).<\/p>\n\n\n\n<p>As vendas em queda na China e a competi\u00e7\u00e3o cada vez mais acirrada na Europa \u2014 que ainda n\u00e3o retornou aos n\u00edveis de demanda pr\u00e9-pandemia \u2014 pesaram na lucratividade da VW. Esfor\u00e7os de recupera\u00e7\u00e3o anteriores foram prejudicados por lan\u00e7amentos fracassados \u200b\u200bde ve\u00edculos el\u00e9tricos.<\/p>\n\n\n\n<p>O CEO do grupo Oliver Blume fechou um acordo com sindicatos no final do ano passado para tornar a marca mais eficiente. <\/p>\n\n\n<section class=\"recirculation-area\">\n    <div class=\"container\">\n                <p class=\"title\">Leia mais <\/p>\n     \n            <ul class=\"recirculation-list\" data-tracking-position=\"Leia mais\">\n                            <li class=\"list-item\">\n                    <a \n                        href=\"https:\/\/investnews.com.br\/the-wall-street-journal\/apos-cortar-gastos-volkswagen-aposta-em-eletrico-barato-para-retomar-crescimento\/\" \n                        title=\"Volkswagen vai lan\u00e7ar el\u00e9trico barato para enfrentar a concorr\u00eancia chinesa\" \n                        class=\"item-title recirculation-link\"\n                        data-btn-name=\"Volkswagen vai lan\u00e7ar el\u00e9trico barato para enfrentar a concorr\u00eancia chinesa\"\n                        data-posicao=\"Leia mais\"\n                        data-click-url=\"https:\/\/investnews.com.br\/the-wall-street-journal\/apos-cortar-gastos-volkswagen-aposta-em-eletrico-barato-para-retomar-crescimento\/\"\n                    >\n                        Volkswagen vai lan\u00e7ar el\u00e9trico barato para enfrentar a concorr\u00eancia chinesa                    <\/a>\n                <\/li>\n                            <li class=\"list-item\">\n                    <a \n                        href=\"https:\/\/investnews.com.br\/negocios\/volkswagen-e-stellantis-sao-lideres-no-brasil-mas-vivem-crise-global-o-que-esta-em-jogo\/\" \n                        title=\"Volkswagen e Stellantis, l\u00edderes no Brasil, vivem uma crise global. O que est\u00e1 em jogo?\" \n                        class=\"item-title recirculation-link\"\n                        data-btn-name=\"Volkswagen e Stellantis, l\u00edderes no Brasil, vivem uma crise global. O que est\u00e1 em jogo?\"\n                        data-posicao=\"Leia mais\"\n                        data-click-url=\"https:\/\/investnews.com.br\/negocios\/volkswagen-e-stellantis-sao-lideres-no-brasil-mas-vivem-crise-global-o-que-esta-em-jogo\/\"\n                    >\n                        Volkswagen e Stellantis, l\u00edderes no Brasil, vivem uma crise global. O que est\u00e1 em jogo?                    <\/a>\n                <\/li>\n                    <\/ul>\n    <\/div><\/section>\n\n\n\n<p>As medidas incluem cortar a capacidade em suas unidades alem\u00e3s em v\u00e1rias centenas de milhares de unidades e reduzir a for\u00e7a de trabalho em mais de 35 mil nos pr\u00f3ximos cinco anos. A marca est\u00e1 projetando uma margem operacional de mais de 4% este ano e 5,5% em 2027.<\/p>\n\n\n\n<p>Ainda de acordo com o executivo, a VW est\u00e1 planejando v\u00e1rios ve\u00edculos el\u00e9tricos de baixo custo para conquistar os consumidores europeus pressionados. <\/p>\n\n\n\n<p>O primeiro deles \u2014 um abaixo de \u20ac 25.000 chamado ID. 2all \u2014 n\u00e3o ser\u00e1 entregue antes do ano que vem. <\/p>\n\n\n\n<p>A marca tamb\u00e9m tem grandes esperan\u00e7as para o ID. EVERY1 de \u20ac 20.000, um el\u00e9trico compacto que deve come\u00e7ar a ser produzido em dois anos em Portugal.<\/p>\n\n\n\n<p>\u201cCom carros pequenos, a expectativa de margem de 6,5% \u00e9 grande\u201d, disse Powels, acrescentando que est\u00e1 confiante de que a marca alcan\u00e7ar\u00e1 esses retornos at\u00e9 2029.<\/p>\n\n\n\n<figure class=\"wp-block-embed is-type-video is-provider-youtube wp-block-embed-youtube wp-embed-aspect-16-9 wp-has-aspect-ratio\"><div class=\"wp-block-embed__wrapper\">\n<iframe loading=\"lazy\" title=\"Volkswagen adia meta de 6,5% de lucro para 2029 ap\u00f3s quedas nas vendas na China e Europa\" width=\"500\" height=\"281\" src=\"https:\/\/www.youtube.com\/embed\/xVyD66n4Ivw?feature=oembed\" frameborder=\"0\" allow=\"accelerometer; autoplay; clipboard-write; encrypted-media; gyroscope; picture-in-picture; web-share\" referrerpolicy=\"strict-origin-when-cross-origin\" allowfullscreen><\/iframe>\n<\/div><\/figure>\n","protected":false},"excerpt":{"rendered":"<p>Montadora enfrenta vendas fracas e v\u00ea a necessidade de enxugar os custos de suas opera\u00e7\u00f5es inchadas<\/p>\n","protected":false},"author":76,"featured_media":501541,"comment_status":"closed","ping_status":"closed","sticky":false,"template":"","format":"standard","meta":{"_acf_changed":false,"inline_featured_image":false,"footnotes":""},"categories":[6],"tags":[244,227,579],"autor-wsj":[],"coauthors":[101325],"class_list":["post-658802","post","type-post","status-publish","format-standard","has-post-thumbnail","hentry","category-negocios","tag-china","tag-europa","tag-volkswagen"],"acf":[],"amp_enabled":true,"_links":{"self":[{"href":"https:\/\/investnews.com.br\/inv-api\/wp\/v2\/posts\/658802","targetHints":{"allow":["GET"]}}],"collection":[{"href":"https:\/\/investnews.com.br\/inv-api\/wp\/v2\/posts"}],"about":[{"href":"https:\/\/investnews.com.br\/inv-api\/wp\/v2\/types\/post"}],"author":[{"embeddable":true,"href":"https:\/\/investnews.com.br\/inv-api\/wp\/v2\/users\/76"}],"replies":[{"embeddable":true,"href":"https:\/\/investnews.com.br\/inv-api\/wp\/v2\/comments?post=658802"}],"version-history":[{"count":5,"href":"https:\/\/investnews.com.br\/inv-api\/wp\/v2\/posts\/658802\/revisions"}],"predecessor-version":[{"id":659931,"href":"https:\/\/investnews.com.br\/inv-api\/wp\/v2\/posts\/658802\/revisions\/659931"}],"wp:featuredmedia":[{"embeddable":true,"href":"https:\/\/investnews.com.br\/inv-api\/wp\/v2\/media\/501541"}],"wp:attachment":[{"href":"https:\/\/investnews.com.br\/inv-api\/wp\/v2\/media?parent=658802"}],"wp:term":[{"taxonomy":"category","embeddable":true,"href":"https:\/\/investnews.com.br\/inv-api\/wp\/v2\/categories?post=658802"},{"taxonomy":"post_tag","embeddable":true,"href":"https:\/\/investnews.com.br\/inv-api\/wp\/v2\/tags?post=658802"},{"taxonomy":"autor-wsj","embeddable":true,"href":"https:\/\/investnews.com.br\/inv-api\/wp\/v2\/autor-wsj?post=658802"},{"taxonomy":"author","embeddable":true,"href":"https:\/\/investnews.com.br\/inv-api\/wp\/v2\/coauthors?post=658802"}],"curies":[{"name":"wp","href":"https:\/\/api.w.org\/{rel}","templated":true}]}}