{"id":659198,"date":"2025-03-14T19:47:56","date_gmt":"2025-03-14T22:47:56","guid":{"rendered":"https:\/\/investnews.com.br\/?p=659198"},"modified":"2025-07-29T16:33:25","modified_gmt":"2025-07-29T19:33:25","slug":"inflacao-mensal-da-argentina-volta-a-subir-pressionada-pelo-alta-de-alimentos-e-bebidas","status":"publish","type":"post","link":"https:\/\/investnews.com.br\/economia\/inflacao-mensal-da-argentina-volta-a-subir-pressionada-pelo-alta-de-alimentos-e-bebidas\/","title":{"rendered":"Infla\u00e7\u00e3o mensal da Argentina volta a subir, pressionada pelo alta de alimentos e bebidas"},"content":{"rendered":"\n<p>A infla\u00e7\u00e3o na Argentina acelerou ligeiramente em fevereiro, apesar da decis\u00e3o do presidente Javier Milei de desacelerar a deprecia\u00e7\u00e3o mensal do peso.<\/p>\n\n\n\n<p>Os pre\u00e7os ao consumidor subiram 2,4% em rela\u00e7\u00e3o a janeiro, mais do que a estimativa mediana de 2,3% dos analistas consultados pela Bloomberg. J\u00e1 a infla\u00e7\u00e3o anual desacelerou para 66,9%, de acordo com dados do governo publicados nesta sexta-feira (14).<\/p>\n\n\n\n<p>Em 1\u00ba de fevereiro, o banco central argentino reduziu a desvaloriza\u00e7\u00e3o mensal da moeda de 2% para 1%, uma medida destinada a resfriar os pre\u00e7os dom\u00e9sticos, que t\u00eam se mantido entre 2% e 3% ao m\u00eas desde outubro. Embora isso aumente a popularidade de Milei internamente, a desacelera\u00e7\u00e3o tamb\u00e9m reduz a competitividade da moeda no exterior, enquanto amplia o saldo comercial do pa\u00eds.<\/p>\n\n\n\n<p>&#8220;\u00c9 uma acelera\u00e7\u00e3o pequena em rela\u00e7\u00e3o a janeiro, mas nada que n\u00e3o esper\u00e1ssemos&#8221;, disse Pedro Siaba Serrate, chefe de pesquisa e estrat\u00e9gia na Portfolio Personal Inversiones, uma corretora de Buenos Aires. &#8220;Teremos que aguardar para ver como ser\u00e1 mar\u00e7o, que, segundo nossos indicadores de alta frequ\u00eancia, pode colocar um teto neste ritmo.&#8221;<\/p>\n\n\n\n<p>O ministro da Economia argentino, Luis Caputo, havia dito anteriormente em uma entrevista que esperava que a taxa de infla\u00e7\u00e3o mensal ca\u00edsse para menos de 2% ap\u00f3s a modifica\u00e7\u00e3o. Mas os economistas j\u00e1 esperavam um impacto negativo da carne vermelha, que tem grande peso na cesta de infla\u00e7\u00e3o, al\u00e9m da volta das crian\u00e7as \u00e0s escolas em fevereiro, o que tamb\u00e9m pressionou os pre\u00e7os.<\/p>\n\n\n<section class=\"recirculation-area\">\n    <div class=\"container\">\n                <p class=\"title\">Leia mais<\/p>\n     \n            <ul class=\"recirculation-list\" data-tracking-position=\"Leia mais\">\n                            <li class=\"list-item\">\n                    <a \n                        href=\"https:\/\/investnews.com.br\/economia\/por-que-o-poder-de-compra-do-argentinos-no-exterior-foi-a-estratosfera\/\" \n                        title=\"Por que o poder de compra dos argentinos no exterior foi \u00e0 estratosfera\" \n                        class=\"item-title recirculation-link\"\n                        data-btn-name=\"Por que o poder de compra dos argentinos no exterior foi \u00e0 estratosfera\"\n                        data-posicao=\"Leia mais\"\n                        data-click-url=\"https:\/\/investnews.com.br\/economia\/por-que-o-poder-de-compra-do-argentinos-no-exterior-foi-a-estratosfera\/\"\n                    >\n                        Por que o poder de compra dos argentinos no exterior foi \u00e0 estratosfera                    <\/a>\n                <\/li>\n                            <li class=\"list-item\">\n                    <a \n                        href=\"https:\/\/investnews.com.br\/economia\/com-reformas-de-milei-argentina-registra-primeiro-superavit-em-14-ano\/\" \n                        title=\"Com reformas de Milei, Argentina registra primeiro super\u00e1vit em 14 anos\" \n                        class=\"item-title recirculation-link\"\n                        data-btn-name=\"Com reformas de Milei, Argentina registra primeiro super\u00e1vit em 14 anos\"\n                        data-posicao=\"Leia mais\"\n                        data-click-url=\"https:\/\/investnews.com.br\/economia\/com-reformas-de-milei-argentina-registra-primeiro-superavit-em-14-ano\/\"\n                    >\n                        Com reformas de Milei, Argentina registra primeiro super\u00e1vit em 14 anos                    <\/a>\n                <\/li>\n                    <\/ul>\n    <\/div><\/section>\n\n\n\n<h2 class=\"wp-block-heading\">Alimentos e bebidas lideraram aumento<\/h2>\n\n\n\n<p>Os aumentos de pre\u00e7os foram liderados pelos custos de habita\u00e7\u00e3o, seguidos pela alimenta\u00e7\u00e3o, de acordo com os dados do governo.<\/p>\n\n\n\n<p>&#8220;Diferentemente dos meses anteriores, alimentos e bebidas lideraram os aumentos, especialmente a carne vermelha, que subiu mais de 7%, e menos em \u00e1reas como \u00f3leo vegetal&#8221;, disse Maria Castiglioni, diretora da empresa de consultoria C&amp;T Asesores, de Buenos Aires. &#8220;Mesmo assim, a infla\u00e7\u00e3o ano a ano caiu dramaticamente em compara\u00e7\u00e3o com fevereiro do ano passado.&#8221;<\/p>\n\n\n\n<p>A economia tem mostrado sinais consistentes de ganho de impulso ap\u00f3s uma profunda recess\u00e3o. A atividade econ\u00f4mica subiu 0,5% em dezembro, superando as expectativas pelo terceiro m\u00eas consecutivo. Enquanto isso, o governo enviou sinais claros de que um novo programa com o Fundo Monet\u00e1rio Internacional est\u00e1 mais pr\u00f3ximo do que nunca.<\/p>\n\n\n\n<p>Economistas consultados pelo banco central da Argentina esperam que a infla\u00e7\u00e3o anual caia para 23% este ano, enquanto o governo previu 18% em seu or\u00e7amento para 2025.<\/p>\n","protected":false},"excerpt":{"rendered":"<p>Pre\u00e7os subiram 2,4% em fevereiro, acima da estimativa mediana dos analistas consultados pela Bloomberg<\/p>\n","protected":false},"author":76,"featured_media":658108,"comment_status":"closed","ping_status":"closed","sticky":false,"template":"","format":"standard","meta":{"_acf_changed":false,"inline_featured_image":false,"footnotes":""},"categories":[5],"tags":[109771],"autor-wsj":[],"coauthors":[101325],"class_list":["post-659198","post","type-post","status-publish","format-standard","has-post-thumbnail","hentry","category-economia","tag-argentina"],"acf":[],"amp_enabled":true,"_links":{"self":[{"href":"https:\/\/investnews.com.br\/inv-api\/wp\/v2\/posts\/659198","targetHints":{"allow":["GET"]}}],"collection":[{"href":"https:\/\/investnews.com.br\/inv-api\/wp\/v2\/posts"}],"about":[{"href":"https:\/\/investnews.com.br\/inv-api\/wp\/v2\/types\/post"}],"author":[{"embeddable":true,"href":"https:\/\/investnews.com.br\/inv-api\/wp\/v2\/users\/76"}],"replies":[{"embeddable":true,"href":"https:\/\/investnews.com.br\/inv-api\/wp\/v2\/comments?post=659198"}],"version-history":[{"count":4,"href":"https:\/\/investnews.com.br\/inv-api\/wp\/v2\/posts\/659198\/revisions"}],"predecessor-version":[{"id":659204,"href":"https:\/\/investnews.com.br\/inv-api\/wp\/v2\/posts\/659198\/revisions\/659204"}],"wp:featuredmedia":[{"embeddable":true,"href":"https:\/\/investnews.com.br\/inv-api\/wp\/v2\/media\/658108"}],"wp:attachment":[{"href":"https:\/\/investnews.com.br\/inv-api\/wp\/v2\/media?parent=659198"}],"wp:term":[{"taxonomy":"category","embeddable":true,"href":"https:\/\/investnews.com.br\/inv-api\/wp\/v2\/categories?post=659198"},{"taxonomy":"post_tag","embeddable":true,"href":"https:\/\/investnews.com.br\/inv-api\/wp\/v2\/tags?post=659198"},{"taxonomy":"autor-wsj","embeddable":true,"href":"https:\/\/investnews.com.br\/inv-api\/wp\/v2\/autor-wsj?post=659198"},{"taxonomy":"author","embeddable":true,"href":"https:\/\/investnews.com.br\/inv-api\/wp\/v2\/coauthors?post=659198"}],"curies":[{"name":"wp","href":"https:\/\/api.w.org\/{rel}","templated":true}]}}