{"id":659256,"date":"2025-03-15T16:44:35","date_gmt":"2025-03-15T19:44:35","guid":{"rendered":"https:\/\/investnews.com.br\/?p=659256"},"modified":"2025-03-15T16:44:37","modified_gmt":"2025-03-15T19:44:37","slug":"novo-primeiro-ministro-do-canada-pausa-acordo-de-us-13-bi-para-compra-de-jatos-militares-americanos","status":"publish","type":"post","link":"https:\/\/investnews.com.br\/economia\/novo-primeiro-ministro-do-canada-pausa-acordo-de-us-13-bi-para-compra-de-jatos-militares-americanos\/","title":{"rendered":"Novo primeiro-ministro do Canad\u00e1 pausa acordo de US$ 13 bi para compra de jatos militares americanos"},"content":{"rendered":"\n<figure class=\"wp-block-image size-large\"><img loading=\"lazy\" decoding=\"async\" width=\"1024\" height=\"810\" src=\"https:\/\/media.investnews.com.br\/uploads\/2025\/03\/429651557-_2_-1024x810.webp\" alt=\"Ca\u00e7a F-35 da Lokheed Martin\" class=\"wp-image-659257\" srcset=\"https:\/\/media.investnews.com.br\/uploads\/2025\/03\/429651557-_2_-1024x810.webp 1024w, https:\/\/media.investnews.com.br\/uploads\/2025\/03\/429651557-_2_-300x237.webp 300w, https:\/\/media.investnews.com.br\/uploads\/2025\/03\/429651557-_2_-768x607.webp 768w, https:\/\/media.investnews.com.br\/uploads\/2025\/03\/429651557-_2_-1536x1214.webp 1536w, https:\/\/media.investnews.com.br\/uploads\/2025\/03\/429651557-_2_-2048x1619.webp 2048w, https:\/\/media.investnews.com.br\/uploads\/2025\/03\/429651557-_2_-1181x934.webp 1181w, https:\/\/media.investnews.com.br\/uploads\/2025\/03\/429651557-_2_-172x136.webp 172w, https:\/\/media.investnews.com.br\/uploads\/2025\/03\/429651557-_2_-150x119.webp 150w\" sizes=\"auto, (max-width: 1024px) 100vw, 1024px\" \/><figcaption class=\"wp-element-caption\">Canad\u00e1 tem acordo para comprar 88 ca\u00e7as F-35<\/figcaption><\/figure>\n\n\n\n<p>O novo primeiro-ministro do Canad\u00e1, Mark Carney, ordenou uma revis\u00e3o do contrato bilion\u00e1rio do pa\u00eds com a Lockheed Martin, dos Estados Unidos, para a compra de ca\u00e7as F-35. A decis\u00e3o abre um novo cap\u00edtulo na crescente tens\u00e3o entre os dois pa\u00edses, impulsionada pelas tarifas comerciais e pela ret\u00f3rica expansionista do presidente americano, Donald Trump.<\/p>\n\n\n\n<p>Poucas horas ap\u00f3s tomar posse na sexta-feira, Carney instruiu o ministro da Defesa, Bill Blair, a avaliar, em conjunto com as For\u00e7as Armadas e o Minist\u00e9rio da Defesa, se o contrato dos F-35 \u00e9 o melhor investimento para o Canad\u00e1 ou se h\u00e1 alternativas mais adequadas. &#8220;Precisamos garantir que esse contrato, da forma como est\u00e1, atende aos interesses dos canadenses e das For\u00e7as Armadas&#8221;, disse um porta-voz da pasta por e-mail.<\/p>\n\n\n\n<p>O acordo, avaliado em 19 bilh\u00f5es de d\u00f3lares canadenses (US$ 13,2 bilh\u00f5es), prev\u00ea a compra de 88 ca\u00e7as para substituir a frota envelhecida do pa\u00eds. A Lockheed Martin superou a sueca Saab AB e a americana Boeing na concorr\u00eancia, finalizada em 2023. O contrato \u00e9 dividido em etapas, e o Canad\u00e1 j\u00e1 assumiu um compromisso legal para o pagamento dos primeiros 16 avi\u00f5es.<\/p>\n\n\n\n<p>A revis\u00e3o, no entanto, n\u00e3o significa um cancelamento do acordo. Segundo Blair, a prioridade \u00e9 assegurar que o contrato &#8220;seja o melhor para os canadenses&#8221;. O ministro refor\u00e7ou essa posi\u00e7\u00e3o em entrevista \u00e0 Canadian Broadcasting Corp. na sexta-feira.<\/p>\n\n\n<section class=\"recirculation-area\">\n    <div class=\"container\">\n                <p class=\"title\">LEIA MAIS<\/p>\n     \n            <ul class=\"recirculation-list\" data-tracking-position=\"Leia mais\">\n                            <li class=\"list-item\">\n                    <a \n                        href=\"https:\/\/investnews.com.br\/economia\/canadenses-evitam-comprar-na-amazon-em-protesto-contra-os-eua-diz-pesquisa\/\" \n                        title=\"Canadenses evitam comprar na Amazon em protesto contra os EUA, diz pesquisa\" \n                        class=\"item-title recirculation-link\"\n                        data-btn-name=\"Canadenses evitam comprar na Amazon em protesto contra os EUA, diz pesquisa\"\n                        data-posicao=\"Leia mais\"\n                        data-click-url=\"https:\/\/investnews.com.br\/economia\/canadenses-evitam-comprar-na-amazon-em-protesto-contra-os-eua-diz-pesquisa\/\"\n                    >\n                        Canadenses evitam comprar na Amazon em protesto contra os EUA, diz pesquisa                    <\/a>\n                <\/li>\n                    <\/ul>\n    <\/div><\/section>\n\n\n\n<h3 class=\"wp-block-heading\"><strong>Outros pa\u00edses tamb\u00e9m reconsideram depend\u00eancia dos EUA<\/strong><\/h3>\n\n\n\n<p>O movimento do Canad\u00e1 n\u00e3o \u00e9 isolado. Em Portugal, o governo estuda op\u00e7\u00f5es para substituir seus ca\u00e7as F-16, atualmente de fabrica\u00e7\u00e3o americana. O ministro da Defesa do pa\u00eds, Nuno Melo, declarou que a decis\u00e3o levar\u00e1 em conta &#8220;a previsibilidade de nossos aliados&#8221; e citou a recente postura dos EUA dentro da Otan como um fator relevante, segundo reportagem do jornal <em>P\u00fablico<\/em> na quinta-feira.<\/p>\n\n\n\n<h3 class=\"wp-block-heading\"><strong>Lockheed Martin defende contrato<\/strong><\/h3>\n\n\n\n<p>Em resposta, um porta-voz da Lockheed Martin disse que a empresa valoriza a &#8220;forte parceria com a For\u00e7a A\u00e9rea Real Canadense&#8221; e espera continuar essa rela\u00e7\u00e3o no futuro. Ele destacou que o F-35 \u00e9 o &#8220;ca\u00e7a mais avan\u00e7ado, seguro e conectado do mundo&#8221;, fundamental para a seguran\u00e7a no s\u00e9culo 21 e para a dissuas\u00e3o aliada.<\/p>\n\n\n\n<p>A empresa americana evitou comentar diretamente sobre a revis\u00e3o do contrato, afirmando que &#8220;quest\u00f5es sobre a aquisi\u00e7\u00e3o do F-35 s\u00e3o melhor abordadas pelos governos do Canad\u00e1 e dos Estados Unidos&#8221;.<\/p>\n\n\n<section class=\"recirculation-area\">\n    <div class=\"container\">\n                <p class=\"title\">LEIA MAIS<\/p>\n     \n            <ul class=\"recirculation-list\" data-tracking-position=\"Leia mais\">\n                            <li class=\"list-item\">\n                    <a \n                        href=\"https:\/\/investnews.com.br\/negocios\/tarifas-de-trump-sobre-aco-e-aluminio-provocam-retaliacoes-e-tensoes-internacionais\/\" \n                        title=\"Uni\u00e3o Europeia e Canad\u00e1 anunciam retalia\u00e7\u00f5es \u00e0s tarifas de Trump sobre a\u00e7o e alum\u00ednio\" \n                        class=\"item-title recirculation-link\"\n                        data-btn-name=\"Uni\u00e3o Europeia e Canad\u00e1 anunciam retalia\u00e7\u00f5es \u00e0s tarifas de Trump sobre a\u00e7o e alum\u00ednio\"\n                        data-posicao=\"Leia mais\"\n                        data-click-url=\"https:\/\/investnews.com.br\/negocios\/tarifas-de-trump-sobre-aco-e-aluminio-provocam-retaliacoes-e-tensoes-internacionais\/\"\n                    >\n                        Uni\u00e3o Europeia e Canad\u00e1 anunciam retalia\u00e7\u00f5es \u00e0s tarifas de Trump sobre a\u00e7o e alum\u00ednio                    <\/a>\n                <\/li>\n                    <\/ul>\n    <\/div><\/section>\n\n\n\n<h3 class=\"wp-block-heading\"><strong>Press\u00e3o externa e novos rumos para o or\u00e7amento militar<\/strong><\/h3>\n\n\n\n<p>A revis\u00e3o do contrato ocorre em meio a press\u00f5es para que o Canad\u00e1 aumente seus gastos militares e cumpra a meta de investir 2% do PIB em defesa, uma promessa feita \u00e0 Otan. Trump tem criticado duramente a depend\u00eancia canadense dos EUA e, nos \u00faltimos meses, imp\u00f4s tarifas pesadas ao pa\u00eds, al\u00e9m de sugerir o uso de &#8220;for\u00e7a econ\u00f4mica&#8221; para transformar o Canad\u00e1 no &#8220;51\u00ba estado americano&#8221;.<\/p>\n\n\n\n<p>Durante sua campanha pela lideran\u00e7a do Partido Liberal, Carney defendeu uma reorienta\u00e7\u00e3o dos gastos militares, priorizando investimentos internos. &#8220;Vou gastar os d\u00f3lares da defesa no Canad\u00e1, e n\u00e3o os 80% que este governo gastou nos Estados Unidos at\u00e9 agora&#8221;, afirmou ele em um debate em fevereiro.<\/p>\n\n\n\n<p>A Saab, que perdeu a concorr\u00eancia para a Lockheed Martin, havia proposto a constru\u00e7\u00e3o de seus ca\u00e7as Gripen E em solo canadense. A empresa sueca n\u00e3o respondeu a pedidos de coment\u00e1rio. Suas a\u00e7\u00f5es, no entanto, j\u00e1 acumularam uma valoriza\u00e7\u00e3o de 72% desde o in\u00edcio de 2025.<\/p>\n","protected":false},"excerpt":{"rendered":"<p>A decis\u00e3o abre um novo cap\u00edtulo na crescente tens\u00e3o entre EUA e Canad\u00e1<\/p>\n","protected":false},"author":76,"featured_media":659257,"comment_status":"closed","ping_status":"closed","sticky":false,"template":"","format":"standard","meta":{"_acf_changed":false,"inline_featured_image":false,"footnotes":""},"categories":[5],"tags":[792],"autor-wsj":[],"coauthors":[101325],"class_list":["post-659256","post","type-post","status-publish","format-standard","has-post-thumbnail","hentry","category-economia","tag-aviacao"],"acf":[],"amp_enabled":true,"_links":{"self":[{"href":"https:\/\/investnews.com.br\/inv-api\/wp\/v2\/posts\/659256","targetHints":{"allow":["GET"]}}],"collection":[{"href":"https:\/\/investnews.com.br\/inv-api\/wp\/v2\/posts"}],"about":[{"href":"https:\/\/investnews.com.br\/inv-api\/wp\/v2\/types\/post"}],"author":[{"embeddable":true,"href":"https:\/\/investnews.com.br\/inv-api\/wp\/v2\/users\/76"}],"replies":[{"embeddable":true,"href":"https:\/\/investnews.com.br\/inv-api\/wp\/v2\/comments?post=659256"}],"version-history":[{"count":1,"href":"https:\/\/investnews.com.br\/inv-api\/wp\/v2\/posts\/659256\/revisions"}],"predecessor-version":[{"id":659258,"href":"https:\/\/investnews.com.br\/inv-api\/wp\/v2\/posts\/659256\/revisions\/659258"}],"wp:featuredmedia":[{"embeddable":true,"href":"https:\/\/investnews.com.br\/inv-api\/wp\/v2\/media\/659257"}],"wp:attachment":[{"href":"https:\/\/investnews.com.br\/inv-api\/wp\/v2\/media?parent=659256"}],"wp:term":[{"taxonomy":"category","embeddable":true,"href":"https:\/\/investnews.com.br\/inv-api\/wp\/v2\/categories?post=659256"},{"taxonomy":"post_tag","embeddable":true,"href":"https:\/\/investnews.com.br\/inv-api\/wp\/v2\/tags?post=659256"},{"taxonomy":"autor-wsj","embeddable":true,"href":"https:\/\/investnews.com.br\/inv-api\/wp\/v2\/autor-wsj?post=659256"},{"taxonomy":"author","embeddable":true,"href":"https:\/\/investnews.com.br\/inv-api\/wp\/v2\/coauthors?post=659256"}],"curies":[{"name":"wp","href":"https:\/\/api.w.org\/{rel}","templated":true}]}}