{"id":660868,"date":"2025-03-22T08:54:11","date_gmt":"2025-03-22T11:54:11","guid":{"rendered":"https:\/\/investnews.com.br\/?p=660868"},"modified":"2025-03-22T08:54:12","modified_gmt":"2025-03-22T11:54:12","slug":"engie-anuncia-compra-de-duas-usinas-hidreletricas-por-quase-r-3-bilhoes","status":"publish","type":"post","link":"https:\/\/investnews.com.br\/economia\/engie-anuncia-compra-de-duas-usinas-hidreletricas-por-quase-r-3-bilhoes\/","title":{"rendered":"Engie anuncia compra de duas usinas hidrel\u00e9tricas por quase R$ 3 bilh\u00f5es"},"content":{"rendered":"\n<p>A Engie Brasil informou nesta sexta-feira (21) que assinou contrato para aquisi\u00e7\u00e3o da Companhia Energ\u00e9tica do Jari e da Empresa de Energia Cachoeira Caldeir\u00e3o, que englobam as usinas hidrel\u00e9tricas Cachoeira Caldeir\u00e3o e Santo Ant\u00f4nio do Jari, em transa\u00e7\u00e3o estimada em quase R$ 3 bilh\u00f5es.<\/p>\n\n\n\n<p>As empresas vendedoras s\u00e3o a EDP e a CTG, de acordo com o fato relevante divulgadou pela Engie.<\/p>\n\n\n\n<p>A usina hidrel\u00e9trica Santo Ant\u00f4nio do Jari, localizada no Rio Jari, entre os munic\u00edpios de Laranjal do Jari (AP) e Almeirim (PA), possui 393 megawatts (MW) de capacidade instalada e 211 MW m\u00e9dios de capacidade comercial.<\/p>\n\n\n\n<p>J\u00e1 a usina hidrel\u00e9trica Cachoeira Caldeir\u00e3o, localizada no Rio Araguari, no munic\u00edpio de Ferreira Gomes (AP), conta com capacidade instalada de 219 MW e capacidade comercial de 123 MW m\u00e9dios.<\/p>\n\n\n\n<p>A expectativa de valor total da aquisi\u00e7\u00e3o, contemplando o endividamento dos ativos, \u00e9 de R$ 2,96 bilh\u00f5es, sendo R$ 2,29 bilh\u00f5es de &#8220;equity value&#8221; e R$ 671,5 milh\u00f5es de d\u00edvida l\u00edquida.<\/p>\n\n\n<section class=\"recirculation-area\">\n    <div class=\"container\">\n                <p class=\"title\">Leia mais<\/p>\n     \n            <ul class=\"recirculation-list\" data-tracking-position=\"Leia mais\">\n                            <li class=\"list-item\">\n                    <a \n                        href=\"https:\/\/investnews.com.br\/negocios\/vento-contra-o-que-esta-dando-errado-para-a-energia-eolica-no-brasil\/\" \n                        title=\"Vento contra: o que est\u00e1 dando errado para a energia e\u00f3lica no Brasil\" \n                        class=\"item-title recirculation-link\"\n                        data-btn-name=\"Vento contra: o que est\u00e1 dando errado para a energia e\u00f3lica no Brasil\"\n                        data-posicao=\"Leia mais\"\n                        data-click-url=\"https:\/\/investnews.com.br\/negocios\/vento-contra-o-que-esta-dando-errado-para-a-energia-eolica-no-brasil\/\"\n                    >\n                        Vento contra: o que est\u00e1 dando errado para a energia e\u00f3lica no Brasil                    <\/a>\n                <\/li>\n                            <li class=\"list-item\">\n                    <a \n                        href=\"https:\/\/investnews.com.br\/negocios\/energia-a-la-carte-o-desafio-de-democratizar-o-mercado-livre-de-energia-no-brasil\/\" \n                        title=\"Do mercadinho \u00e0 pousada: pequeno consumidor j\u00e1 responde por 35% do mercado livre de energia\" \n                        class=\"item-title recirculation-link\"\n                        data-btn-name=\"Do mercadinho \u00e0 pousada: pequeno consumidor j\u00e1 responde por 35% do mercado livre de energia\"\n                        data-posicao=\"Leia mais\"\n                        data-click-url=\"https:\/\/investnews.com.br\/negocios\/energia-a-la-carte-o-desafio-de-democratizar-o-mercado-livre-de-energia-no-brasil\/\"\n                    >\n                        Do mercadinho \u00e0 pousada: pequeno consumidor j\u00e1 responde por 35% do mercado livre de energia                    <\/a>\n                <\/li>\n                    <\/ul>\n    <\/div><\/section>\n\n\n\n<h2 class=\"wp-block-heading\">Integra\u00e7\u00e3o a parque gerador<\/h2>\n\n\n\n<p>Em comunicado \u00e0 imprensa, a Engie disse que as duas unidades ser\u00e3o integradas a um parque gerador que hoje conta com 11,3 gigawatts (GW), sendo 9,6 GW de capacidade instalada pr\u00f3pria, que \u00e9 composto de 115 usinas, sendo 11 hidrel\u00e9tricas e 104 complementares <span class=\"s1\">\u2014 <\/span>centrais a biomassa, PCHs, e\u00f3licas e solares.<\/p>\n\n\n\n<p>&#8220;A opera\u00e7\u00e3o criar\u00e1 valor aos acionistas ao nos permitir alocar capital em ativos j\u00e1 operacionais e com receitas seguras e de longo prazo, com bom equil\u00edbrio entre riscos e retornos, onde poderemos aplicar tamb\u00e9m toda a nossa reconhecida expertise em opera\u00e7\u00e3o de hidrel\u00e9tricas&#8221;, afirmou o diretor financeiro e de rela\u00e7\u00f5es com investidores, Eduardo Takamori, no comunicado.<\/p>\n\n\n\n<p>O fechamento da opera\u00e7\u00e3o ainda depende de condi\u00e7\u00f5es precedentes, incluindo aprova\u00e7\u00e3o pelo Conselho Administrativo de Defesa Econ\u00f4mica (Cade).<\/p>\n","protected":false},"excerpt":{"rendered":"<p>Neg\u00f3cio inclui as as usinas Cachoeira Caldeir\u00e3o e Santo Ant\u00f4nio do Jari, no Amap\u00e1, e depende de aprova\u00e7\u00e3o do Cade<\/p>\n","protected":false},"author":61,"featured_media":582458,"comment_status":"closed","ping_status":"closed","sticky":false,"template":"","format":"standard","meta":{"_acf_changed":false,"inline_featured_image":false,"footnotes":""},"categories":[5],"tags":[102288],"autor-wsj":[],"coauthors":[2494],"class_list":["post-660868","post","type-post","status-publish","format-standard","has-post-thumbnail","hentry","category-economia","tag-reuters"],"acf":[],"amp_enabled":true,"_links":{"self":[{"href":"https:\/\/investnews.com.br\/inv-api\/wp\/v2\/posts\/660868","targetHints":{"allow":["GET"]}}],"collection":[{"href":"https:\/\/investnews.com.br\/inv-api\/wp\/v2\/posts"}],"about":[{"href":"https:\/\/investnews.com.br\/inv-api\/wp\/v2\/types\/post"}],"author":[{"embeddable":true,"href":"https:\/\/investnews.com.br\/inv-api\/wp\/v2\/users\/61"}],"replies":[{"embeddable":true,"href":"https:\/\/investnews.com.br\/inv-api\/wp\/v2\/comments?post=660868"}],"version-history":[{"count":1,"href":"https:\/\/investnews.com.br\/inv-api\/wp\/v2\/posts\/660868\/revisions"}],"predecessor-version":[{"id":660884,"href":"https:\/\/investnews.com.br\/inv-api\/wp\/v2\/posts\/660868\/revisions\/660884"}],"wp:featuredmedia":[{"embeddable":true,"href":"https:\/\/investnews.com.br\/inv-api\/wp\/v2\/media\/582458"}],"wp:attachment":[{"href":"https:\/\/investnews.com.br\/inv-api\/wp\/v2\/media?parent=660868"}],"wp:term":[{"taxonomy":"category","embeddable":true,"href":"https:\/\/investnews.com.br\/inv-api\/wp\/v2\/categories?post=660868"},{"taxonomy":"post_tag","embeddable":true,"href":"https:\/\/investnews.com.br\/inv-api\/wp\/v2\/tags?post=660868"},{"taxonomy":"autor-wsj","embeddable":true,"href":"https:\/\/investnews.com.br\/inv-api\/wp\/v2\/autor-wsj?post=660868"},{"taxonomy":"author","embeddable":true,"href":"https:\/\/investnews.com.br\/inv-api\/wp\/v2\/coauthors?post=660868"}],"curies":[{"name":"wp","href":"https:\/\/api.w.org\/{rel}","templated":true}]}}