{"id":663379,"date":"2025-04-02T15:05:15","date_gmt":"2025-04-02T18:05:15","guid":{"rendered":"https:\/\/investnews.com.br\/?p=663379"},"modified":"2026-04-01T12:18:56","modified_gmt":"2026-04-01T15:18:56","slug":"grupo-airbus-projeta-a-venda-de-50-helicopteros-na-america-latina-nos-proximos-dois-anos","status":"publish","type":"post","link":"https:\/\/investnews.com.br\/economia\/grupo-airbus-projeta-a-venda-de-50-helicopteros-na-america-latina-nos-proximos-dois-anos\/","title":{"rendered":"Grupo Airbus projeta a venda de 50 helic\u00f3pteros na Am\u00e9rica Latina nos pr\u00f3ximos dois anos"},"content":{"rendered":"\n<p>A Helibras, do grupo Airbus, pretende acertar a venda de at\u00e9 50 aeronaves para tr\u00eas pa\u00edses da Am\u00e9rica Latina entre esse ano e 2026, disse o presidente da fabricante de helic\u00f3pteros, Alberto Duek, nesta quarta-feira.<\/p>\n\n\n\n<p>O executivo n\u00e3o revelou em entrevista \u00e0<em> Reuters<\/em> os potenciais compradores das aeronaves por motivos de confidencialidade, mas adiantou que a empresa tem uma campanha de negocia\u00e7\u00e3o em curso que envolve v\u00e1rios pa\u00edses.<\/p>\n\n\n\n<p>&#8220;A gente \u00e9 um hub da Airbus para Am\u00e9rica Latina. J\u00e1 fornecemos para Chile, Equador e Argentina, temos campanhas em andamento na regi\u00e3o e tem coisa avan\u00e7ada com tr\u00eas pa\u00edses para se concretizar entre esse ano e ano que vem&#8221;, disse ele na feira de produtos militares Laad.<\/p>\n\n\n\n<p>&#8220;Estamos falando de at\u00e9 50 aeronaves para esses tr\u00eas pa\u00edses&#8221;, adicionou Duek.<\/p>\n\n\n\n<p>A empresa tem uma unidade de fabrica\u00e7\u00e3o e servi\u00e7os em Itajub\u00e1 (MG). Para o mercado nacional, a Helibras j\u00e1 fechou em 2025 a venda de cinco aeronaves alimentando a expectativa de que os n\u00fameros do ano v\u00e3o superar 2024.<\/p>\n\n\n<section class=\"recirculation-area\">\n    <div class=\"container\">\n                <p class=\"title\">Leia mais <\/p>\n     \n            <ul class=\"recirculation-list\" data-tracking-position=\"Leia mais\">\n                            <li class=\"list-item\">\n                    <a \n                        href=\"https:\/\/investnews.com.br\/negocios\/vai-voar-airbus-precisa-correr-para-bater-meta-ambiciosa-de-entregas\/\" \n                        title=\"Vai voar? Airbus precisa correr para bater meta ambiciosa de entregas\" \n                        class=\"item-title recirculation-link\"\n                        data-btn-name=\"Vai voar? Airbus precisa correr para bater meta ambiciosa de entregas\"\n                        data-posicao=\"Leia mais\"\n                        data-click-url=\"https:\/\/investnews.com.br\/negocios\/vai-voar-airbus-precisa-correr-para-bater-meta-ambiciosa-de-entregas\/\"\n                    >\n                        Vai voar? Airbus precisa correr para bater meta ambiciosa de entregas                    <\/a>\n                <\/li>\n                            <li class=\"list-item\">\n                    <a \n                        href=\"https:\/\/investnews.com.br\/negocios\/airbus-e-boeing-anunciam-producao-de-100-avioes-por-mes-feitos-de-plastico\/\" \n                        title=\"Airbus e Boeing prev\u00eaem que a ado\u00e7\u00e3o de novos materiais pode dobrar a produ\u00e7\u00e3o de avi\u00f5es\" \n                        class=\"item-title recirculation-link\"\n                        data-btn-name=\"Airbus e Boeing prev\u00eaem que a ado\u00e7\u00e3o de novos materiais pode dobrar a produ\u00e7\u00e3o de avi\u00f5es\"\n                        data-posicao=\"Leia mais\"\n                        data-click-url=\"https:\/\/investnews.com.br\/negocios\/airbus-e-boeing-anunciam-producao-de-100-avioes-por-mes-feitos-de-plastico\/\"\n                    >\n                        Airbus e Boeing prev\u00eaem que a ado\u00e7\u00e3o de novos materiais pode dobrar a produ\u00e7\u00e3o de avi\u00f5es                    <\/a>\n                <\/li>\n                    <\/ul>\n    <\/div><\/section>\n\n\n\n<p>No ano passado, a empresa entregou 26 aeronaves e faturou cerca de R$1,5 bilh\u00e3o. A empresa tamb\u00e9m fechou em 2024 a venda de 21 helic\u00f3pteros para serem entregues num prazo de at\u00e9 dois anos.<\/p>\n\n\n\n<p>&#8220;Foi um excelente ano em vendas e o mercado est\u00e1 demandante\u201c, afirmou o executivo. \u201cPrimeiro trimestre costuma ser mais lento, mas ele j\u00e1 est\u00e1 mostrando que vai ser bom e acreditamos que ser\u00e1 melhor (que 2024)\u201d, acrescentou.<\/p>\n\n\n\n<p>Um dos grandes desafios do setor continua sendo o desequil\u00edbrio da cadeia de fornecedores que foi impacto pelas guerras no mundo que envolvem tanto grandes fornecedores da cadeia quanto compradores de equipamentos militares.<\/p>\n\n\n\n<p>A onda de tarifas de importa\u00e7\u00e3o do governo dos EUA pode afetar os custos da empresa, mas n\u00e3o deve mpactar o fornecimento de equipamentos e sistemas, na avalia\u00e7\u00e3o de Duek.<\/p>\n","protected":false},"excerpt":{"rendered":"<p>Executivo n\u00e3o revelou os potenciais compradores das aeronaves por motivos de confidencialidade<\/p>\n","protected":false},"author":61,"featured_media":776360,"comment_status":"closed","ping_status":"closed","sticky":false,"template":"","format":"standard","meta":{"_acf_changed":false,"inline_featured_image":false,"footnotes":""},"categories":[5],"tags":[112829,102288],"autor-wsj":[],"coauthors":[2494],"class_list":["post-663379","post","type-post","status-publish","format-standard","has-post-thumbnail","hentry","category-economia","tag-america-latina","tag-reuters"],"acf":[],"amp_enabled":true,"_links":{"self":[{"href":"https:\/\/investnews.com.br\/inv-api\/wp\/v2\/posts\/663379","targetHints":{"allow":["GET"]}}],"collection":[{"href":"https:\/\/investnews.com.br\/inv-api\/wp\/v2\/posts"}],"about":[{"href":"https:\/\/investnews.com.br\/inv-api\/wp\/v2\/types\/post"}],"author":[{"embeddable":true,"href":"https:\/\/investnews.com.br\/inv-api\/wp\/v2\/users\/61"}],"replies":[{"embeddable":true,"href":"https:\/\/investnews.com.br\/inv-api\/wp\/v2\/comments?post=663379"}],"version-history":[{"count":1,"href":"https:\/\/investnews.com.br\/inv-api\/wp\/v2\/posts\/663379\/revisions"}],"predecessor-version":[{"id":663393,"href":"https:\/\/investnews.com.br\/inv-api\/wp\/v2\/posts\/663379\/revisions\/663393"}],"wp:featuredmedia":[{"embeddable":true,"href":"https:\/\/investnews.com.br\/inv-api\/wp\/v2\/media\/776360"}],"wp:attachment":[{"href":"https:\/\/investnews.com.br\/inv-api\/wp\/v2\/media?parent=663379"}],"wp:term":[{"taxonomy":"category","embeddable":true,"href":"https:\/\/investnews.com.br\/inv-api\/wp\/v2\/categories?post=663379"},{"taxonomy":"post_tag","embeddable":true,"href":"https:\/\/investnews.com.br\/inv-api\/wp\/v2\/tags?post=663379"},{"taxonomy":"autor-wsj","embeddable":true,"href":"https:\/\/investnews.com.br\/inv-api\/wp\/v2\/autor-wsj?post=663379"},{"taxonomy":"author","embeddable":true,"href":"https:\/\/investnews.com.br\/inv-api\/wp\/v2\/coauthors?post=663379"}],"curies":[{"name":"wp","href":"https:\/\/api.w.org\/{rel}","templated":true}]}}