{"id":664066,"date":"2025-04-06T07:30:00","date_gmt":"2025-04-06T10:30:00","guid":{"rendered":"https:\/\/investnews.com.br\/?p=664066"},"modified":"2025-04-04T15:29:09","modified_gmt":"2025-04-04T18:29:09","slug":"se-as-vacinas-nao-causam-o-autismo-o-que-causa","status":"publish","type":"post","link":"https:\/\/investnews.com.br\/the-wall-street-journal\/se-as-vacinas-nao-causam-o-autismo-o-que-causa\/","title":{"rendered":"Se as vacinas n\u00e3o causam o autismo, o que causa?"},"content":{"rendered":"\n<p>A ideia de que as vacinas causam autismo foi refutada por cientistas h\u00e1 algum tempo. No entanto, ela n\u00e3o desaparece.<\/p>\n\n\n\n<p>A Secretaria de Sa\u00fade e Servi\u00e7os Humanos, a ag\u00eancia de Robert F. Kennedy Jr., por exemplo, est\u00e1 lan\u00e7ando um novo estudo para analisar poss\u00edveis liga\u00e7\u00f5es entre vacinas e autismo. E a nega\u00e7\u00e3o da vacina est\u00e1 ressurgindo, mesmo com a prolifera\u00e7\u00e3o de surtos de sarampo em todo o pa\u00eds.<\/p>\n\n\n\n<p>O ceticismo \u00e9 confuso, uma vez que os cientistas dizem que v\u00e1rios estudos j\u00e1 mostraram que a vacina contra sarampo, caxumba e rub\u00e9ola (MMR) inequivocamente n\u00e3o causa autismo. <\/p>\n\n\n\n<p>\u201cN\u00e3o descobriremos absolutamente nada com outro estudo\u201d, diz Helen Tager-Flusberg, diretora do Centro de Excel\u00eancia em Pesquisa em Autismo da Universidade de Boston. \u201cJ\u00e1 descartamos isso.\u201d<\/p>\n\n\n<section class=\"recirculation-area\">\n    <div class=\"container\">\n                <p class=\"title\">Leia mais <\/p>\n     \n            <ul class=\"recirculation-list\" data-tracking-position=\"Leia mais\">\n                            <li class=\"list-item\">\n                    <a \n                        href=\"https:\/\/investnews.com.br\/the-wall-street-journal\/por-que-nao-acreditamos-mais-em-medicos-como-antigamente\/\" \n                        title=\"Por que n\u00e3o acreditamos mais em m\u00e9dicos como antigamente\" \n                        class=\"item-title recirculation-link\"\n                        data-btn-name=\"Por que n\u00e3o acreditamos mais em m\u00e9dicos como antigamente\"\n                        data-posicao=\"Leia mais\"\n                        data-click-url=\"https:\/\/investnews.com.br\/the-wall-street-journal\/por-que-nao-acreditamos-mais-em-medicos-como-antigamente\/\"\n                    >\n                        Por que n\u00e3o acreditamos mais em m\u00e9dicos como antigamente                    <\/a>\n                <\/li>\n                            <li class=\"list-item\">\n                    <a \n                        href=\"https:\/\/investnews.com.br\/the-wall-street-journal\/o-ozempic-e-realmente-a-razao-pela-qual-os-americanos-estao-comendo-menos\/\" \n                        title=\"O Ozempic \u00e9 realmente a raz\u00e3o pela qual os americanos est\u00e3o comendo menos?\" \n                        class=\"item-title recirculation-link\"\n                        data-btn-name=\"O Ozempic \u00e9 realmente a raz\u00e3o pela qual os americanos est\u00e3o comendo menos?\"\n                        data-posicao=\"Leia mais\"\n                        data-click-url=\"https:\/\/investnews.com.br\/the-wall-street-journal\/o-ozempic-e-realmente-a-razao-pela-qual-os-americanos-estao-comendo-menos\/\"\n                    >\n                        O Ozempic \u00e9 realmente a raz\u00e3o pela qual os americanos est\u00e3o comendo menos?                    <\/a>\n                <\/li>\n                    <\/ul>\n    <\/div><\/section>\n\n\n\n<p>Ent\u00e3o, por que as d\u00favidas persistem? Em parte, isso se deve a um estudo de 1998, cuja retrata\u00e7\u00e3o j\u00e1 foi feita, baseado em dados fraudulentos de apenas 12 crian\u00e7as, que deu origem \u00e0 teoria vacina-autismo e continua a alimentar teorias da conspira\u00e7\u00e3o.<\/p>\n\n\n\n<p>Um motivo maior: ainda n\u00e3o sabemos com certeza o que causa o autismo. Se soub\u00e9ssemos, ter\u00edamos como convencer as pessoas do que n\u00e3o o causa.<\/p>\n\n\n\n<p>Em resumo, as causas do autismo permanecem complexas. Essa \u00e9 uma resposta compreensivelmente insatisfat\u00f3ria para pais com filhos que foram diagnosticados com transtorno do espectro autista (TEA).<\/p>\n\n\n\n<h2 class=\"wp-block-heading\">O que sabemos<\/h2>\n\n\n\n<p>Ent\u00e3o, o que sabemos sobre o que causa o TEA, dist\u00farbio de neurodesenvolvimento que engloba uma variedade de condi\u00e7\u00f5es, resultando em v\u00e1rios graus de desafios com habilidades sociais, fala e comportamentos repetitivos?<\/p>\n\n\n\n<p>Primeiro, o n\u00famero de crian\u00e7as diagnosticadas com autismo tem aumentado. Cerca de uma em cada 36 crian\u00e7as de oito anos s\u00e3o diagnosticadas com TEA nos EUA, contra uma em cada 150 em 2000. Os pesquisadores atribuem o aumento em grande parte a uma melhor conscientiza\u00e7\u00e3o e a crit\u00e9rios diagn\u00f3sticos mais amplos.<\/p>\n\n\n\n<p>Os m\u00e9dicos normalmente fazem testes para o TEA quando os beb\u00eas t\u00eam de 18 meses a dois anos de idade. Portanto, n\u00e3o \u00e9 de surpreender que alguns pais culpem uma ocorr\u00eancia recente \u2014 como a vacina MMR. Afinal, a primeira dose da vacina MMR \u00e9 administrada por volta de 1 ano de idade.<\/p>\n\n\n\n<p>Alguns c\u00e9ticos apontaram o timerosal, conservante que cont\u00e9m merc\u00fario usado em algumas vacinas. Mas a vacina MMR nunca usou timerosal e o conservante foi retirado das vacinas infantis nos EUA em 2001, de acordo com o CDC.<\/p>\n\n\n\n<p>Mais de duas d\u00fazias de estudos analisaram a vacina MMR e o autismo e n\u00e3o encontraram uma liga\u00e7\u00e3o. Isso inclui um estudo maci\u00e7o de 2019 no peri\u00f3dico \u201cAnnals of Internal Medicine\u201d, que analisou mais de 600 mil crian\u00e7as na Dinamarca. Esses estudos foram feitos em diferentes estilos e diferentes pa\u00edses. Todos chegaram \u00e0 mesma conclus\u00e3o.<\/p>\n\n\n\n<p>Em vez das vacinas, os cientistas dizem que a gen\u00e9tica tem um papel dominante \u2014 tanto caracter\u00edsticas herdadas quanto muta\u00e7\u00f5es espont\u00e2neas no in\u00edcio da concep\u00e7\u00e3o.<\/p>\n\n\n\n<p>Em outras palavras, o TEA est\u00e1 em grande parte fora de nosso controle. Na maioria das vezes, as pessoas com tra\u00e7os gen\u00e9ticos heredit\u00e1rios para o autismo nem sabem disso.<\/p>\n\n\n\n<p>Fatores de risco<br>O risco restante vem do impacto de fatores ambientais que ocorrem em grande parte no \u00fatero enquanto o c\u00e9rebro do feto est\u00e1 se desenvolvendo. Portanto, as bases ocorrem antes mesmo de nascermos.<\/p>\n\n\n\n<p>\u201c\u00c9 um dos dist\u00farbios neuropsiqui\u00e1tricos mais heredit\u00e1rios&#8221;, diz o dr. Daniel Geschwind, professor de neurologia, psiquiatria e gen\u00e9tica humana na Universidade da Calif\u00f3rnia, em Los Angeles.<\/p>\n\n\n\n<p>Separadamente, existem pelo menos 200 genes conhecidos por serem afetados por muta\u00e7\u00f5es espont\u00e2neas que ocorrem quando um espermatozoide ou \u00f3vulo est\u00e1 se dividindo ap\u00f3s a concep\u00e7\u00e3o e que est\u00e3o ligados ao autismo, diz Geschwind. Estudos associaram a idade paterna avan\u00e7ada a um maior risco de autismo. Alguns cientistas especulam que o esperma de pais mais velhos pode ter maior probabilidade de ter essas muta\u00e7\u00f5es espont\u00e2neas.<\/p>\n\n\n\n<p>A maioria das mudan\u00e7as gen\u00e9ticas e exposi\u00e7\u00f5es ambientais ligadas ao autismo ocorre entre o primeiro trimestre e segundo trimestre da gravidez, diz Geschwind. \u201c\u00c9 extremamente improv\u00e1vel que qualquer coisa que ocorra ap\u00f3s o nascimento ou o per\u00edodo perinatal imediato influa\u201d, diz ele.<\/p>\n\n\n\n<p>Sistema imunol\u00f3gico materno<br>Judy Van de Water, professora de medicina da Universidade da Calif\u00f3rnia, em Davis, estuda o autismo da perspectiva da imunologia com foco no sistema imunol\u00f3gico materno durante a gravidez.<\/p>\n\n\n\n<p>Seu laborat\u00f3rio desenvolveu um exame de sangue para autoanticorpos maternos \u2014 c\u00e9lulas imunes que atacam erroneamente o corpo \u2014 que podem atravessar a placenta e atingir prote\u00ednas cerebrais fetais.<\/p>\n\n\n\n<p>Ela diz que cerca de 20% dos casos de autismo decorrem desses autoanticorpos maternos. Ainda n\u00e3o est\u00e1 claro quando os autoanticorpos se formam ou o que os desencadeia, se \u00e9 que exista algo.<\/p>\n\n\n\n<p>Mas, se estiverem presentes, estudos mostram que uma mulher tem 98% de risco de ter um filho com autismo. Van de Water criou uma empresa para fazer um produto comercial para que as mulheres possam fazer o teste antes da gravidez. Ela espera coloc\u00e1-lo no mercado um ano ap\u00f3s os estudos de valida\u00e7\u00e3o. \u201cIsso n\u00e3o descarta outras causas de autismo\u201d, observa ela.<\/p>\n\n\n\n<p>Al\u00e9m da idade paterna avan\u00e7ada, estudos descobriram que m\u00e3es mais velhas tamb\u00e9m t\u00eam um risco maior de ter um filho com autismo. Os riscos dos pais mais velhos s\u00e3o independentes, mas a idade paterna tem um impacto mais forte.<\/p>\n\n\n\n<p>Muitos dos outros fatores identificados ligados a um risco aumentado de autismo est\u00e3o relacionados \u00e0 sa\u00fade materna durante a gravidez. Algumas infec\u00e7\u00f5es durante a gravidez, como uma febre alta, podem ser um fator de risco, assim como tomar certos medicamentos como \u00e1cido valpr\u00f3ico, usado para tratar convuls\u00f5es e transtorno bipolar. Os nascimentos prematuros tamb\u00e9m s\u00e3o um fator de risco.<\/p>\n\n\n\n<p>Fatores gen\u00e9ticos e ambientais juntos provavelmente resultam em um risco aumentado de algu\u00e9m desenvolver autismo, diz Heather Volk, professora da Escola de Sa\u00fade P\u00fablica Bloomberg da Universidade Johns Hopkins. Ela e outros pesquisadores estudaram a exposi\u00e7\u00e3o \u00e0 polui\u00e7\u00e3o do ar durante a gravidez e encontraram uma associa\u00e7\u00e3o com o autismo.<\/p>\n\n\n\n<p>A\u00e7\u00e3o protetora<br>Parte da frustra\u00e7\u00e3o com o risco de autismo \u00e9 que n\u00e3o h\u00e1 muito o que possamos fazer para control\u00e1-lo. Manter-se saud\u00e1vel durante a gravidez, no entanto, pode ajudar a minimizar o risco.<\/p>\n\n\n\n<p>Janine LaSalle, professora de microbiologia e imunidade da Universidade da Calif\u00f3rnia, em Davis, diz que h\u00e1 evid\u00eancias sugerindo que os riscos \u00e0 sa\u00fade materna \u2014 como obesidade, ganho de peso durante a gravidez e diabetes gestacional \u2014 podem aumentar o risco de ter um filho com autismo.<\/p>\n\n\n\n<p>Outra a\u00e7\u00e3o protetora que as m\u00e3es gr\u00e1vidas podem considerar \u00e9 tomar uma vitamina pr\u00e9-natal com \u00e1cido f\u00f3lico e suplementa\u00e7\u00e3o de ferro. Isso \u00e9 especialmente importante no primeiro m\u00eas de gravidez e, portanto, deve ser iniciado quando a mulher est\u00e1 tentando engravidar, diz LaSalle.<\/p>\n\n\n\n<p>\u201cSe houvesse um \u00fanico culpado, j\u00e1 teria sido encontrado\u201d, diz LaSalle. &#8220;\u00c9 realmente a complexidade da forma\u00e7\u00e3o do c\u00e9rebro humano, e h\u00e1 tantas coisas que podem influenci\u00e1-la.&#8221;<\/p>\n\n\n\n<p><em>Escreva para Sumathi Reddy em Sumathi.Reddy@wsj.com<\/em><\/p>\n","protected":false},"excerpt":{"rendered":"<p>O risco de se ter a doen\u00e7a se desenvolve antes mesmo de nascermos<\/p>\n","protected":false},"author":118,"featured_media":301894,"comment_status":"closed","ping_status":"closed","sticky":false,"template":"","format":"standard","meta":{"_acf_changed":false,"inline_featured_image":false,"footnotes":""},"categories":[103073],"tags":[],"autor-wsj":[102456],"coauthors":[102488],"class_list":["post-664066","post","type-post","status-publish","format-standard","has-post-thumbnail","hentry","category-the-wall-street-journal","autor-wsj-sumathi-reddy"],"acf":[],"amp_enabled":true,"_links":{"self":[{"href":"https:\/\/investnews.com.br\/inv-api\/wp\/v2\/posts\/664066","targetHints":{"allow":["GET"]}}],"collection":[{"href":"https:\/\/investnews.com.br\/inv-api\/wp\/v2\/posts"}],"about":[{"href":"https:\/\/investnews.com.br\/inv-api\/wp\/v2\/types\/post"}],"author":[{"embeddable":true,"href":"https:\/\/investnews.com.br\/inv-api\/wp\/v2\/users\/118"}],"replies":[{"embeddable":true,"href":"https:\/\/investnews.com.br\/inv-api\/wp\/v2\/comments?post=664066"}],"version-history":[{"count":1,"href":"https:\/\/investnews.com.br\/inv-api\/wp\/v2\/posts\/664066\/revisions"}],"predecessor-version":[{"id":664068,"href":"https:\/\/investnews.com.br\/inv-api\/wp\/v2\/posts\/664066\/revisions\/664068"}],"wp:featuredmedia":[{"embeddable":true,"href":"https:\/\/investnews.com.br\/inv-api\/wp\/v2\/media\/301894"}],"wp:attachment":[{"href":"https:\/\/investnews.com.br\/inv-api\/wp\/v2\/media?parent=664066"}],"wp:term":[{"taxonomy":"category","embeddable":true,"href":"https:\/\/investnews.com.br\/inv-api\/wp\/v2\/categories?post=664066"},{"taxonomy":"post_tag","embeddable":true,"href":"https:\/\/investnews.com.br\/inv-api\/wp\/v2\/tags?post=664066"},{"taxonomy":"autor-wsj","embeddable":true,"href":"https:\/\/investnews.com.br\/inv-api\/wp\/v2\/autor-wsj?post=664066"},{"taxonomy":"author","embeddable":true,"href":"https:\/\/investnews.com.br\/inv-api\/wp\/v2\/coauthors?post=664066"}],"curies":[{"name":"wp","href":"https:\/\/api.w.org\/{rel}","templated":true}]}}