{"id":666616,"date":"2025-04-16T18:09:22","date_gmt":"2025-04-16T21:09:22","guid":{"rendered":"https:\/\/investnews.com.br\/?p=666616"},"modified":"2025-04-17T14:32:28","modified_gmt":"2025-04-17T17:32:28","slug":"familia-moll-promete-acelerar-entrega-de-novos-leitos-na-rede-dor-investidores-esperam-para-ver","status":"publish","type":"post","link":"https:\/\/investnews.com.br\/negocios\/familia-moll-promete-acelerar-entrega-de-novos-leitos-na-rede-dor-investidores-esperam-para-ver\/","title":{"rendered":"Fam\u00edlia Moll promete acelerar entrega de novos leitos na Rede D&#8217;Or. Investidor espera para ver"},"content":{"rendered":"\n<p>Desde que abriu seu capital na Bolsa, a<strong> Rede D&#8217;Or<\/strong> (<a href=\"https:\/\/investnews.com.br\/cotacao\/rdor3-rede-dor\/\"><strong>RDOR3<\/strong><\/a>) tem enfrentado um desafio: provar aos investidores que pode crescer em ritmo acelerado mesmo j\u00e1 sendo a maior rede privada de hospitais do Brasil. Neste ano de 2025, a companhia \u2014 dona de hospitais como <strong>Copa D\u2019Or <\/strong>e<strong> Quinta D\u2019Or<\/strong> e das rede <strong>S\u00e3o Luiz<\/strong>, <strong>Star <\/strong>e <strong>Esperan\u00e7a<\/strong>&nbsp; \u2014 espera evidenciar isso com uma grande abertura de novos leitos.<\/p>\n\n\n\n<p>Na \u00faltima teleconfer\u00eancia de resultados trimestrais, realizada em mar\u00e7o, o CEO, <strong>Paulo Moll, <\/strong>disse que a empresa deve abrir neste ano de 2025 um n\u00famero de leitos muito maior do que o registrado em 2024, que foi de 259 novas unidades.<\/p>\n\n\n\n<figure class=\"wp-block-embed is-type-video is-provider-youtube wp-block-embed-youtube wp-embed-aspect-16-9 wp-has-aspect-ratio\"><div class=\"wp-block-embed__wrapper\">\n<iframe loading=\"lazy\" title=\"A fam\u00edlia bilion\u00e1ria por tr\u00e1s da Rede D&#039;Or, que tem hospitais com servi\u00e7os de hotel\" width=\"500\" height=\"281\" src=\"https:\/\/www.youtube.com\/embed\/dMmnBd9EuwA?feature=oembed\" frameborder=\"0\" allow=\"accelerometer; autoplay; clipboard-write; encrypted-media; gyroscope; picture-in-picture; web-share\" referrerpolicy=\"strict-origin-when-cross-origin\" allowfullscreen><\/iframe>\n<\/div><\/figure>\n\n\n\n<p>Entre janeiro e mar\u00e7o deste ano a empresa controlada pela fam\u00edlia Moll j\u00e1 abriu 236 novos leitos. A abertura desses espa\u00e7os \u00e9 uma das principais estrat\u00e9gias de crescimento da rede, j\u00e1 que o n\u00famero de leitos \u00e9 deficit\u00e1rio nos hospitais brasileiros.<\/p>\n\n\n\n<p>O plano geral da Rede D\u2019Or, anunciado em setembro do ano passado, prev\u00ea o investimento de R$ 7,5 bilh\u00f5es para a abertura de 5,4 mil novos leitos at\u00e9 2028, um incremento de 46% sobre a base que tinha at\u00e9 ent\u00e3o.<\/p>\n\n\n\n<p>O cumprimento do plano pode ajudar a companhia a recuperar parte de seu valor na Bolsa. Conhecida por sua efici\u00eancia no controle de custos, pela hotelaria de alto padr\u00e3o e pelo programa de qualidade t\u00e9cnica em seus hospitais, a Rede D\u2019Or fez seu <a href=\"https:\/\/investnews.com.br\/guias\/ipo-o-que-e-e-como-funciona\/\">IPO<\/a> no fim de 2020. Mas desde ent\u00e3o as a\u00e7\u00f5es da empresa acumulam perdas de 55%.<\/p>\n\n\n<section class=\"recirculation-area\">\n    <div class=\"container\">\n                <p class=\"title\">Leia mais:<\/p>\n     \n            <ul class=\"recirculation-list\" data-tracking-position=\"Leia mais\">\n                            <li class=\"list-item\">\n                    <a \n                        href=\"https:\/\/investnews.com.br\/negocios\/nao-e-so-motor-a-weg-e-lider-na-producao-de-herdeiros-bilionarios\/\" \n                        title=\"Mais do que motor: a WEG \u00e9 l\u00edder na produ\u00e7\u00e3o de herdeiros bilion\u00e1rios\" \n                        class=\"item-title recirculation-link\"\n                        data-btn-name=\"Mais do que motor: a WEG \u00e9 l\u00edder na produ\u00e7\u00e3o de herdeiros bilion\u00e1rios\"\n                        data-posicao=\"Leia mais\"\n                        data-click-url=\"https:\/\/investnews.com.br\/negocios\/nao-e-so-motor-a-weg-e-lider-na-producao-de-herdeiros-bilionarios\/\"\n                    >\n                        Mais do que motor: a WEG \u00e9 l\u00edder na produ\u00e7\u00e3o de herdeiros bilion\u00e1rios                    <\/a>\n                <\/li>\n                            <li class=\"list-item\">\n                    <a \n                        href=\"https:\/\/investnews.com.br\/negocios\/a-aposta-da-familia-jereissati-para-a-iguatemi-mais-shoppings-com-caras-marcas-internacionais\/\" \n                        title=\"A aposta da fam\u00edlia Jereissati para a Iguatemi:  mais shoppings com (caras) marcas internacionais\" \n                        class=\"item-title recirculation-link\"\n                        data-btn-name=\"A aposta da fam\u00edlia Jereissati para a Iguatemi:  mais shoppings com (caras) marcas internacionais\"\n                        data-posicao=\"Leia mais\"\n                        data-click-url=\"https:\/\/investnews.com.br\/negocios\/a-aposta-da-familia-jereissati-para-a-iguatemi-mais-shoppings-com-caras-marcas-internacionais\/\"\n                    >\n                        A aposta da fam\u00edlia Jereissati para a Iguatemi:  mais shoppings com (caras) marcas internacionais                    <\/a>\n                <\/li>\n                            <li class=\"list-item\">\n                    <a \n                        href=\"https:\/\/investnews.com.br\/negocios\/na-suzano-precos-da-celulose-e-das-acoes-sobem-e-a-familia-feffer-agradece\/\" \n                        title=\"Na Suzano, pre\u00e7os da celulose e das a\u00e7\u00f5es sobem \u2013 e a fam\u00edlia Feffer agradece\" \n                        class=\"item-title recirculation-link\"\n                        data-btn-name=\"Na Suzano, pre\u00e7os da celulose e das a\u00e7\u00f5es sobem \u2013 e a fam\u00edlia Feffer agradece\"\n                        data-posicao=\"Leia mais\"\n                        data-click-url=\"https:\/\/investnews.com.br\/negocios\/na-suzano-precos-da-celulose-e-das-acoes-sobem-e-a-familia-feffer-agradece\/\"\n                    >\n                        Na Suzano, pre\u00e7os da celulose e das a\u00e7\u00f5es sobem \u2013 e a fam\u00edlia Feffer agradece                    <\/a>\n                <\/li>\n                    <\/ul>\n    <\/div><\/section>\n\n\n\n<p>Parte da queda \u00e9 explicada pelo movimento do pr\u00f3prio setor de sa\u00fade, que enfrentou desafios maiores do que o previsto no p\u00f3s-pandemia com a alta dos custos hospitalares e da sinistralidade (taxa que mostra o quanto usu\u00e1rios de planos de sa\u00fade gastaram com m\u00e9dicos).&nbsp;<\/p>\n\n\n\n<p>Um outro motivo da queda das a\u00e7\u00f5es est\u00e1 na frustra\u00e7\u00e3o dos investidores com a velocidade de expans\u00e3o do grupo, que, nos \u00faltimos anos, com a taxa de juros alta e menos ativos interessantes dispon\u00edveis, acabou sendo menor do que o seu hist\u00f3rico e do que o mercado imaginava.&nbsp;<\/p>\n\n\n\n<p>\u201cA ess\u00eancia da tese do IPO, de que a Rede D\u2019Or \u00e9 uma empresa bem gerida, com hospitais desejados e com poder de barganha, n\u00e3o mudou. O que mudou ao longo do tempo foi o ritmo em que as coisas acontecem. A expectativa de abertura de leitos e aquisi\u00e7\u00f5es foi se frustrando nos \u00faltimos anos\u201d, afirma um gestor de fundos que acompanha e investe atualmente na empresa por considerar o valor das a\u00e7\u00f5es atrativo.<\/p>\n\n\n\n<h2 class=\"wp-block-heading\">Fam\u00edlia Moll se faz presente nos neg\u00f3cios\u00a0<\/h2>\n\n\n\n<p>Hoje, al\u00e9m de Paulo Moll, que \u00e9 o filho ca\u00e7ula do fundador da Rede D\u2019Or e ocupa a presid\u00eancia do grupo, outros membros da fam\u00edlia Moll participam dos neg\u00f3cios. O fundador do grupo, <strong>Jorge Moll Filho<\/strong>, ocupa a presid\u00eancia do conselho e costuma se manter ativo na visita aos hospitais da rede e no di\u00e1logo com os m\u00e9dicos.&nbsp;<\/p>\n\n\n\n<p>Dois de seus filhos, <strong>Pedro Moll <\/strong>e <strong>Andr\u00e9 Francisco Moll<\/strong>, tamb\u00e9m ocupam cadeiras no conselho de administra\u00e7\u00e3o da empresa. O outro filho do fundador, <strong>Jorge Moll Neto<\/strong>, coordena o centro de pesquisas <strong>Instituto D&#8217;Or<\/strong> e a \u00fanica filha mulher do fundador, <strong>Renata Moll Bernardes<\/strong>, tamb\u00e9m atua em pesquisas no instituto.&nbsp;<\/p>\n\n\n\n<p>O envolvimento da fam\u00edlia nos neg\u00f3cios \u00e9 visto por analistas como um ponto positivo dentro do grupo, j\u00e1 que parte dela \u00e9 formada por m\u00e9dicos com boa reputa\u00e7\u00e3o e bom relacionamento na \u00e1rea. Hoje, a fam\u00edlia det\u00e9m 47,5% das a\u00e7\u00f5es do grupo. A Rede D\u2019Or possui 78 hospitais e a operadora de planos de sa\u00fade <strong>SulAm\u00e9rica <\/strong>em seu portf\u00f3lio. Na Bolsa, o neg\u00f3cio est\u00e1 avaliado hoje em cerca de R$ 66 bilh\u00f5es de reais.&nbsp;<\/p>\n\n\n\n<p>O <strong>InvestNews<\/strong> procurou a Rede D\u2019Or, mas a empresa n\u00e3o concedeu entrevista.&nbsp;<\/p>\n","protected":false},"excerpt":{"rendered":"<p>CEO diz que companhia vai abrir muito mais leitos em 2025. Plano at\u00e9 2028 inclui 5,4 mil novas unidades<\/p>\n","protected":false},"author":145,"featured_media":666864,"comment_status":"closed","ping_status":"closed","sticky":false,"template":"","format":"standard","meta":{"_acf_changed":false,"inline_featured_image":false,"footnotes":""},"categories":[6],"tags":[103369,2170],"autor-wsj":[],"coauthors":[103370],"class_list":["post-666616","post","type-post","status-publish","format-standard","has-post-thumbnail","hentry","category-negocios","tag-empresas-negocios-de-familia","tag-rede-dor"],"acf":[],"amp_enabled":true,"_links":{"self":[{"href":"https:\/\/investnews.com.br\/inv-api\/wp\/v2\/posts\/666616","targetHints":{"allow":["GET"]}}],"collection":[{"href":"https:\/\/investnews.com.br\/inv-api\/wp\/v2\/posts"}],"about":[{"href":"https:\/\/investnews.com.br\/inv-api\/wp\/v2\/types\/post"}],"author":[{"embeddable":true,"href":"https:\/\/investnews.com.br\/inv-api\/wp\/v2\/users\/145"}],"replies":[{"embeddable":true,"href":"https:\/\/investnews.com.br\/inv-api\/wp\/v2\/comments?post=666616"}],"version-history":[{"count":6,"href":"https:\/\/investnews.com.br\/inv-api\/wp\/v2\/posts\/666616\/revisions"}],"predecessor-version":[{"id":667220,"href":"https:\/\/investnews.com.br\/inv-api\/wp\/v2\/posts\/666616\/revisions\/667220"}],"wp:featuredmedia":[{"embeddable":true,"href":"https:\/\/investnews.com.br\/inv-api\/wp\/v2\/media\/666864"}],"wp:attachment":[{"href":"https:\/\/investnews.com.br\/inv-api\/wp\/v2\/media?parent=666616"}],"wp:term":[{"taxonomy":"category","embeddable":true,"href":"https:\/\/investnews.com.br\/inv-api\/wp\/v2\/categories?post=666616"},{"taxonomy":"post_tag","embeddable":true,"href":"https:\/\/investnews.com.br\/inv-api\/wp\/v2\/tags?post=666616"},{"taxonomy":"autor-wsj","embeddable":true,"href":"https:\/\/investnews.com.br\/inv-api\/wp\/v2\/autor-wsj?post=666616"},{"taxonomy":"author","embeddable":true,"href":"https:\/\/investnews.com.br\/inv-api\/wp\/v2\/coauthors?post=666616"}],"curies":[{"name":"wp","href":"https:\/\/api.w.org\/{rel}","templated":true}]}}