{"id":667114,"date":"2025-04-17T11:19:46","date_gmt":"2025-04-17T14:19:46","guid":{"rendered":"https:\/\/investnews.com.br\/?p=667114"},"modified":"2025-04-17T11:19:48","modified_gmt":"2025-04-17T14:19:48","slug":"hyundai-suspendera-producao-de-carros-eletricos-na-coreia-do-sul-por-baixa-demanda-e-tarifas-dos-eua","status":"publish","type":"post","link":"https:\/\/investnews.com.br\/negocios\/hyundai-suspendera-producao-de-carros-eletricos-na-coreia-do-sul-por-baixa-demanda-e-tarifas-dos-eua\/","title":{"rendered":"Hyundai suspender\u00e1 produ\u00e7\u00e3o de carros el\u00e9tricos na Coreia do Sul por baixa demanda e tarifas dos EUA"},"content":{"rendered":"<p>A <strong>Hyundai Motor<\/strong> planeja suspender temporariamente a produ\u00e7\u00e3o de alguns de seus ve\u00edculos el\u00e9tricos na Coreia do Sul devido \u00e0 baixa demanda e \u00e0s <a href=\"https:\/\/investnews.com.br\/economia\/trump-isenta-celulares-e-computadores-das-tarifas-reciprocas-um-alivio-para-apple-e-nvidia\/\">tarifas de importa\u00e7\u00e3o dos Estados Unidos<\/a>, publicou a ag\u00eancia de not\u00edcias sul-coreana Yonhap nesta quinta-feira (17), citando fontes do setor.<\/p>\n<p>A montadora sul-coreana deve interromper as opera\u00e7\u00f5es em algumas linhas de produ\u00e7\u00e3o de 24 a 30 de abril no complexo fabril de Ulsan, onde produz os modelos el\u00e9tricos Ioniq 5 e Kona, disse a Yonhap.<\/p>\n<p><strong>Queda nas vendas<\/strong><\/p>\n<p>A Yonhap acrescentou que a suspens\u00e3o ocorre no momento em que as encomendas dos principais mercados ca\u00edram drasticamente em abril, ap\u00f3s a remo\u00e7\u00e3o dos subs\u00eddios governamentais para ve\u00edculos el\u00e9tricos e as tarifas dos EUA sobre ve\u00edculos importados.<\/p>\n<p>Representantes da Hyundai n\u00e3o comentaram o assunto.<\/p>\n<p>Os EUA impuseram este m\u00eas <strong>imposto de importa\u00e7\u00e3o de 25%<\/strong> sobre carros e picapes.<\/p>\n<p>A Hyundai disse que planeja manter os pre\u00e7os est\u00e1veis pelos pr\u00f3ximos dois meses, em um esfor\u00e7o para aliviar as preocupa\u00e7\u00f5es dos clientes de que as consequ\u00eancias das tarifas afetar\u00e3o os lotes das concession\u00e1rias.<\/p>\n","protected":false},"excerpt":{"rendered":"<p>EUA impuseram imposto extra de importa\u00e7\u00e3o de 25% sobre carros e picapes<\/p>\n","protected":false},"author":61,"featured_media":667124,"comment_status":"closed","ping_status":"closed","sticky":false,"template":"","format":"standard","meta":{"_acf_changed":false,"inline_featured_image":false,"footnotes":""},"categories":[6],"tags":[102288],"autor-wsj":[],"coauthors":[2494],"class_list":["post-667114","post","type-post","status-publish","format-standard","has-post-thumbnail","hentry","category-negocios","tag-reuters"],"acf":[],"amp_enabled":true,"_links":{"self":[{"href":"https:\/\/investnews.com.br\/inv-api\/wp\/v2\/posts\/667114","targetHints":{"allow":["GET"]}}],"collection":[{"href":"https:\/\/investnews.com.br\/inv-api\/wp\/v2\/posts"}],"about":[{"href":"https:\/\/investnews.com.br\/inv-api\/wp\/v2\/types\/post"}],"author":[{"embeddable":true,"href":"https:\/\/investnews.com.br\/inv-api\/wp\/v2\/users\/61"}],"replies":[{"embeddable":true,"href":"https:\/\/investnews.com.br\/inv-api\/wp\/v2\/comments?post=667114"}],"version-history":[{"count":4,"href":"https:\/\/investnews.com.br\/inv-api\/wp\/v2\/posts\/667114\/revisions"}],"predecessor-version":[{"id":667128,"href":"https:\/\/investnews.com.br\/inv-api\/wp\/v2\/posts\/667114\/revisions\/667128"}],"wp:featuredmedia":[{"embeddable":true,"href":"https:\/\/investnews.com.br\/inv-api\/wp\/v2\/media\/667124"}],"wp:attachment":[{"href":"https:\/\/investnews.com.br\/inv-api\/wp\/v2\/media?parent=667114"}],"wp:term":[{"taxonomy":"category","embeddable":true,"href":"https:\/\/investnews.com.br\/inv-api\/wp\/v2\/categories?post=667114"},{"taxonomy":"post_tag","embeddable":true,"href":"https:\/\/investnews.com.br\/inv-api\/wp\/v2\/tags?post=667114"},{"taxonomy":"autor-wsj","embeddable":true,"href":"https:\/\/investnews.com.br\/inv-api\/wp\/v2\/autor-wsj?post=667114"},{"taxonomy":"author","embeddable":true,"href":"https:\/\/investnews.com.br\/inv-api\/wp\/v2\/coauthors?post=667114"}],"curies":[{"name":"wp","href":"https:\/\/api.w.org\/{rel}","templated":true}]}}