{"id":667137,"date":"2025-04-17T14:33:10","date_gmt":"2025-04-17T17:33:10","guid":{"rendered":"https:\/\/investnews.com.br\/?p=667137"},"modified":"2025-04-25T17:00:14","modified_gmt":"2025-04-25T20:00:14","slug":"joesley-batista-voltou-para-as-redes-sociais-e-quer-falar-com-voce","status":"publish","type":"post","link":"https:\/\/investnews.com.br\/negocios\/joesley-batista-voltou-para-as-redes-sociais-e-quer-falar-com-voce\/","title":{"rendered":"Joesley Batista voltou para as redes sociais \u2013 e quer falar com voc\u00ea"},"content":{"rendered":"\n<p>At\u00e9 o fim do ano passado, <strong>Joesley Batista<\/strong> era mais lembrado do que ouvido. Longe das entrevistas, ausente de eventos e distante das redes sociais, o empres\u00e1rio passou os \u00faltimos anos sem grande exposi\u00e7\u00e3o \u2014 uma escolha estrat\u00e9gica, talvez inevit\u00e1vel, para quem j\u00e1 esteve no centro de uma das maiores crises empresariais da hist\u00f3ria recente do pa\u00eds.<\/p>\n\n\n\n<p>Em 2025, o empres\u00e1rio decidiu virar a chave. Aos poucos, Joesley voltou a dar as caras para o grande p\u00fablico. Ele ressurgiu nas redes sociais diretamente da Su\u00ed\u00e7a, quando, em meados de janeiro, participou do F\u00f3rum Econ\u00f4mico Mundial de Davos \u2013 l\u00e1, tamb\u00e9m deu <a href=\"https:\/\/www.youtube.com\/watch?v=E048b3gTTEM\" target=\"_blank\" rel=\"noopener\">entrevistas para a <em>CNN Brasil<\/em><\/a> e o <em>Canal Rural<\/em>, uma de suas empresas. Nas redes, tanto no <strong>Instagram<\/strong> quanto no <strong>LinkedIn<\/strong>, \u00e9 poss\u00edvel v\u00ea-lo comemorando lucros de empresas de sua <em><a href=\"https:\/\/investnews.com.br\/guias\/holding\/\">holding<\/a><\/em> <strong>J&amp;F<\/strong> ou publicando textos que explicam a cultura interna do grupo.<\/p>\n\n\n\n<p>O pr\u00f3prio Joesley comentou, em v\u00eddeo, por que decidiu se comunicar com o p\u00fablico. &#8220;As pessoas comentam, uns falam bem, outros falam mal, mas \u00e9 interessante pra gente ver como as pessoas pensam&#8221;, disse, em tom reflexivo. &#8220;As pessoas do lado de fora v\u00e3o formando ideias meio equivocadas, pensam \u00e0s vezes que a gente n\u00e3o trabalha. Mas est\u00e3o acompanhando e come\u00e7am a perceber que a vida \u00e9 feita de trabalho. Tenho achado bem interessante essa experi\u00eancia.&#8221;<\/p>\n\n\n<section class=\"recirculation-area\">\n    <div class=\"container\">\n                <p class=\"title\">Leia tamb\u00e9m:<\/p>\n     \n            <ul class=\"recirculation-list\" data-tracking-position=\"outros\">\n                            <li class=\"list-item\">\n                    <a href=\"https:\/\/investnews.com.br\/negocios\/da-istoe-ao-brazil-journal-uma-nova-elite-de-minas-gerais-investe-no-mundo-da-midia\/\" title=\"De Brazil Journal a Isto\u00c9 e Plat\u00f4: uma nova elite de Minas Gerais investe no mundo da m\u00eddia\" class=\"item-title recirculation-link\" data-btn-name=\"De Brazil Journal a Isto\u00c9 e Plat\u00f4: uma nova elite de Minas Gerais investe no mundo da m\u00eddia\" data-posicao=\"outros\" data-click-url=\"https:\/\/investnews.com.br\/negocios\/da-istoe-ao-brazil-journal-uma-nova-elite-de-minas-gerais-investe-no-mundo-da-midia\/\">\n                        De Brazil Journal a Isto\u00c9 e Plat\u00f4: uma nova elite de Minas Gerais investe no mundo da m\u00eddia                    <\/a>\n                <\/li>\n                            <li class=\"list-item\">\n                    <a href=\"https:\/\/investnews.com.br\/negocios\/na-derrocada-do-magalu-a-familia-trajano-perdeu-mais-do-que-qualquer-investidor-e-mantem-a-aposta\/\" title=\"Na derrocada do Magalu, a fam\u00edlia Trajano perdeu mais do que qualquer investidor \u2013 e mant\u00e9m a aposta\" class=\"item-title recirculation-link\" data-btn-name=\"Na derrocada do Magalu, a fam\u00edlia Trajano perdeu mais do que qualquer investidor \u2013 e mant\u00e9m a aposta\" data-posicao=\"outros\" data-click-url=\"https:\/\/investnews.com.br\/negocios\/na-derrocada-do-magalu-a-familia-trajano-perdeu-mais-do-que-qualquer-investidor-e-mantem-a-aposta\/\">\n                        Na derrocada do Magalu, a fam\u00edlia Trajano perdeu mais do que qualquer investidor \u2013 e mant\u00e9m a aposta                    <\/a>\n                <\/li>\n                    <\/ul>\n    <\/div><\/section>\n\n\n\n<p>A submers\u00e3o de Joesley remonta ao dia 17 de maio de 2017, quando o mercado de capitais entrou em colapso com a not\u00edcia de que ele e seu irm\u00e3o, <strong>Wesley Batista<\/strong>, estavam firmando um acordo de dela\u00e7\u00e3o premiada que envolveria den\u00fancias contra o ent\u00e3o presidente <strong>Michel Temer<\/strong>. O vazamento da informa\u00e7\u00e3o derrubou a Bolsa brasileira, acionando o <a href=\"https:\/\/investnews.com.br\/guias\/o-que-e-circuit-breaker\/\"><em>circuit breaker<\/em><\/a> no preg\u00e3o que ficou conhecido como \u201cJoesley Day\u201d. Os irm\u00e3os Batista chegaram a ser presos naquele mesmo ano.<\/p>\n\n\n\n<p>O epis\u00f3dio, claro, tirou os irm\u00e3os Batista de cena. Mas isso come\u00e7ou a mudar recentemente, de forma gradual. Em outubro de 2023, <a href=\"https:\/\/investnews.com.br\/economia\/3-fatos-para-hoje-cvm-absolve-joesley-batista-oferta-de-aquisicao-do-itau\/\">a Comiss\u00e3o de Valores Mobili\u00e1rios (CVM) absolveu<\/a> os dois das acusa\u00e7\u00f5es de manipula\u00e7\u00e3o de mercado ainda ligadas \u00e0 crise de 2017, o que abriu caminho para que Joesley  retornasse ao dia a dia das empresas \u2014 em especial da j\u00f3ia da coroa do grupo, a JBS. Em mar\u00e7o de 2024, os irm\u00e3os foram reconduzidos ao conselho da companhia.<\/p>\n\n\n\n<p>Nessa vers\u00e3o mais comunicativa, Joesley faz postagens que evitam temas espinhosos e focam na rotina empresarial da J&amp;F. Em um v\u00eddeo recente, aparece ao lado de um funcion\u00e1rio listando uma a uma das mais de 50 marcas do portf\u00f3lio da holding. Sem precisar dizer nada, lembrou que ainda comanda uma das maiores empresas do mundo \u2014 para isso, <a href=\"https:\/\/www.instagram.com\/reel\/DHv28dTvSEn\/?utm_source=ig_web_copy_link\" target=\"_blank\" rel=\"noopener\">bastou contar at\u00e9 55<\/a>.<\/p>\n\n\n\n<p>Uma pessoa pr\u00f3xima ao empres\u00e1rio afirmou ao <strong>InvestNews<\/strong> que a decis\u00e3o de voltar \u00e0s redes sociais ocorreu ap\u00f3s a constata\u00e7\u00e3o de que o grupo estava defasado em sua comunica\u00e7\u00e3o direta com o p\u00fablico. A ideia de o empres\u00e1rio falar mais com as pessoas tem como objetivo ajudar nos neg\u00f3cios da J&amp;F. Ainda segundo a fonte, Joesley sabe que \u00e9 uma figura controversa, mas lembra tamb\u00e9m que isso nunca o impediu de fazer nada.&nbsp;<\/p>\n\n\n\n<figure class=\"wp-block-image size-full\"><img loading=\"lazy\" decoding=\"async\" width=\"996\" height=\"622\" src=\"https:\/\/media.investnews.com.br\/uploads\/2025\/04\/1740516705057.webp\" alt=\"Joesley Batista durante viagem \u00e0 Nig\u00e9ria\" class=\"wp-image-667163\" srcset=\"https:\/\/media.investnews.com.br\/uploads\/2025\/04\/1740516705057.webp 996w, https:\/\/media.investnews.com.br\/uploads\/2025\/04\/1740516705057-300x187.webp 300w, https:\/\/media.investnews.com.br\/uploads\/2025\/04\/1740516705057-768x480.webp 768w, https:\/\/media.investnews.com.br\/uploads\/2025\/04\/1740516705057-172x107.webp 172w, https:\/\/media.investnews.com.br\/uploads\/2025\/04\/1740516705057-150x94.webp 150w\" sizes=\"auto, (max-width: 996px) 100vw, 996px\" \/><figcaption class=\"wp-element-caption\">Joesley Batista durante viagem \u00e0 Nig\u00e9ria (Arquivo pessoal)<\/figcaption><\/figure>\n\n\n\n<p>Joesley j\u00e1 re\u00fane quase 75 mil seguidores no <a href=\"https:\/\/www.instagram.com\/joesleybatista\/?hl=pt-br\" target=\"_blank\" rel=\"noopener\">Instagram<\/a> e mais de 7 mil no <a href=\"https:\/\/www.linkedin.com\/in\/joesley-batista\/\" target=\"_blank\" rel=\"noopener\">LinkedIn<\/a> \u2014 o que, segundo a classifica\u00e7\u00e3o do marketing digital, o credencia como um influenciador de porte m\u00e9dio. A maior parte das postagens \u00e9 produzida por sua equipe de comunica\u00e7\u00e3o, com est\u00e9tica cuidada e linguagem corporativa.&nbsp;<\/p>\n\n\n\n<p>\u201cNo nosso instituto, n\u00f3s temos um lema: conhecimento, trabalho, prosperidade e felicidade. Essa \u00e9 a constru\u00e7\u00e3o do pensamento do objetivo maior da vida: ser feliz. Evidentemente voc\u00ea tem que prosperar da forma certa para ser feliz\u201d, disse Joesley, em outra postagem.<\/p>\n\n\n\n<p>De vez em quando, ele se arrisca em v\u00eddeos no estilo <em>selfie<\/em>. H\u00e1 tamb\u00e9m momentos de intera\u00e7\u00e3o com outros empres\u00e1rios. Em fevereiro, posou sorridente ao lado de <strong>Luiza Trajano<\/strong>, do <strong>Magazine Luiza<\/strong> \u2014 uma imagem que, embora aparentemente casual, ajuda a consolidar o novo enquadramento: o de um executivo reinserido no circuito.<\/p>\n\n\n\n<figure class=\"wp-block-image size-large\"><img loading=\"lazy\" decoding=\"async\" width=\"1024\" height=\"718\" src=\"https:\/\/media.investnews.com.br\/uploads\/2025\/04\/joesley-luiza-1024x718.webp\" alt=\"Joesley Batista e Luiza Trajano, em publica\u00e7\u00e3o nas redes sociais \" class=\"wp-image-667161\" srcset=\"https:\/\/media.investnews.com.br\/uploads\/2025\/04\/joesley-luiza-1024x718.webp 1024w, https:\/\/media.investnews.com.br\/uploads\/2025\/04\/joesley-luiza-300x210.webp 300w, https:\/\/media.investnews.com.br\/uploads\/2025\/04\/joesley-luiza-768x538.webp 768w, https:\/\/media.investnews.com.br\/uploads\/2025\/04\/joesley-luiza-172x121.webp 172w, https:\/\/media.investnews.com.br\/uploads\/2025\/04\/joesley-luiza-150x105.webp 150w, https:\/\/media.investnews.com.br\/uploads\/2025\/04\/joesley-luiza.webp 1037w\" sizes=\"auto, (max-width: 1024px) 100vw, 1024px\" \/><figcaption class=\"wp-element-caption\">Joesley Batista e Luiza Trajano, em publica\u00e7\u00e3o nas redes sociais (Arquivo pessoal)<\/figcaption><\/figure>\n\n\n\n<h2 class=\"wp-block-heading\">Longe das redes, ativo nos neg\u00f3cios<\/h2>\n\n\n\n<p>Enquanto Joesley e Wesley Batista mantinham um perfil discreto nos \u00faltimos anos, o grupo J&amp;F seguiu em plena expans\u00e3o \u2014 inclusive para al\u00e9m do setor de alimentos.<\/p>\n\n\n\n<p>A <strong>\u00c2mbar Energia<\/strong>, por exemplo, consolidou-se como um dos principais <em>players<\/em> do setor el\u00e9trico ao adquirir 12 usinas termel\u00e9tricas da Eletrobras <a href=\"https:\/\/investnews.com.br\/negocios\/eletrobras-vende-2gw-de-termicas-para-ambar-energia-por-r-47-bilhoes\/\">por R$ 4,7 bilh\u00f5es no ano passado<\/a>. Tamb\u00e9m participou de uma intrincada negocia\u00e7\u00e3o para <a href=\"https:\/\/investnews.com.br\/negocios\/com-divida-impagavel-e-o-maior-furto-de-energia-do-pais-amazonas-energia-abre-o-jogo\/\">assumir o controle da distribuidora Amazonas Energia<\/a>.<\/p>\n\n\n\n<p>No setor de minera\u00e7\u00e3o, a J&amp;F Minera\u00e7\u00e3o, hoje rebatizada como <strong>LHG Mining<\/strong>, investiu US$ 1,2 bilh\u00e3o em ativos de min\u00e9rio e mangan\u00eas da <strong>Vale<\/strong> em Mato Grosso do Sul. J\u00e1 a entrada no setor de \u00f3leo e g\u00e1s foi marcada pela compra da <strong>Fluxus<\/strong>, uma petroleira independente com ativos na Argentina \u2014 um movimento que sinaliza a inten\u00e7\u00e3o da holding de ampliar sua presen\u00e7a na Am\u00e9rica Latina.<\/p>\n\n\n\n<figure class=\"wp-block-embed is-type-video is-provider-youtube wp-block-embed-youtube wp-embed-aspect-16-9 wp-has-aspect-ratio\"><div class=\"wp-block-embed__wrapper\">\n<iframe loading=\"lazy\" title=\"Joesley Batista est\u00e1 de volta \u00e0s redes e quer falar com voc\u00ea\" width=\"500\" height=\"281\" src=\"https:\/\/www.youtube.com\/embed\/63aqRaCJLOk?feature=oembed\" frameborder=\"0\" allow=\"accelerometer; autoplay; clipboard-write; encrypted-media; gyroscope; picture-in-picture; web-share\" referrerpolicy=\"strict-origin-when-cross-origin\" allowfullscreen><\/iframe>\n<\/div><\/figure>\n\n\n\n<p>Fora dos holofotes, a J&amp;F tamb\u00e9m esteve no centro da maior disputa societ\u00e1ria da hist\u00f3ria recente do pa\u00eds. Desde 2018, trava uma batalha judicial e arbitral com a indon\u00e9sia <strong>Paper Excellence<\/strong> pela venda da <strong>Eldorado Brasil Celulose<\/strong>, em um neg\u00f3cio avaliado em R$ 15 bilh\u00f5es. <\/p>\n\n\n\n<p>A J&amp;F chegou a celebrar um acordo plea venda da companhia de celulose para o grupo indon\u00e9sio, mas contestou o cumprimento de algumas cl\u00e1usulas e pede cancelamento do acordo &#8212; na arbitragem, a Paper saiu vitoriosa, mas o caso agora \u00e9 discutido nos tribunais. O imbr\u00f3glio envolve acusa\u00e7\u00f5es de espionagem, debate sobre terras brasileiras em m\u00e3os estrangeiras e segue sem solu\u00e7\u00e3o definitiva.<\/p>\n\n\n\n<p>Por sua vez, a <a href=\"https:\/\/investnews.com.br\/negocios\/entre-cerveja-e-petroleo-jbs-prefere-ovos-e-compra-mantiqueira-por-r-920-milhoes\/\">JBS comprou neste ano 50% da <strong>Mantiqueira Alimentos<\/strong><\/a>, maior produtora de ovos da Am\u00e9rica do Sul, marcando sua entrada no setor av\u00edcola e refor\u00e7ando a estrat\u00e9gia de diversifica\u00e7\u00e3o em prote\u00ednas.<\/p>\n\n\n\n<p>Tamb\u00e9m <a href=\"https:\/\/investnews.com.br\/negocios\/jbs-avanca-para-dupla-listagem-no-brasil-e-nos-eua-com-acordo-entre-jf-e-bndes\/\">fechou acordo com o BNDES<\/a> para avan\u00e7ar na t\u00e3o desejada dupla listagem da companhia na Bolsa de Nova York \u2014 uma aposta do grupo para destravar valor e atrair investidores internacionais. Em 2024, a JBS <a href=\"https:\/\/investnews.com.br\/negocios\/superciclo-de-proteinas-impulsiona-jbs-a-lucro-bilionario-e-amplia-de-dividendos\/\">registrou R$ 9,6 bilh\u00f5es de lucro l\u00edquido<\/a>.<\/p>\n\n\n\n<h2 class=\"wp-block-heading\">Sem impedimentos<\/h2>\n\n\n\n<p>Em termos legais, o passado parece superado para Joesley e Wesley Batista. A <a href=\"https:\/\/obastidor.com.br\/justica\/fachin-homologa-repactuacao-das-delacoes-dos-irmaos-batista-234\" target=\"_blank\" rel=\"noopener\">pris\u00e3o domiciliar de dez meses imposta \u00e0 dupla<\/a>, parte de novo acordo de dela\u00e7\u00e3o firmado em 2020, foi cumprida. As san\u00e7\u00f5es da CVM foram arquivadas. Hoje, os irm\u00e3os n\u00e3o respondem a processos criminais ou administrativos relativos ao \u201cJoesley Day\u201d. Est\u00e3o, juridicamente, livres.<\/p>\n\n\n<section class=\"recirculation-area\">\n    <div class=\"container\">\n                <p class=\"title\">Leia tamb\u00e9m:<\/p>\n     \n            <ul class=\"recirculation-list\" data-tracking-position=\"outros\">\n                            <li class=\"list-item\">\n                    <a href=\"https:\/\/investnews.com.br\/negocios\/aquisicoes-pet-food-e-oriente-medio-o-futuro-da-brf-apos-sair-da-maior-crise-de-sua-historia\/\" title=\"Aquisi\u00e7\u00f5es, pet food e Oriente M\u00e9dio: o futuro da BRF ap\u00f3s sair da maior crise de sua hist\u00f3ria\" class=\"item-title recirculation-link\" data-btn-name=\"Aquisi\u00e7\u00f5es, pet food e Oriente M\u00e9dio: o futuro da BRF ap\u00f3s sair da maior crise de sua hist\u00f3ria\" data-posicao=\"outros\" data-click-url=\"https:\/\/investnews.com.br\/negocios\/aquisicoes-pet-food-e-oriente-medio-o-futuro-da-brf-apos-sair-da-maior-crise-de-sua-historia\/\">\n                        Aquisi\u00e7\u00f5es, pet food e Oriente M\u00e9dio: o futuro da BRF ap\u00f3s sair da maior crise de sua hist\u00f3ria                    <\/a>\n                <\/li>\n                            <li class=\"list-item\">\n                    <a href=\"https:\/\/investnews.com.br\/negocios\/socios-de-eike-batista-na-supercana-colecionam-promessas-bilionarias-e-cheques-sem-fundo\/\" title=\"S\u00f3cios de Eike Batista na &#8216;supercana&#8217; colecionam promessas bilion\u00e1rias e cheques sem fundo\" class=\"item-title recirculation-link\" data-btn-name=\"S\u00f3cios de Eike Batista na &#8216;supercana&#8217; colecionam promessas bilion\u00e1rias e cheques sem fundo\" data-posicao=\"outros\" data-click-url=\"https:\/\/investnews.com.br\/negocios\/socios-de-eike-batista-na-supercana-colecionam-promessas-bilionarias-e-cheques-sem-fundo\/\">\n                        S\u00f3cios de Eike Batista na &#8216;supercana&#8217; colecionam promessas bilion\u00e1rias e cheques sem fundo                    <\/a>\n                <\/li>\n                    <\/ul>\n    <\/div><\/section>\n\n\n\n<p>Para quem acompanha de perto o circuito de eventos empresariais e pol\u00edticos, o retorno de Joesley tamb\u00e9m tem nuances que n\u00e3o aparecem nas redes. Em encontros mais reservados, como os promovidos pelo grupo <strong>Esfera Brasil<\/strong>, o empres\u00e1rio tem marcado presen\u00e7a. Em um deles, em tom informal \u2014 quase de desabafo \u2014 se apresentou como um \u201coper\u00e1rio do Brasil\u201d.<\/p>\n\n\n\n<p>A frase, dita fora do microfone, ajuda a entender n\u00e3o apenas o personagem, mas a vis\u00e3o que Joesley tem de si mesmo: a de um empres\u00e1rio que construiu uma pot\u00eancia global e que, em vez de ser exaltado, foi perseguido. Para pessoas pr\u00f3ximas, ele costuma dizer que, se a JBS tivesse nascido em outro pa\u00eds, sua hist\u00f3ria empresarial teria sido mais valorizada.<\/p>\n\n\n\n<p>A reaproxima\u00e7\u00e3o n\u00e3o envolve apenas o empresariado. Joesley tamb\u00e9m voltou a circular no meio pol\u00edtico. Em abril do ano passado, ele e Wesley participaram de uma solenidade com o presidente <strong>Luiz In\u00e1cio Lula da Silva<\/strong>, em uma das f\u00e1bricas da JBS em Mato Grosso do Sul.<\/p>\n\n\n\n<figure class=\"wp-block-image size-large\"><img loading=\"lazy\" decoding=\"async\" width=\"1024\" height=\"682\" src=\"https:\/\/media.investnews.com.br\/uploads\/2025\/04\/lula-wesley-1024x682.webp\" alt=\"Lula e Wesley Batista (\u00e0 direita) durante evento em Mato Grosso do Sul \" class=\"wp-image-667193\" srcset=\"https:\/\/media.investnews.com.br\/uploads\/2025\/04\/lula-wesley-1024x682.webp 1024w, https:\/\/media.investnews.com.br\/uploads\/2025\/04\/lula-wesley-300x200.webp 300w, https:\/\/media.investnews.com.br\/uploads\/2025\/04\/lula-wesley-768x512.webp 768w, https:\/\/media.investnews.com.br\/uploads\/2025\/04\/lula-wesley-1536x1023.webp 1536w, https:\/\/media.investnews.com.br\/uploads\/2025\/04\/lula-wesley-1256x837.webp 1256w, https:\/\/media.investnews.com.br\/uploads\/2025\/04\/lula-wesley-172x115.webp 172w, https:\/\/media.investnews.com.br\/uploads\/2025\/04\/lula-wesley-150x100.webp 150w, https:\/\/media.investnews.com.br\/uploads\/2025\/04\/lula-wesley.webp 1843w\" sizes=\"auto, (max-width: 1024px) 100vw, 1024px\" \/><figcaption class=\"wp-element-caption\">Lula e Wesley Batista (\u00e0 direita) durante evento em Mato Grosso do Sul (Ricardo Stuckert\/PR)<\/figcaption><\/figure>\n\n\n\n<p>\u201c[Joesley e Wesley s\u00e3o] respons\u00e1veis por essa empresa se transformar na maior produtora de prote\u00edna animal do mundo. E isso, para mim, \u00e9 motivo de orgulho\u201d, disse o presidente Lula <a href=\"https:\/\/www.cnnbrasil.com.br\/politica\/lula-acompanha-1o-envio-de-carne-para-china-em-fabrica-da-jbs-e-elogia-irmaos-batista-motivo-de-orgulho\/\" target=\"_blank\" rel=\"noopener\">na ocasi\u00e3o<\/a>. \u201cFico sempre muito orgulhoso quando algu\u00e9m consegue vencer na vida, em qualquer que seja a sua atividade.\u201d<\/p>\n\n\n\n<h2 class=\"wp-block-heading\">Comeback<\/h2>\n\n\n\n<p>Com uma fortuna estimada em US$ 3,9 bilh\u00f5es, segundo o \u00faltimo ranking da <em>Forbes<\/em>, e \u00e0 frente de um grupo com alcance global, Joesley n\u00e3o precisa de microfone. Mas decidiu voltar a us\u00e1-lo. E, sem d\u00favida, ser\u00e1 ouvido \u2014 porque, nos bastidores do poder e da economia, ele nunca deixou de ser. <\/p>\n\n\n\n<figure class=\"wp-block-image size-large\"><img decoding=\"async\" src=\"https:\/\/media.investnews.com.br\/uploads\/2025\/04\/joesley-alckmin-min-1024x683.jpg\" alt=\"Joesley Batista e o vice-presidente Geraldo Alckmin, em encontro em 2023\" class=\"wp-image-667192\"\/><figcaption class=\"wp-element-caption\">Joesley Batista e o vice-presidente Geraldo Alckmin, em encontro em 2023 (Ag\u00eancia Brasil)<\/figcaption><\/figure>\n\n\n\n<p>Al\u00e9m da J&amp;F, Joesley ainda move os ponteiros de muitos neg\u00f3cios no Brasil e no mundo. A imagem pode ter passado por quarentena. A influ\u00eancia, nunca.<\/p>\n\n\n\n<p>Procurada, a J&amp;F n\u00e3o comentou at\u00e9 a publica\u00e7\u00e3o do texto.<\/p>\n\n\n\n<p><em>(Colaborou Lucinda Pinto)<\/em><\/p>\n","protected":false},"excerpt":{"rendered":"<p>Empres\u00e1rio retomou sua presen\u00e7a p\u00fablica em meio \u00e0 nova onda de expans\u00e3o da J&#038;F<\/p>\n","protected":false},"author":123,"featured_media":667214,"comment_status":"closed","ping_status":"closed","sticky":false,"template":"","format":"standard","meta":{"_acf_changed":false,"inline_featured_image":false,"footnotes":""},"categories":[6],"tags":[1352],"autor-wsj":[],"coauthors":[102704],"class_list":["post-667137","post","type-post","status-publish","format-standard","has-post-thumbnail","hentry","category-negocios","tag-jbs"],"acf":[],"amp_enabled":true,"_links":{"self":[{"href":"https:\/\/investnews.com.br\/inv-api\/wp\/v2\/posts\/667137","targetHints":{"allow":["GET"]}}],"collection":[{"href":"https:\/\/investnews.com.br\/inv-api\/wp\/v2\/posts"}],"about":[{"href":"https:\/\/investnews.com.br\/inv-api\/wp\/v2\/types\/post"}],"author":[{"embeddable":true,"href":"https:\/\/investnews.com.br\/inv-api\/wp\/v2\/users\/123"}],"replies":[{"embeddable":true,"href":"https:\/\/investnews.com.br\/inv-api\/wp\/v2\/comments?post=667137"}],"version-history":[{"count":30,"href":"https:\/\/investnews.com.br\/inv-api\/wp\/v2\/posts\/667137\/revisions"}],"predecessor-version":[{"id":668821,"href":"https:\/\/investnews.com.br\/inv-api\/wp\/v2\/posts\/667137\/revisions\/668821"}],"wp:featuredmedia":[{"embeddable":true,"href":"https:\/\/investnews.com.br\/inv-api\/wp\/v2\/media\/667214"}],"wp:attachment":[{"href":"https:\/\/investnews.com.br\/inv-api\/wp\/v2\/media?parent=667137"}],"wp:term":[{"taxonomy":"category","embeddable":true,"href":"https:\/\/investnews.com.br\/inv-api\/wp\/v2\/categories?post=667137"},{"taxonomy":"post_tag","embeddable":true,"href":"https:\/\/investnews.com.br\/inv-api\/wp\/v2\/tags?post=667137"},{"taxonomy":"autor-wsj","embeddable":true,"href":"https:\/\/investnews.com.br\/inv-api\/wp\/v2\/autor-wsj?post=667137"},{"taxonomy":"author","embeddable":true,"href":"https:\/\/investnews.com.br\/inv-api\/wp\/v2\/coauthors?post=667137"}],"curies":[{"name":"wp","href":"https:\/\/api.w.org\/{rel}","templated":true}]}}