{"id":667551,"date":"2025-04-21T08:26:43","date_gmt":"2025-04-21T11:26:43","guid":{"rendered":"https:\/\/investnews.com.br\/?p=667551"},"modified":"2025-08-08T15:54:13","modified_gmt":"2025-08-08T18:54:13","slug":"papa-francisco-promotor-de-uma-igreja-mais-acolhedora-morre-aos-88","status":"publish","type":"post","link":"https:\/\/investnews.com.br\/economia\/papa-francisco-promotor-de-uma-igreja-mais-acolhedora-morre-aos-88\/","title":{"rendered":"Papa Francisco, promotor de uma Igreja mais acolhedora, morre aos 88"},"content":{"rendered":"<p>Papa Francisco faleceu \u00e0s 2h35 da manh\u00e3 desta segunda-feira (21), aos 88 anos. Ele estava hospitalizado desde meados de fevereiro com bronquite, que evoluiu para pneumonia em ambos os pulm\u00f5es \u2014 o \u00faltimo numa s\u00e9rie de desafios m\u00e9dicos e respirat\u00f3rios que enfrentou. No domingo, havia se encontrado com o vice-presidente dos EUA, JD Vance.<\/p><p>L\u00edder espiritual dos 1,4 bilh\u00e3o de cat\u00f3licos do mundo desde mar\u00e7o de 2013, Francisco era argentino, sendo o <strong>primeiro papa das Am\u00e9ricas<\/strong> e o primeiro jesu\u00edta a ocupar a posi\u00e7\u00e3o. Tornou-se pont\u00edfice ap\u00f3s a abdica\u00e7\u00e3o de Bento XVI e rapidamente revigorou o catolicismo com seu jeito simples, que contrastava com seu antecessor.<\/p><p>Enquanto Bento XVI era visto como guardi\u00e3o da doutrina ortodoxa, mais confort\u00e1vel com livros do que com multid\u00f5es, Francisco chegou como um papa humilde e sorridente, com uma mensagem ampla. Atraiu muitos n\u00e3o cat\u00f3licos liberais por seu foco na pobreza e no sofrimento humano, e classificou as mudan\u00e7as clim\u00e1ticas como uma quest\u00e3o moral urgente. <strong>Recusando os privil\u00e9gios<\/strong> do cargo, escolheu morar na casa de h\u00f3spedes do Vaticano, em vez dos luxuosos apartamentos papais.<\/p><figure class=\"wp-block-image size-large\"><img loading=\"lazy\" decoding=\"async\" width=\"1024\" height=\"683\" src=\"https:\/\/media.investnews.com.br\/uploads\/2025\/04\/428792592-min-1024x683.webp\" alt=\"Papa Francisco em papam\u00f3vel branco saudando multid\u00e3o com bra\u00e7os estendidos e celulares. Seguran\u00e7as ao redor.\" class=\"wp-image-667559\" srcset=\"https:\/\/media.investnews.com.br\/uploads\/2025\/04\/428792592-min-1024x683.webp 1024w, https:\/\/media.investnews.com.br\/uploads\/2025\/04\/428792592-min-300x200.webp 300w, https:\/\/media.investnews.com.br\/uploads\/2025\/04\/428792592-min-768x512.webp 768w, https:\/\/media.investnews.com.br\/uploads\/2025\/04\/428792592-min-1536x1024.webp 1536w, https:\/\/media.investnews.com.br\/uploads\/2025\/04\/428792592-min-2048x1366.webp 2048w, https:\/\/media.investnews.com.br\/uploads\/2025\/04\/428792592-min-1256x837.webp 1256w, https:\/\/media.investnews.com.br\/uploads\/2025\/04\/428792592-min-172x115.webp 172w, https:\/\/media.investnews.com.br\/uploads\/2025\/04\/428792592-min-150x100.webp 150w\" sizes=\"auto, (max-width: 1024px) 100vw, 1024px\" \/><figcaption class=\"wp-element-caption\">Foto: Bloomberg<\/figcaption><\/figure><p>Um sinal inicial da abordagem de Francisco veio em 2013, quando lavou os p\u00e9s de doze prisioneiros, incluindo mulheres jovens, num centro de deten\u00e7\u00e3o juvenil em Roma, <strong>rompendo a tradi\u00e7\u00e3o papal <\/strong>de lavar somente os p\u00e9s de sacerdotes.<\/p><p>Na sua primeira coletiva de imprensa como papa, perguntado sobre gays que servem como padres \u2014 algo que seu antecessor se opunha firmemente \u2014 respondeu: \u201cSe uma pessoa \u00e9 gay, busca o Senhor e tem boa vontade, quem sou eu para julg\u00e1-la?\u201d<\/p><section class=\"recirculation-area\">\n    <div class=\"container\">\n         \n            <ul class=\"recirculation-list\" data-tracking-position=\"outros\">\n                            <li class=\"list-item\">\n                    <a \n                        href=\"https:\/\/investnews.com.br\/negocios\/o-streaming-viu-a-luz-como-o-conteudo-cristao-virou-o-novo-filao-bilionario-da-cultura-pop\/\" \n                        title=\"Como o conte\u00fado crist\u00e3o se tornou o novo fil\u00e3o bilion\u00e1rio da cultura pop\" \n                        class=\"item-title recirculation-link\"\n                        data-btn-name=\"Como o conte\u00fado crist\u00e3o se tornou o novo fil\u00e3o bilion\u00e1rio da cultura pop\"\n                        data-posicao=\"outros\"\n                        data-click-url=\"https:\/\/investnews.com.br\/negocios\/o-streaming-viu-a-luz-como-o-conteudo-cristao-virou-o-novo-filao-bilionario-da-cultura-pop\/\"\n                    >\n                        Como o conte\u00fado crist\u00e3o se tornou o novo fil\u00e3o bilion\u00e1rio da cultura pop                    <\/a>\n                <\/li>\n                    <\/ul>\n    <\/div><\/section>\n<p>Contudo, diante de um clero polarizado e da burocracia r\u00edgida do Vaticano, Francisco teve dificuldades em cumprir plenamente as expectativas iniciais sobre a resolu\u00e7\u00e3o do legado de abusos sexuais de menores por membros do clero.<\/p><p>Ele aboliu o n\u00edvel mais alto de sigilo usado para proteger ped\u00f3filos dentro da Igreja, mas n\u00e3o conseguiu satisfazer completamente as demandas das v\u00edtimas por responsabiliza\u00e7\u00e3o. Em meio a novas alega\u00e7\u00f5es de abusos sexuais por padres em 2018, Francisco foi acusado de ignorar alertas sobre supostos abusos cometidos pelo cardeal americano Theodore McCarrick em 2013.<\/p><p>Francisco travou uma dura batalha por maior transpar\u00eancia nas finan\u00e7as do Vaticano e incentivou a C\u00faria a ouvir atentamente bispos distantes. Outro legado \u00e9 o Col\u00e9gio Cardinal\u00edcio reformulado, tornando mais prov\u00e1vel a escolha futura de um papa da \u00c1sia ou \u00c1frica.<\/p><figure class=\"wp-block-image size-large\"><img loading=\"lazy\" decoding=\"async\" width=\"1024\" height=\"626\" src=\"https:\/\/media.investnews.com.br\/uploads\/2025\/04\/428792636-min-1024x626.webp\" alt=\"Papa Francisco em sacada, de branco, ladeado por cl\u00e9rigos. C\u00e2mera \u00e0 esquerda, cruz \u00e0 direita.\" class=\"wp-image-667560\" srcset=\"https:\/\/media.investnews.com.br\/uploads\/2025\/04\/428792636-min-1024x626.webp 1024w, https:\/\/media.investnews.com.br\/uploads\/2025\/04\/428792636-min-300x183.webp 300w, https:\/\/media.investnews.com.br\/uploads\/2025\/04\/428792636-min-768x469.webp 768w, https:\/\/media.investnews.com.br\/uploads\/2025\/04\/428792636-min-1536x939.webp 1536w, https:\/\/media.investnews.com.br\/uploads\/2025\/04\/428792636-min-2048x1252.webp 2048w, https:\/\/media.investnews.com.br\/uploads\/2025\/04\/428792636-min-1256x768.webp 1256w, https:\/\/media.investnews.com.br\/uploads\/2025\/04\/428792636-min-172x105.webp 172w, https:\/\/media.investnews.com.br\/uploads\/2025\/04\/428792636-min-150x92.webp 150w\" sizes=\"auto, (max-width: 1024px) 100vw, 1024px\" \/><figcaption class=\"wp-element-caption\">Foto: Bloomberg<\/figcaption><\/figure><p>Filho de contador, Jorge Mario Bergoglio nasceu em 17 de dezembro de 1936, em um bairro oper\u00e1rio de Buenos Aires, um dos cinco filhos de imigrantes italianos. Entrou para o semin\u00e1rio ap\u00f3s perder metade do pulm\u00e3o direito devido a uma infec\u00e7\u00e3o aos 21 anos, e depois se juntou aos jesu\u00edtas, conhecidos por seu trabalho social e pela justi\u00e7a social.<\/p><p>Ordenado em 1969, tornou-se l\u00edder dos jesu\u00edtas na Argentina e no Uruguai durante os tumultuados anos da ditadura militar argentina. Sua lideran\u00e7a foi pol\u00eamica, e em 1990 foi enviado a C\u00f3rdoba num per\u00edodo de ex\u00edlio interno, do qual emergiu com uma abordagem mais humilde para liderar.<\/p><p>Bergoglio tornou-se bispo em 1992 e arcebispo de Buenos Aires posteriormente. Em 2001, Jo\u00e3o Paulo II o nomeou cardeal. Eleito papa aos 76 anos ap\u00f3s a ren\u00fancia de Bento XVI, adotou o nome Francisco, em homenagem a S\u00e3o Francisco de Assis, conhecido por sua vida simples e pobre.<\/p><p>Durante sua visita aos EUA em 2015, desafiou legisladores a combaterem a pobreza atrav\u00e9s de uma distribui\u00e7\u00e3o mais justa da riqueza. Tamb\u00e9m condenou uma economia global baseada apenas na ambi\u00e7\u00e3o pelo poder e riqueza.<\/p><p>Em 2021, tornou-se o primeiro l\u00edder cat\u00f3lico a visitar o Iraque, promovendo o di\u00e1logo inter-religioso. Sua maneira espont\u00e2nea de falar ganhou muitos admiradores, mas tamb\u00e9m gerou controv\u00e9rsias, como em 2024, ao sugerir \u00e0 Ucr\u00e2nia que negociasse com a R\u00fassia, invasora do pa\u00eds, e por usar inadvertidamente um termo ofensivo para se referir a homens gays que desejavam se tornar padres, mostrando as dificuldades da rela\u00e7\u00e3o da Igreja com a comunidade LGBTQ.<\/p><p>No domingo de P\u00e1scoa de 2024, apesar dos problemas respirat\u00f3rios, celebrou a missa na Pra\u00e7a de S\u00e3o Pedro pedindo paz global. &#8220;N\u00e3o cedamos \u00e0 l\u00f3gica das armas e do rearmamento&#8221;, afirmou. &#8220;A paz n\u00e3o se faz com armas, mas com m\u00e3os estendidas e cora\u00e7\u00f5es abertos.&#8221;<\/p>\n","protected":false},"excerpt":{"rendered":"<p>Francisco recusou privil\u00e9gio do cargo e destacou-se por seu foco na pobreza e no sofrimento humano<\/p>\n","protected":false},"author":76,"featured_media":667552,"comment_status":"closed","ping_status":"closed","sticky":false,"template":"post-template-special.php","format":"standard","meta":{"_acf_changed":false,"inline_featured_image":false,"footnotes":""},"categories":[5],"tags":[],"autor-wsj":[],"coauthors":[101325],"class_list":["post-667551","post","type-post","status-publish","format-standard","has-post-thumbnail","hentry","category-economia"],"acf":[],"amp_enabled":true,"_links":{"self":[{"href":"https:\/\/investnews.com.br\/inv-api\/wp\/v2\/posts\/667551","targetHints":{"allow":["GET"]}}],"collection":[{"href":"https:\/\/investnews.com.br\/inv-api\/wp\/v2\/posts"}],"about":[{"href":"https:\/\/investnews.com.br\/inv-api\/wp\/v2\/types\/post"}],"author":[{"embeddable":true,"href":"https:\/\/investnews.com.br\/inv-api\/wp\/v2\/users\/76"}],"replies":[{"embeddable":true,"href":"https:\/\/investnews.com.br\/inv-api\/wp\/v2\/comments?post=667551"}],"version-history":[{"count":8,"href":"https:\/\/investnews.com.br\/inv-api\/wp\/v2\/posts\/667551\/revisions"}],"predecessor-version":[{"id":701824,"href":"https:\/\/investnews.com.br\/inv-api\/wp\/v2\/posts\/667551\/revisions\/701824"}],"wp:featuredmedia":[{"embeddable":true,"href":"https:\/\/investnews.com.br\/inv-api\/wp\/v2\/media\/667552"}],"wp:attachment":[{"href":"https:\/\/investnews.com.br\/inv-api\/wp\/v2\/media?parent=667551"}],"wp:term":[{"taxonomy":"category","embeddable":true,"href":"https:\/\/investnews.com.br\/inv-api\/wp\/v2\/categories?post=667551"},{"taxonomy":"post_tag","embeddable":true,"href":"https:\/\/investnews.com.br\/inv-api\/wp\/v2\/tags?post=667551"},{"taxonomy":"autor-wsj","embeddable":true,"href":"https:\/\/investnews.com.br\/inv-api\/wp\/v2\/autor-wsj?post=667551"},{"taxonomy":"author","embeddable":true,"href":"https:\/\/investnews.com.br\/inv-api\/wp\/v2\/coauthors?post=667551"}],"curies":[{"name":"wp","href":"https:\/\/api.w.org\/{rel}","templated":true}]}}