{"id":667577,"date":"2025-04-21T12:01:42","date_gmt":"2025-04-21T15:01:42","guid":{"rendered":"https:\/\/investnews.com.br\/?p=667577"},"modified":"2025-04-21T15:38:54","modified_gmt":"2025-04-21T18:38:54","slug":"transparencia-nas-financas-do-vaticano-um-legado-do-papa-francisco","status":"publish","type":"post","link":"https:\/\/investnews.com.br\/economia\/transparencia-nas-financas-do-vaticano-um-legado-do-papa-francisco\/","title":{"rendered":"Transpar\u00eancia nas finan\u00e7as do Vaticano: um legado do papa Francisco"},"content":{"rendered":"\n<p>O Instituto para as Obras de Religi\u00e3o (IOR), conhecido como <strong>Banco do Vaticano<\/strong>, passava por uma grave crise de credibilidade nos \u00faltimos anos do pontificado de Bento 16 (2005-2013). Seu sucessor, Francisco (2013-2025), agora deixa como legado uma reforma exemplar na institui\u00e7\u00e3o.&nbsp;<\/p>\n\n\n\n<p>Em setembro de 2010, autoridades italianas iniciaram uma investiga\u00e7\u00e3o contra o presidente do IOR, Ettore Gotti Tedeschi, por suspeita de <a href=\"https:\/\/investnews.com.br\/guias\/coaf-lavagem-de-dinheiro\/\">lavagem de dinheiro<\/a>. A investiga\u00e7\u00e3o foi motivada por duas transfer\u00eancias banc\u00e1rias que totalizavam <strong>\u20ac23 milh\u00f5es<\/strong>, feitas sem a devida comunica\u00e7\u00e3o \u00e0s autoridades, conforme as normas europeias exigem.\u00a0<\/p>\n\n\n\n<p>Os fundos foram congelados pelas autoridades italianas. Embora o dinheiro tenha sido liberado pouco tempo depois, o incidente levantou suspeitas.&nbsp;<\/p>\n\n\n\n<p>Um ind\u00edcio do que poderia estar acontecendo est\u00e1 numa carta que o arcebispo Carlos Maria Vigan\u00f2, ent\u00e3o Secret\u00e1rio Geral do governo do Vaticano, enviou em 2011 a seus superiores, incluindo Bento 16.\u00a0<\/p>\n\n\n<section class=\"recirculation-area\">\n    <div class=\"container\">\n         \n            <ul class=\"recirculation-list\" data-tracking-position=\"outros\">\n                            <li class=\"list-item\">\n                    <a \n                        href=\"https:\/\/investnews.com.br\/economia\/papa-francisco-promotor-de-uma-igreja-mais-acolhedora-morre-aos-88\/\" \n                        title=\"Papa Francisco, promotor de uma Igreja mais acolhedora, morre aos 88\" \n                        class=\"item-title recirculation-link\"\n                        data-btn-name=\"Papa Francisco, promotor de uma Igreja mais acolhedora, morre aos 88\"\n                        data-posicao=\"outros\"\n                        data-click-url=\"https:\/\/investnews.com.br\/economia\/papa-francisco-promotor-de-uma-igreja-mais-acolhedora-morre-aos-88\/\"\n                    >\n                        Papa Francisco, promotor de uma Igreja mais acolhedora, morre aos 88                    <\/a>\n                <\/li>\n                    <\/ul>\n    <\/div><\/section>\n\n\n\n<p>Vigan\u00f2 relatou a exist\u00eancia de uma &#8220;rede de <strong>corrup\u00e7\u00e3o<\/strong>, <strong>nepotismo<\/strong> e <strong>favorecimento<\/strong>&#8221; nos contratos de obras da Cidade do Vaticano. Segundo ele, os servi\u00e7os eram sempre entregues \u00e0s mesmas empresas, com pre\u00e7os at\u00e9 o dobro do valor de mercado.&nbsp;<\/p>\n\n\n\n<p>Ou seja: dinheiro il\u00edcito (de superfaturamento, por exemplo) poderia entrar no IOR e sair de l\u00e1 limpo (como se tivesse vindo de doa\u00e7\u00f5es de fieis). Essa carta faz parte de um vazamento de documentos sobre casos de corrup\u00e7\u00e3o na Santa S\u00e9, que ficou conhecido como \u201cVatileaks\u201d.&nbsp;<\/p>\n\n\n\n<p>N\u00e3o houve acusa\u00e7\u00f5es formais, mas os problemas cresceriam. Em mar\u00e7o de 2012, o JPMorgan encerrou a conta que o IOR mantinha ali por falta de transpar\u00eancia nas informa\u00e7\u00f5es financeiras. Dois meses depois, Ettore Gotti Tedeschi seria demitido do Banco do Vaticano.<\/p>\n\n\n\n<p>A reputa\u00e7\u00e3o do IOR logo passaria por mais abalos. Em julho de 2012, o Moneyval, comit\u00ea europeu contra a lavagem de dinheiro, apontou falhas graves na administra\u00e7\u00e3o do banco. Em janeiro de 2013, as autoridades italianas chegaram a suspender temporariamente o uso de cart\u00f5es de cr\u00e9dito no Vaticano.&nbsp;<\/p>\n\n\n\n<p>Bento 16 renunciou em meio a esse turbilh\u00e3o, em fevereiro de 2013, alegando falta de sa\u00fade para exercer adequadamente o pontificado.<\/p>\n\n\n\n<h2 class=\"wp-block-heading\">As reformas de Francisco<\/h2>\n\n\n\n<p>Eleito em mar\u00e7o de 2013 com a expectativa de limpar a casa, Francisco colocou a reforma econ\u00f4mica do Vaticano entre suas prioridades. Criou uma comiss\u00e3o especial para propor mudan\u00e7as e assinou acordos para compartilhar informa\u00e7\u00f5es financeiras com autoridades internacionais.<\/p>\n\n\n\n<p>Em fevereiro de 2014, criou a Secretaria para a Economia, liderada pelo cardeal George Pell, e o Conselho para a Economia, com membros religiosos e laicos, visando centralizar a contabilidade e impor disciplina or\u00e7ament\u00e1ria.&nbsp;<\/p>\n\n\n\n<p>O cardeal Pell revelou<strong> \u20ac1,1 bilh\u00e3o <\/strong>em ativos antes n\u00e3o declarados. Em 2015, a Secretaria para a Economia contratou uma auditoria externa abrangente com a PricewaterhouseCoopers (PwC).<\/p>\n\n\n\n<h2 class=\"wp-block-heading\">Auditorias e governan\u00e7a<\/h2>\n\n\n\n<p>Francisco reformou a gest\u00e3o do Banco do Vaticano com uma revis\u00e3o exaustiva de contas, fechando milhares que n\u00e3o cumpriam os novos, e rigorosos, crit\u00e9rios. Sob seu comando, o IOR passou a submeter-se a auditorias anuais independentes, e novos estatutos foram aprovados em 2019 tornando obrigat\u00f3ria a auditoria externa e ampliando o conselho supervisor laico.<\/p>\n\n\n\n<p>O Vaticano tamb\u00e9m fortaleceu sua coopera\u00e7\u00e3o internacional. A Autoridade de Informa\u00e7\u00e3o Financeira (AIF) firmou acordos de troca de informa\u00e7\u00f5es com v\u00e1rios pa\u00edses, e em 2017, a It\u00e1lia incluiu o Vaticano em sua \u201clista de Estados financeiramente confi\u00e1veis\u201d. Relat\u00f3rios anuais da AIF indicaram uma queda significativa em opera\u00e7\u00f5es suspeitas.<\/p>\n\n\n\n<p>Em 2021, um cardeal italiano, Angelo Becciu, tornou-se o primeiro a responder criminalmente por crimes econ\u00f4micos no Tribunal do Vaticano, sendo condenado em 2023 por fraude \u2013&nbsp;relativa \u00e0 compra superfaturada de um pr\u00e9dio em Londres, dez anos antes, com dinheiro da cidade-Estado. <\/p>\n\n\n\n<p>Ap\u00f3s 12 anos de papado, Francisco deixa um Vaticano financeiramente mais transparente e respons\u00e1vel. Auditorias independentes, presta\u00e7\u00e3o p\u00fablica de contas e colabora\u00e7\u00e3o internacional agora s\u00e3o rotina.<\/p>\n\n\n\n<p>Vamos para um exemplo recente. O Vaticano \u00e9 formado por duas entidades distintas \u2014 a Santa S\u00e9 e o Estado da Cidade do Vaticano \u2014 que possuem or\u00e7amentos separados. Mas as receitas provenientes do Vaticano, inclusive as geradas pelos museus, s\u00e3o usadas para atenuar d\u00e9ficits financeiros da Santa S\u00e9.<\/p>\n\n\n\n<p>O d\u00e9ficit registrado em 2023 beirou \u20ac<strong>83 milh\u00f5es.<\/strong>&nbsp;Para atenuar os impactos nas contas, Francisco determinou, em 2024, a redu\u00e7\u00e3o do or\u00e7amento enviado aos cardeais espalhados pelo mundo e pediu que eles se esfor\u00e7assem para uma meta de d\u00e9ficit zero. <\/p>\n","protected":false},"excerpt":{"rendered":"<p>Ele empreendeu uma ampla reforma no Banco do Vaticano, incluindo a revela\u00e7\u00e3o de\u00a0 \u20ac 1,1 bilh\u00e3o em ativos n\u00e3o-declarados<\/p>\n","protected":false},"author":111,"featured_media":667632,"comment_status":"closed","ping_status":"closed","sticky":false,"template":"post-template-special.php","format":"standard","meta":{"_acf_changed":false,"inline_featured_image":false,"footnotes":""},"categories":[5],"tags":[],"autor-wsj":[],"coauthors":[102469,102892],"class_list":["post-667577","post","type-post","status-publish","format-standard","has-post-thumbnail","hentry","category-economia"],"acf":[],"amp_enabled":true,"_links":{"self":[{"href":"https:\/\/investnews.com.br\/inv-api\/wp\/v2\/posts\/667577","targetHints":{"allow":["GET"]}}],"collection":[{"href":"https:\/\/investnews.com.br\/inv-api\/wp\/v2\/posts"}],"about":[{"href":"https:\/\/investnews.com.br\/inv-api\/wp\/v2\/types\/post"}],"author":[{"embeddable":true,"href":"https:\/\/investnews.com.br\/inv-api\/wp\/v2\/users\/111"}],"replies":[{"embeddable":true,"href":"https:\/\/investnews.com.br\/inv-api\/wp\/v2\/comments?post=667577"}],"version-history":[{"count":11,"href":"https:\/\/investnews.com.br\/inv-api\/wp\/v2\/posts\/667577\/revisions"}],"predecessor-version":[{"id":667597,"href":"https:\/\/investnews.com.br\/inv-api\/wp\/v2\/posts\/667577\/revisions\/667597"}],"wp:featuredmedia":[{"embeddable":true,"href":"https:\/\/investnews.com.br\/inv-api\/wp\/v2\/media\/667632"}],"wp:attachment":[{"href":"https:\/\/investnews.com.br\/inv-api\/wp\/v2\/media?parent=667577"}],"wp:term":[{"taxonomy":"category","embeddable":true,"href":"https:\/\/investnews.com.br\/inv-api\/wp\/v2\/categories?post=667577"},{"taxonomy":"post_tag","embeddable":true,"href":"https:\/\/investnews.com.br\/inv-api\/wp\/v2\/tags?post=667577"},{"taxonomy":"autor-wsj","embeddable":true,"href":"https:\/\/investnews.com.br\/inv-api\/wp\/v2\/autor-wsj?post=667577"},{"taxonomy":"author","embeddable":true,"href":"https:\/\/investnews.com.br\/inv-api\/wp\/v2\/coauthors?post=667577"}],"curies":[{"name":"wp","href":"https:\/\/api.w.org\/{rel}","templated":true}]}}