{"id":670561,"date":"2025-06-05T06:00:00","date_gmt":"2025-06-05T09:00:00","guid":{"rendered":"https:\/\/investnews.com.br\/?p=670561"},"modified":"2025-06-04T18:38:40","modified_gmt":"2025-06-04T21:38:40","slug":"joao-camargo-entrevista-esfera-brasil-cnn-brasil-cargo-acesso-in-persona","status":"publish","type":"post","link":"https:\/\/investnews.com.br\/negocios\/joao-camargo-entrevista-esfera-brasil-cnn-brasil-cargo-acesso-in-persona\/","title":{"rendered":"Sem cargo, mas com muito acesso, Jo\u00e3o Camargo \u00e9 o fio invis\u00edvel que liga empres\u00e1rios ao governo"},"content":{"rendered":"\n<p>Poucas horas antes de ser entrevistado pelo <strong>InvestNews<\/strong>, Jo\u00e3o Camargo mimava o netinho Pedro, de apenas oito meses. &#8220;At\u00e9 cancelei meu compromisso da manh\u00e3, fiquei &#8216;babando nele&#8217; das oito \u00e0s nove e quinze&#8221;, comentou o empres\u00e1rio, com precis\u00e3o.<\/p>\n\n\n\n<p>O nome completo do herdeiro carrega lastro: Pedro Funaro Camargo Dantas junta os sobrenomes do bisav\u00f4 Dilson Funaro, ex-ministro da Fazenda de Jos\u00e9 Sarney e sogro de Jo\u00e3o Camargo; do pr\u00f3prio Jo\u00e3o Camargo, o av\u00f4 coruja; e do pai, Bruno Dantas, ministro do Tribunal de Contas da Uni\u00e3o e marido de Camila Funaro Camargo, filha de Jo\u00e3o e m\u00e3e do pequeno Pedro.<\/p>\n\n\n\n<p><iframe loading=\"lazy\" title=\"Jo\u00e3o Camargo, o fio invis\u00edvel que liga empres\u00e1rios ao governo\" width=\"500\" height=\"281\" src=\"https:\/\/www.youtube.com\/embed\/Orbezg2Qcwk?feature=oembed\" frameborder=\"0\" allow=\"accelerometer; autoplay; clipboard-write; encrypted-media; gyroscope; picture-in-picture; web-share\" referrerpolicy=\"strict-origin-when-cross-origin\" allowfullscreen><\/iframe><\/p>\n\n\n\n<p>O beb\u00ea passava a manh\u00e3 com os av\u00f3s maternos porque Camila e Bruno tinham embarcado para o Maranh\u00e3o. O motivo era simb\u00f3lico: Jos\u00e9 Sarney, o ex-presidente da Rep\u00fablica e padrinho pol\u00edtico de Bruno, completava 95 anos na mesma quinta-feira em que Jo\u00e3o Camargo participava do <strong>IN Persona<\/strong>.<\/p>\n\n\n\n<p>Jo\u00e3o Camargo encarna a costura invis\u00edvel entre Estado e mercado no Brasil.<\/p>\n\n\n\n<p>Filho de deputado federal, aos 23 anos tornou-se secret\u00e1rio de J\u00e2nio Quadros na Prefeitura de S\u00e3o Paulo. Foi vice-presidente da Vasp no governo Qu\u00e9rcia e assessor particular de Z\u00e9lia Cardoso de Mello na presid\u00eancia de Fernando Collor, at\u00e9 cair em meio ao esc\u00e2ndalo PC Farias \u2013 &#8220;n\u00e3o sabia que estava trabalhando num governo que se comportava de maneira t\u00e3o asquerosa&#8221;.<\/p>\n\n\n\n<p>Jurou nunca mais voltar para a pol\u00edtica institucional, fez dinheiro no setor imobili\u00e1rio e sumiu das manchetes por d\u00e9cadas, mas nunca perdeu o tr\u00e2nsito entre os poderosos. Em 2021, com a ajuda do jornalista Eduardo Vieira, fundou a <strong>Esfera Brasil<\/strong>, cujos eventos re\u00fanem pol\u00edticos gra\u00fados, magistrados importantes e grandes nomes do PIB.<\/p>\n\n\n\n<p>Os eventos da Esfera acontecem em lugares diversos, conforme a conveni\u00eancia, o objetivo e a seletividade que pede a ocasi\u00e3o. Pode ser no apartamento de Jo\u00e3o, no bairro do Morumbi, em S\u00e3o Paulo. Pode ser num resort no Guaruj\u00e1, num restaurante em Bras\u00edlia, num hotel em Paris ou at\u00e9 em Roma \u2013 neste caso, como em 2024, no imponente palacete do s\u00e9culo 17 onde funciona Embaixada do Brasil na It\u00e1lia. <\/p>\n\n\n\n<p>Jo\u00e3o Camargo define a Esfera repetidamente como um &#8220;<em>think tank<\/em> para pensar o Brasil&#8221; e repele a pecha de lobista. &#8220;A gente faz comunica\u00e7\u00e3o republicana&#8221;, explica. &#8220;Eu coloco voc\u00ea ou a pessoa associada que tem um interesse sendo ferido \u2013 seja por uma lei ou por uma carga tribut\u00e1ria excessiva \u2013 para conversar com a autoridade&#8221;.<\/p>\n\n\n\n<figure class=\"wp-block-image size-large\"><img loading=\"lazy\" decoding=\"async\" width=\"1024\" height=\"576\" src=\"https:\/\/media.investnews.com.br\/uploads\/2025\/05\/joao-camargo-persona-investnews-1-1024x576.webp\" alt=\"Jo\u00e3o Carmargo durante entrevista ao IN Persona, do InvestNews\" class=\"wp-image-676680\" srcset=\"https:\/\/media.investnews.com.br\/uploads\/2025\/05\/joao-camargo-persona-investnews-1-1024x576.webp 1024w, https:\/\/media.investnews.com.br\/uploads\/2025\/05\/joao-camargo-persona-investnews-1-300x169.webp 300w, https:\/\/media.investnews.com.br\/uploads\/2025\/05\/joao-camargo-persona-investnews-1-768x432.webp 768w, https:\/\/media.investnews.com.br\/uploads\/2025\/05\/joao-camargo-persona-investnews-1-1536x864.webp 1536w, https:\/\/media.investnews.com.br\/uploads\/2025\/05\/joao-camargo-persona-investnews-1-1256x707.webp 1256w, https:\/\/media.investnews.com.br\/uploads\/2025\/05\/joao-camargo-persona-investnews-1-172x97.webp 172w, https:\/\/media.investnews.com.br\/uploads\/2025\/05\/joao-camargo-persona-investnews-1-150x84.webp 150w, https:\/\/media.investnews.com.br\/uploads\/2025\/05\/joao-camargo-persona-investnews-1.webp 1920w\" sizes=\"auto, (max-width: 1024px) 100vw, 1024px\" \/><figcaption class=\"wp-element-caption\">Jo\u00e3o Carmargo durante entrevista ao IN Persona, do InvestNews<\/figcaption><\/figure>\n\n\n\n<p>O que diferencia uma coisa da outra? Para Camargo, o fato de que os associados da Esfera pagam valores fixos mensalmente para fazer parte do grupo, como num clube. N\u00e3o h\u00e1 remunera\u00e7\u00e3o &#8220;por \u00eaxito&#8221;, isto \u00e9, dinheiro pago por uma empresa ou setor quando suas demandas s\u00e3o atendidas. A atua\u00e7\u00e3o republicana da Esfera, argumenta o empres\u00e1rio, \u00e9 garantida por um r\u00edgido <em>compliance<\/em> que faz dela uma entidade aberta, cujos encontros s\u00e3o p\u00fablicos e receptivos \u00e0 imprensa.<\/p>\n\n\n\n<p>&#8220;Se n\u00e3o tiver [jornalista no evento da Esfera], minha assessoria distribui para a imprensa o que foi conversado&#8221;.<\/p>\n\n\n\n<h2 class=\"wp-block-heading\">Jo\u00e3o vs. Jo\u00e3o<\/h2>\n\n\n\n<p>A Esfera cresceu r\u00e1pido e ocupou um espa\u00e7o que at\u00e9 ent\u00e3o era do Lide, comandado por outro Jo\u00e3o, o Doria. \u00c0 semelhan\u00e7a de Camargo, Doria tamb\u00e9m \u00e9 filho de um ex-deputado federal, trabalhou na Prefeitura de S\u00e3o Paulo em seus 20 e poucos anos e depois foi trabalhar no governo federal \u2013 no caso de Doria, no mandato de Jos\u00e9 Sarney. <\/p>\n\n\n\n<p>Mas a ambi\u00e7\u00e3o pol\u00edtica Jo\u00e3o Doria afastou do Lide pol\u00edticos alinhados a Lula e a Bolsonaro, tirando da organiza\u00e7\u00e3o o apelo que teve no passado entre o grande empresariado e a classe pol\u00edtica.<\/p>\n\n\n<section class=\"recirculation-area\">\n    <div class=\"container\">\n                <p class=\"title\">Leia tamb\u00e9m: <\/p>\n     \n            <ul class=\"recirculation-list\" data-tracking-position=\"outros\">\n                            <li class=\"list-item\">\n                    <a \n                        href=\"https:\/\/investnews.com.br\/negocios\/braskem-brkm5-proposta-tanure-bancos-petrobras-petr4\/\" \n                        title=\"Tanure \u00e9 o &#8216;plot twist&#8217; da novela Braskem, mas  ser\u00e1 tamb\u00e9m o &#8216;grand finale&#8217;?\" \n                        class=\"item-title recirculation-link\"\n                        data-btn-name=\"Tanure \u00e9 o &#8216;plot twist&#8217; da novela Braskem, mas  ser\u00e1 tamb\u00e9m o &#8216;grand finale&#8217;?\"\n                        data-posicao=\"outros\"\n                        data-click-url=\"https:\/\/investnews.com.br\/negocios\/braskem-brkm5-proposta-tanure-bancos-petrobras-petr4\/\"\n                    >\n                        Tanure \u00e9 o &#8216;plot twist&#8217; da novela Braskem, mas  ser\u00e1 tamb\u00e9m o &#8216;grand finale&#8217;?                    <\/a>\n                <\/li>\n                            <li class=\"list-item\">\n                    <a \n                        href=\"https:\/\/investnews.com.br\/negocios\/o-deja-vu-dos-dubrule-a-persistenca-dos-fundadores-da-tokstok-em-reaver-o-negocio\/\" \n                        title=\"O d\u00e9j\u00e0-vu dos Dubrule: a persist\u00eanca dos fundadores da Tok&amp;Stok em reaver o neg\u00f3cio\" \n                        class=\"item-title recirculation-link\"\n                        data-btn-name=\"O d\u00e9j\u00e0-vu dos Dubrule: a persist\u00eanca dos fundadores da Tok&amp;Stok em reaver o neg\u00f3cio\"\n                        data-posicao=\"outros\"\n                        data-click-url=\"https:\/\/investnews.com.br\/negocios\/o-deja-vu-dos-dubrule-a-persistenca-dos-fundadores-da-tokstok-em-reaver-o-negocio\/\"\n                    >\n                        O d\u00e9j\u00e0-vu dos Dubrule: a persist\u00eanca dos fundadores da Tok&amp;Stok em reaver o neg\u00f3cio                    <\/a>\n                <\/li>\n                            <li class=\"list-item\">\n                    <a \n                        href=\"https:\/\/investnews.com.br\/negocios\/paga-denise-ou-seria-vende-denise-bet365-busca-socio-ou-ate-um-novo-dono\/\" \n                        title=\"A bilion\u00e1ria discreta por tr\u00e1s da bet365 avalia venda do imp\u00e9rio das apostas\" \n                        class=\"item-title recirculation-link\"\n                        data-btn-name=\"A bilion\u00e1ria discreta por tr\u00e1s da bet365 avalia venda do imp\u00e9rio das apostas\"\n                        data-posicao=\"outros\"\n                        data-click-url=\"https:\/\/investnews.com.br\/negocios\/paga-denise-ou-seria-vende-denise-bet365-busca-socio-ou-ate-um-novo-dono\/\"\n                    >\n                        A bilion\u00e1ria discreta por tr\u00e1s da bet365 avalia venda do imp\u00e9rio das apostas                    <\/a>\n                <\/li>\n                    <\/ul>\n    <\/div><\/section>\n\n\n\n<p>Jo\u00e3o Camargo aproveitou a oportunidade. Sua atua\u00e7\u00e3o como articulador entre os interesses do grande empresariado e da elite pol\u00edtica em Bras\u00edlia fortaleceu-se com a elei\u00e7\u00e3o de Arthur Lira (PP-AL) para a presid\u00eancia da C\u00e2mara dos Deputados, no come\u00e7o de 2021, que sucedeu Rodrigo Maia (DEM-RJ), pol\u00edtico com quem Camargo mantinha proximidade.<\/p>\n\n\n\n<p>Antes de trabalhar abertamente pela elei\u00e7\u00e3o de Lira, Camargo consultou Rodrigo Maia, que defendia a candidatura de outro parlamentar para a presid\u00eancia da Casa, Baleia Rossi (MDB-SP). &#8220;Mas voc\u00ea n\u00e3o \u00e9 deputado, voc\u00ea n\u00e3o vota&#8221;, teria dito Maia.<\/p>\n\n\n\n<p>&#8220;Ent\u00e3o fui levando o Arthur de um a um na Faria Lima&#8221;, diz Camargo, ostentando sua polpuda agenda de contatos na elite econ\u00f4mica do pa\u00eds: Luiz Carlos Trabuco, presidente do conselho de administra\u00e7\u00e3o do <strong>Bradesco<\/strong>, Andr\u00e9 Esteves, fundador e s\u00f3cio do <strong>BTG Pactual<\/strong>, Milton Maluhy Filho, CEO do <strong>Ita\u00fa Unibanco<\/strong> e Rubens Ometto, <em>chairman<\/em> da <strong>Ra\u00edzen<\/strong>, foram alguns dos que apertaram a m\u00e3o do deputado alagoano. <\/p>\n\n\n\n<p>&#8220;E o pessoal gostou da conversa do Arthur&#8221;, diz Camargo. Lira foi eleito com 302 dos 513 votos em disputa, mais que o dobro do candidato apoiado por Maia. &#8220;Apesar de a Faria Lima n\u00e3o ter voto, ela tem uma relev\u00e2ncia gigantesca na C\u00e2mara e no Senado&#8221;.<\/p>\n\n\n\n<figure class=\"wp-block-image size-large\"><img loading=\"lazy\" decoding=\"async\" width=\"1024\" height=\"575\" src=\"https:\/\/media.investnews.com.br\/uploads\/2025\/05\/joao-camargo-persona-investnews-3-1024x575.webp\" alt=\"Jo\u00e3o Carmargo durante entrevista ao IN Persona, do InvestNews\" class=\"wp-image-676682\" srcset=\"https:\/\/media.investnews.com.br\/uploads\/2025\/05\/joao-camargo-persona-investnews-3-1024x575.webp 1024w, https:\/\/media.investnews.com.br\/uploads\/2025\/05\/joao-camargo-persona-investnews-3-300x169.webp 300w, https:\/\/media.investnews.com.br\/uploads\/2025\/05\/joao-camargo-persona-investnews-3-768x432.webp 768w, https:\/\/media.investnews.com.br\/uploads\/2025\/05\/joao-camargo-persona-investnews-3-1536x863.webp 1536w, https:\/\/media.investnews.com.br\/uploads\/2025\/05\/joao-camargo-persona-investnews-3-1256x706.webp 1256w, https:\/\/media.investnews.com.br\/uploads\/2025\/05\/joao-camargo-persona-investnews-3-172x97.webp 172w, https:\/\/media.investnews.com.br\/uploads\/2025\/05\/joao-camargo-persona-investnews-3-150x84.webp 150w, https:\/\/media.investnews.com.br\/uploads\/2025\/05\/joao-camargo-persona-investnews-3.webp 1920w\" sizes=\"auto, (max-width: 1024px) 100vw, 1024px\" \/><figcaption class=\"wp-element-caption\">Empres\u00e1rio conta sobre o surgimento do Esfera Brasil e da rela\u00e7\u00e3o entre pol\u00edtica e PIB<\/figcaption><\/figure>\n\n\n\n<p>Jo\u00e3o Camargo desempenha com satisfa\u00e7\u00e3o o papel de representante dos interesses do PIB junto ao poder p\u00fablico \u2013 e provoca a &#8220;concorr\u00eancia&#8221;. Argumenta que os s\u00f3cios da Esfera e do Lide s\u00e3o animais diferentes.<\/p>\n\n\n\n<p>H\u00e1 os que querem se associar para fazer neg\u00f3cios, encontrar clientes, oferecer servi\u00e7os \u2013 tipo que Camargo define como &#8220;carn\u00edvoros&#8221;. E h\u00e1 os &#8220;herb\u00edvoros&#8221;, que s\u00e3o os maiores empres\u00e1rios do Brasil. O PIB. Estes &#8220;t\u00eam muito pouco tempo para conversa e odeiam a presen\u00e7a dos carn\u00edvoros&#8221;.<\/p>\n\n\n\n<p>&#8220;Os herb\u00edvoros sa\u00edram do Lide e foram para a Esfera&#8221;, diz Camargo. &#8220;Na Esfera eu tenho farmac\u00eautica, petroleira, varejista, agro, banco digital, de varejo e de investimento. Se o ministro vai na Esfera, conversa com todos de uma vez&#8221;, se orgulha.<\/p>\n\n\n\n<p>&#8220;E deu certo. Bras\u00edlia adora.&#8221;<\/p>\n\n\n\n<p>Hoje, o contato do Jo\u00e3o da Esfera circula mais que o do Jo\u00e3o do Lide. Teria Doria &#8220;dado um block&#8221; em Camargo no WhatsApp? &#8220;N\u00e3o sei\u2026preciso testar&#8221;, ri.<\/p>\n\n\n\n<h2 class=\"wp-block-heading\">M\u00eddia e poder<\/h2>\n\n\n\n<p>No fim de 2022, Camargo passou o cargo de CEO da Esfera para sua filha: Camila Funaro Camargo tornou-se presidente da organiza\u00e7\u00e3o e ele assumiu o cargo de <em>chairman<\/em> da <strong>CNN Brasil<\/strong>. O empres\u00e1rio \u00e9 dono de 30% da emissora \u2013 os outros 70% s\u00e3o de Rubens Menin, fundador da <strong>MRV <\/strong>e do <strong>Banco Inter<\/strong>. \u00c0 frente da CNN, Camargo promoveu uma virada hist\u00f3rica na empresa de m\u00eddia, que incluiu a demiss\u00e3o de mais de 500 funcion\u00e1rios, o fechamento da sede da emissora no Rio de Janeiro e uma mudan\u00e7a dr\u00e1stica na linha editorial.<\/p>\n\n\n\n<p>Camargo mandou reduzir ao m\u00e1ximo a veicula\u00e7\u00e3o do que classifica como &#8220;not\u00edcias ruins&#8221; e cortar totalmente a adjetiva\u00e7\u00e3o, o que teria rendido a dispensa de mais duas d\u00fazias de funcion\u00e1rios de alto escal\u00e3o, que n\u00e3o se adequaram \u00e0s novas regras. <\/p>\n\n\n\n<p>As medidas \u2013 e os contatos de Camargo junto aos anunciantes \u2013 colocaram a CNN no azul, o que n\u00e3o tinha acontecido at\u00e9 sua chegada. Nos seus quatro primeiros anos, a CNN Brasil registrou preju\u00edzo \u2013 a empresa n\u00e3o divulga publicamente seus resultados financeiros<\/p>\n\n\n\n<p>&#8220;Eu acho que tem duas TVs no azul hoje: a Globo aberta e a CNN fechada. Posso garantir pra voc\u00ea que, de resto, ningu\u00e9m est\u00e1 ganhando dinheiro.&#8221;<\/p>\n\n\n\n<p>Chef\u00e3o na Esfera e na CNN, Jo\u00e3o diz que as duas empresas atuam separadamente. &#8220;H\u00e1 conflu\u00eancias poss\u00edveis, mas eu evito, sabe?&#8221;, afirma. &#8220;Prefiro ter dois filhos completamente independentes.&#8221; <\/p>\n\n\n\n<p>Investimentos em m\u00eddia s\u00e3o lugar-comum para Camargo \u2013 e trata-se de um imp\u00e9rio em expans\u00e3o. Dois dias depois da entrevista ao <strong>InvestNews<\/strong>, a Esfera Brasil adquiriu uma fatia da <strong>Ag\u00eancia Infra<\/strong>, ve\u00edculo especializado no setor de infraestrutura. <\/p>\n\n\n\n<p>Meses antes, ele e os irm\u00e3os compraram a rede de r\u00e1dios <strong>Transam\u00e9rica<\/strong>, que se juntou ao extenso portf\u00f3lio de r\u00e1dios da fam\u00edlia Camargo. Entre participa\u00e7\u00f5es e empresas controladas, o patrim\u00f4nio inclui tamb\u00e9m <strong>Alpha FM<\/strong>, <strong>R\u00e1dio Disney<\/strong>, <strong>89 FM<\/strong>, <strong>BandNews FM<\/strong>, <strong>Nativa FM<\/strong> e a <strong>Band FM<\/strong>. <\/p>\n\n\n\n<p>A gestora 89 Investimentos administra os bens da fam\u00edlia \u2013 l\u00e1, quem est\u00e1 no comando \u00e9 Jo\u00e3o Pedro Funaro Camargo, outro filho de Jo\u00e3o Camargo. Al\u00e9m das empresas de m\u00eddia, a 89 tamb\u00e9m investe no setor imobili\u00e1rio, incluindo edif\u00edcios residenciais e galp\u00f5es log\u00edsticos.<\/p>\n\n\n\n<h2 class=\"wp-block-heading\">Jo\u00e3o Maravilha<\/h2>\n\n\n\n<p>Quem n\u00e3o gosta de Jo\u00e3o Camargo?<\/p>\n\n\n\n<p>\u201cTalvez quem n\u00e3o me conhe\u00e7a\u201d, diz Jo\u00e3o Camargo, com um sorriso que mistura vaidade e diplomacia. Ele se define como um homem moderado, comedido \u2014 e credita a essa postura o respeito que recebe tanto de ministros quanto de empres\u00e1rios. \u201cA Esfera n\u00e3o \u00e9 um instrumento de cobran\u00e7a do governo. \u00c9 um instrumento de di\u00e1logo\u201d, insiste.<\/p>\n\n\n\n<p>Na pr\u00e1tica, isso significa estar presente nas decis\u00f5es sem bater na mesa. Circular com desenvoltura por Bras\u00edlia, pela Faria Lima e pelas reda\u00e7\u00f5es. Ser ouvido \u2014 e, muitas vezes, atendido \u2014 sem nunca levantar a voz.<\/p>\n\n\n\n<p>Entre sorrisos e bastidores, a maior habilidade \u00e9 justamente n\u00e3o desagradar ningu\u00e9m a ponto de ser deixado de fora da pr\u00f3xima reuni\u00e3o.<\/p>\n\n\n\n<p>&#8220;O ego do CEO \u00e9 pr\u00f3ximo a zero, mas o ego do <em>founder<\/em>&#8230; O <em>founder<\/em> n\u00e3o &#8216;passa recibo&#8217; na hora, mas te p\u00f5e na geladeira por seis meses&#8221;, desabafa. Para evitar constrangimentos, Jo\u00e3o Camargo analisa cuidadosamente a lista de convidados de seus eventos e escolhe a dedo quem vai sentar em qual mesa \u2013 trabalho ao qual se dedicaria assim que findasse a entrevista ao <strong>InvestNews<\/strong>.<\/p>\n\n\n\n<p>A ocasi\u00e3o seria um jantar em homenagem a Fabricio Bloisi, brasileiro que \u00e9 CEO da <strong>Prosus<\/strong>, controladora do <strong>iFood<\/strong>, e escolhido &#8220;<em>Person of the Year<\/em>&#8221; pela C\u00e2mara de Com\u00e9rcio Brasil-Estados Unidos neste ano.<\/p>\n\n\n\n<p>&#8220;Fechei o restaurante Fasano em Nova York, mas cabem 160 pessoas e tenho uma lista de umas 250. Preciso definir quem senta com quem e como dizer para outras 80 pessoas que eu n\u00e3o eu tenho espa\u00e7o [para elas]. \u00c9 dif\u00edcil&#8221;, lamenta.  <\/p>\n","protected":false},"excerpt":{"rendered":"<p>L\u00edder da Esfera e da CNN, ele ocupa o lugar que j\u00e1 foi de Doria na ponte entre pol\u00edticos e o PIB. \u201cBras\u00edlia adora\u201d<\/p>\n","protected":false},"author":104,"featured_media":676682,"comment_status":"closed","ping_status":"closed","sticky":false,"template":"post-template-special.php","format":"standard","meta":{"_acf_changed":false,"inline_featured_image":false,"footnotes":""},"categories":[6],"tags":[],"autor-wsj":[],"coauthors":[102045],"class_list":["post-670561","post","type-post","status-publish","format-standard","has-post-thumbnail","hentry","category-negocios"],"acf":[],"amp_enabled":true,"_links":{"self":[{"href":"https:\/\/investnews.com.br\/inv-api\/wp\/v2\/posts\/670561","targetHints":{"allow":["GET"]}}],"collection":[{"href":"https:\/\/investnews.com.br\/inv-api\/wp\/v2\/posts"}],"about":[{"href":"https:\/\/investnews.com.br\/inv-api\/wp\/v2\/types\/post"}],"author":[{"embeddable":true,"href":"https:\/\/investnews.com.br\/inv-api\/wp\/v2\/users\/104"}],"replies":[{"embeddable":true,"href":"https:\/\/investnews.com.br\/inv-api\/wp\/v2\/comments?post=670561"}],"version-history":[{"count":40,"href":"https:\/\/investnews.com.br\/inv-api\/wp\/v2\/posts\/670561\/revisions"}],"predecessor-version":[{"id":677837,"href":"https:\/\/investnews.com.br\/inv-api\/wp\/v2\/posts\/670561\/revisions\/677837"}],"wp:featuredmedia":[{"embeddable":true,"href":"https:\/\/investnews.com.br\/inv-api\/wp\/v2\/media\/676682"}],"wp:attachment":[{"href":"https:\/\/investnews.com.br\/inv-api\/wp\/v2\/media?parent=670561"}],"wp:term":[{"taxonomy":"category","embeddable":true,"href":"https:\/\/investnews.com.br\/inv-api\/wp\/v2\/categories?post=670561"},{"taxonomy":"post_tag","embeddable":true,"href":"https:\/\/investnews.com.br\/inv-api\/wp\/v2\/tags?post=670561"},{"taxonomy":"autor-wsj","embeddable":true,"href":"https:\/\/investnews.com.br\/inv-api\/wp\/v2\/autor-wsj?post=670561"},{"taxonomy":"author","embeddable":true,"href":"https:\/\/investnews.com.br\/inv-api\/wp\/v2\/coauthors?post=670561"}],"curies":[{"name":"wp","href":"https:\/\/api.w.org\/{rel}","templated":true}]}}