{"id":671145,"date":"2025-05-07T18:38:59","date_gmt":"2025-05-07T21:38:59","guid":{"rendered":"https:\/\/investnews.com.br\/?p=671145"},"modified":"2025-05-07T19:50:02","modified_gmt":"2025-05-07T22:50:02","slug":"copom-eleva-selic-em-meio-ponto-para-1475-a-sexta-alta-consecutiva","status":"publish","type":"post","link":"https:\/\/investnews.com.br\/economia\/copom-eleva-selic-em-meio-ponto-para-1475-a-sexta-alta-consecutiva\/","title":{"rendered":"Copom eleva Selic em meio ponto para 14,75%, o maior patamar desde 2006"},"content":{"rendered":"\n<p>Na <a href=\"https:\/\/investnews.com.br\/economia\/copom-eleva-selic-em-um-ponto-para-1425\/\">sexta alta consecutiva<\/a>, o Banco Central decidiu nesta quarta-feira (7) elevar a <strong><a href=\"https:\/\/investnews.com.br\/guias\/taxa-selic\/\">taxa Selic<\/a><\/strong> em 0,5 ponto percentual, para <strong>14,75%<\/strong>.<\/p>\n\n\n\n<div class=\"flourish-embed flourish-chart\" data-src=\"visualisation\/23058861?1266799\"><script src=\"https:\/\/public.flourish.studio\/resources\/embed.js\"><\/script><noscript><img decoding=\"async\" src=\"https:\/\/public.flourish.studio\/visualisation\/23058861\/thumbnail\" width=\"100%\" alt=\"chart visualization\" \/><\/noscript><\/div>\n\n\n\n<p>A decis\u00e3o foi un\u00e2nime e seguiu as expectativas e \u00e0 indica\u00e7\u00e3o, na reuni\u00e3o passada, de mar\u00e7o, de que o ciclo de alta ainda n\u00e3o tinha acabado. Esse \u00e9 o patamar mais alto desde 2006.<\/p>\n\n\n\n<p>Em nota, o Comit\u00ea de Pol\u00edtica Monet\u00e1ria (<a href=\"https:\/\/investnews.com.br\/guias\/copom-taxa-selic\/\">Copom<\/a>) disse que a medida &#8220;implica suaviza\u00e7\u00e3o das flutua\u00e7\u00f5es do n\u00edvel de atividade econ\u00f4mica e fomento do pleno emprego&#8221;.<\/p>\n\n\n\n<p>O Copom listou as incertezas sobre a economia global, o efeito heterog\u00eaneo no cen\u00e1rio inflacion\u00e1rio entre os pa\u00edses e como isso afeta o comportamento e a <a href=\"https:\/\/investnews.com.br\/guias\/volatilidade-o-que-e\/\">volatilidade<\/a> de diferentes classes de ativos, &#8220;com fortes reflexos nas condi\u00e7\u00f5es financeiras globais&#8221;. O comit\u00ea tamb\u00e9m citou &#8220;os desenvolvimentos da pol\u00edtica comercial norte-americana&#8221;, al\u00e9m da pol\u00edtica fiscal dom\u00e9stica, como fatores impactando &#8220;os pre\u00e7os de ativos e as expectativas dos agentes&#8221;.<\/p>\n\n\n<section class=\"recirculation-area\">\n    <div class=\"container\">\n                <p class=\"title\">Leia mais<\/p>\n     \n            <ul class=\"recirculation-list\" data-tracking-position=\"Leia mais\">\n                            <li class=\"list-item\">\n                    <a \n                        href=\"https:\/\/investnews.com.br\/economia\/economia-global-ja-sente-impacto-das-tarifas-de-trump\/\" \n                        title=\"Economia global j\u00e1 sente impacto das tarifas de Trump\" \n                        class=\"item-title recirculation-link\"\n                        data-btn-name=\"Economia global j\u00e1 sente impacto das tarifas de Trump\"\n                        data-posicao=\"Leia mais\"\n                        data-click-url=\"https:\/\/investnews.com.br\/economia\/economia-global-ja-sente-impacto-das-tarifas-de-trump\/\"\n                    >\n                        Economia global j\u00e1 sente impacto das tarifas de Trump                    <\/a>\n                <\/li>\n                    <\/ul>\n    <\/div><\/section>\n\n\n\n<p>De acordo com a nota, &#8220;tal cen\u00e1rio segue exigindo cautela por parte de pa\u00edses emergentes em ambiente de maior tens\u00e3o geopol\u00edtica&#8221;.<\/p>\n\n\n\n<p>A pr\u00f3xima reuni\u00e3o do Copom est\u00e1 agendada para junho. Embora o comunicado do BC n\u00e3o tenha indicado claramente se o ciclo de alta ser\u00e1 mantido, ele alerta que o cen\u00e1rio &#8220;demanda cautela adicional na atua\u00e7\u00e3o da pol\u00edtica monet\u00e1ria e flexibilidade para incorporar os dados que impactem a din\u00e2mica de infla\u00e7\u00e3o&#8221;.<\/p>\n","protected":false},"excerpt":{"rendered":"<p>Foi a sexta alta consecutiva da taxa de juros, e Copom prega cautela para a pr\u00f3xima reuni\u00e3o, em junho<\/p>\n","protected":false},"author":7,"featured_media":600539,"comment_status":"closed","ping_status":"closed","sticky":false,"template":"","format":"standard","meta":{"_acf_changed":false,"inline_featured_image":false,"footnotes":""},"categories":[5],"tags":[51],"autor-wsj":[],"coauthors":[1494],"class_list":["post-671145","post","type-post","status-publish","format-standard","has-post-thumbnail","hentry","category-economia","tag-selic"],"acf":[],"amp_enabled":true,"_links":{"self":[{"href":"https:\/\/investnews.com.br\/inv-api\/wp\/v2\/posts\/671145","targetHints":{"allow":["GET"]}}],"collection":[{"href":"https:\/\/investnews.com.br\/inv-api\/wp\/v2\/posts"}],"about":[{"href":"https:\/\/investnews.com.br\/inv-api\/wp\/v2\/types\/post"}],"author":[{"embeddable":true,"href":"https:\/\/investnews.com.br\/inv-api\/wp\/v2\/users\/7"}],"replies":[{"embeddable":true,"href":"https:\/\/investnews.com.br\/inv-api\/wp\/v2\/comments?post=671145"}],"version-history":[{"count":14,"href":"https:\/\/investnews.com.br\/inv-api\/wp\/v2\/posts\/671145\/revisions"}],"predecessor-version":[{"id":671193,"href":"https:\/\/investnews.com.br\/inv-api\/wp\/v2\/posts\/671145\/revisions\/671193"}],"wp:featuredmedia":[{"embeddable":true,"href":"https:\/\/investnews.com.br\/inv-api\/wp\/v2\/media\/600539"}],"wp:attachment":[{"href":"https:\/\/investnews.com.br\/inv-api\/wp\/v2\/media?parent=671145"}],"wp:term":[{"taxonomy":"category","embeddable":true,"href":"https:\/\/investnews.com.br\/inv-api\/wp\/v2\/categories?post=671145"},{"taxonomy":"post_tag","embeddable":true,"href":"https:\/\/investnews.com.br\/inv-api\/wp\/v2\/tags?post=671145"},{"taxonomy":"autor-wsj","embeddable":true,"href":"https:\/\/investnews.com.br\/inv-api\/wp\/v2\/autor-wsj?post=671145"},{"taxonomy":"author","embeddable":true,"href":"https:\/\/investnews.com.br\/inv-api\/wp\/v2\/coauthors?post=671145"}],"curies":[{"name":"wp","href":"https:\/\/api.w.org\/{rel}","templated":true}]}}