{"id":671355,"date":"2025-05-08T12:26:02","date_gmt":"2025-05-08T15:26:02","guid":{"rendered":"https:\/\/investnews.com.br\/?p=671355"},"modified":"2025-05-08T12:26:03","modified_gmt":"2025-05-08T15:26:03","slug":"trump-anuncia-acordo-comercial-com-reino-unido-e-anima-mercados-internacionais","status":"publish","type":"post","link":"https:\/\/investnews.com.br\/the-wall-street-journal\/trump-anuncia-acordo-comercial-com-reino-unido-e-anima-mercados-internacionais\/","title":{"rendered":"Trump anuncia acordo comercial com Reino Unido e anima mercados internacionais"},"content":{"rendered":"\n<p>As a\u00e7\u00f5es norte-americanas subiram nesta quinta-feira (8) ap\u00f3s o presidente <a href=\"https:\/\/investnews.com.br\/economia\/economia-global-ja-sente-impacto-das-tarifas-de-trump\/\" data-type=\"post\" data-id=\"670423\">Donald Trump<\/a> anunciar, direto do Sal\u00e3o Oval, o que chamou de um acordo comercial \u201ccompleto e abrangente\u201d com o Reino Unido.<\/p>\n\n\n\n<p>Segundo Trump, o pacto vai integrar o Reino Unido \u00e0 \u201cprote\u00e7\u00e3o de seguran\u00e7a\u201d dos EUA. O presidente destacou <strong>benef\u00edcios m\u00fatuos<\/strong> para os dois pa\u00edses e afirmou que novas rodadas de discuss\u00f5es comerciais devem acontecer nos pr\u00f3ximos dias.<\/p>\n\n\n\n<p>\u201cIsso abre um mercado tremendo para n\u00f3s\u201d, disse o presidente.<\/p>\n\n\n\n<p>Trump agradeceu ao primeiro-ministro brit\u00e2nico, Keir Starmer, que discursou ap\u00f3s sua fala. Starmer chamou o acordo de <strong>\u201cum verdadeiro tributo \u00e0 hist\u00f3ria\u201d<\/strong> de coopera\u00e7\u00e3o entre as duas na\u00e7\u00f5es e lembrou que, h\u00e1 exatos 80 anos, Winston Churchill anunciou a vit\u00f3ria dos Aliados na Europa.<\/p>\n\n\n\n<blockquote class=\"wp-block-quote is-layout-flow wp-block-quote-is-layout-flow\">\n<p>\u201cO acordo de hoje \u00e9 realmente hist\u00f3rico\u201d, afirmou o premi\u00ea brit\u00e2nico.<\/p>\n\n\n<section class=\"recirculation-area\">\n    <div class=\"container\">\n                <p class=\"title\">Leia mais<\/p>\n     \n            <ul class=\"recirculation-list\" data-tracking-position=\"Leia mais\">\n                            <li class=\"list-item\">\n                    <a \n                        href=\"https:\/\/investnews.com.br\/the-wall-street-journal\/tarifa-nao-e-uma-palavra-bonita-os-ceos-que-perderam-o-medo-e-estao-criticando-donald-trump\/\" \n                        title=\"&#8216;Tarifa n\u00e3o \u00e9 uma palavra bonita&#8217;: os CEOs que perderam o medo e est\u00e3o criticando Donald Trump\" \n                        class=\"item-title recirculation-link\"\n                        data-btn-name=\"&#8216;Tarifa n\u00e3o \u00e9 uma palavra bonita&#8217;: os CEOs que perderam o medo e est\u00e3o criticando Donald Trump\"\n                        data-posicao=\"Leia mais\"\n                        data-click-url=\"https:\/\/investnews.com.br\/the-wall-street-journal\/tarifa-nao-e-uma-palavra-bonita-os-ceos-que-perderam-o-medo-e-estao-criticando-donald-trump\/\"\n                    >\n                        &#8216;Tarifa n\u00e3o \u00e9 uma palavra bonita&#8217;: os CEOs que perderam o medo e est\u00e3o criticando Donald Trump                    <\/a>\n                <\/li>\n                    <\/ul>\n    <\/div><\/section>\n\n\n\n<h2 class=\"wp-block-heading\">Novos mercados<\/h2>\n<\/blockquote>\n\n\n\n<p>Trump destacou que o Reino Unido <strong>ir\u00e1 acelerar o processo alfandeg\u00e1rio para produtos norte-americanos<\/strong>, prometendo que \u201cn\u00e3o haver\u00e1 burocracia\u201d. Ele acrescentou que ainda h\u00e1 detalhes a serem definidos nas pr\u00f3ximas semanas, mas classificou o acordo como \u201cmuito bom para ambos os pa\u00edses\u201d.<\/p>\n\n\n\n<p>O secret\u00e1rio de Com\u00e9rcio dos EUA, Howard Lutnick, afirmou que o tratado vai abrir novos mercados para exportadores americanos, especialmente nos setores de <strong>etanol e carne bovina<\/strong>, o que pode gerar bilh\u00f5es de d\u00f3lares em receita. Segundo ele, produtores de a\u00e7o de ambos os pa\u00edses tamb\u00e9m devem se beneficiar.<\/p>\n\n\n\n<blockquote class=\"wp-block-quote is-layout-flow wp-block-quote-is-layout-flow\">\n<p>\u201cO Reino Unido quer fazer isso com a Am\u00e9rica para salvar milhares de empregos nos setores de a\u00e7o e alum\u00ednio\u201d, afirmou Lutnick. \u201cVoc\u00eas podem trabalhar conosco.\u201d<\/p>\n\n\n\n<h2 class=\"wp-block-heading\">Primeiro acordo comercial<\/h2>\n<\/blockquote>\n\n\n\n<p>Este \u00e9 o primeiro acordo comercial do tipo desde que o governo imp\u00f4s tarifas h\u00e1 cinco semanas. Autoridades brit\u00e2nicas alertaram, no entanto, que o pacto <strong>n\u00e3o \u00e9 um acordo comercial pleno<\/strong> e que alguns pontos ainda precisam ser finalizados.<\/p>\n\n\n\n<p>O an\u00fancio de Trump foi feito tamb\u00e9m em sua rede social, a Truth Social, e impulsionou o humor dos mercados. A not\u00edcia renovou esperan\u00e7as de que o regime tarif\u00e1rio r\u00edgido prometido por Trump em abril n\u00e3o se concretize integralmente.<\/p>\n\n\n\n<h2 class=\"wp-block-heading\">Rea\u00e7\u00e3o do mercado<\/h2>\n\n\n\n<p>O \u00edndice <strong>S&amp;P 500<\/strong> j\u00e1 havia subido em <strong>10 dos \u00faltimos 12 preg\u00f5es<\/strong>, e registrava alta de 0,2% ao meio-dia (hor\u00e1rio local) desta quinta, ap\u00f3s ter avan\u00e7ado o dobro disso mais cedo.<\/p>\n\n\n\n<p>Atualmente, o Reino Unido est\u00e1 sujeito a uma <strong>tarifa b\u00e1sica de 10%<\/strong>, al\u00e9m de <strong>tarifas de 25% sobre a\u00e7o e autom\u00f3veis<\/strong>. Mesmo como um acordo preliminar, os detalhes podem indicar <strong>se a Casa Branca est\u00e1 disposta a flexibilizar as tarifas de base<\/strong> nas negocia\u00e7\u00f5es.<\/p>\n\n\n\n<h2 class=\"wp-block-heading\">Bessent na China<\/h2>\n\n\n\n<p>Enquanto isso, o <a href=\"https:\/\/investnews.com.br\/economia\/quem-e-o-que-pensa-scott-bessent-secretario-do-tesouro-anunciado-por-trump\/\" data-type=\"post\" data-id=\"632682\">secret\u00e1rio do Tesouro, Scott Bessent<\/a>, viaja para se encontrar com o principal representante econ\u00f4mico da China, com o objetivo de destravar <strong>novas conversas comerciais com a segunda maior economia do mundo<\/strong>.<\/p>\n\n\n\n<p>Autoridades tamb\u00e9m confirmaram negocia\u00e7\u00f5es com <strong>\u00cdndia e Jap\u00e3o<\/strong>, e Trump tem viagem marcada ao Oriente M\u00e9dio na pr\u00f3xima semana.<\/p>\n\n\n\n<figure class=\"wp-block-embed is-type-video is-provider-youtube wp-block-embed-youtube wp-embed-aspect-16-9 wp-has-aspect-ratio\"><div class=\"wp-block-embed__wrapper\">\n<iframe loading=\"lazy\" title=\"Trump quer as f\u00e1bricas de volta. Mas n\u00e3o \u00e9 t\u00e3o simples assim\" width=\"500\" height=\"281\" src=\"https:\/\/www.youtube.com\/embed\/DzPSxkuiTeo?start=12&#038;feature=oembed\" frameborder=\"0\" allow=\"accelerometer; autoplay; clipboard-write; encrypted-media; gyroscope; picture-in-picture; web-share\" referrerpolicy=\"strict-origin-when-cross-origin\" allowfullscreen><\/iframe>\n<\/div><\/figure>\n\n\n\n<h2 class=\"wp-block-heading\">Europa ameniza tarifas dos EUA<\/h2>\n\n\n\n<p>Na Europa, a <strong>Uni\u00e3o Europeia amea\u00e7ou impor tarifas sobre mais de US$ 100 bilh\u00f5es em produtos americanos<\/strong>, incluindo carros e avi\u00f5es, caso as negocia\u00e7\u00f5es comerciais fracassem.<\/p>\n\n\n\n<p>No front monet\u00e1rio, o <strong>Banco da Inglaterra cortou os juros<\/strong>, indo na dire\u00e7\u00e3o oposta ao Federal Reserve (Fed) dos EUA.<\/p>\n\n\n\n<p>A autoridade monet\u00e1ria brit\u00e2nica afirmou que vai \u201cse manter sens\u00edvel \u00e0 imprevisibilidade elevada do ambiente econ\u00f4mico\u201d. J\u00e1 o Fed alertou na quarta-feira que as tarifas aumentam os riscos de infla\u00e7\u00e3o e desemprego.<\/p>\n\n\n\n<h2 class=\"wp-block-heading\">Impacto nas montadoras<\/h2>\n\n\n\n<p>Na ind\u00fastria automobil\u00edstica, a japonesa <strong>Toyota<\/strong> afirmou que as tarifas devem gerar <strong>um impacto de US$ 1,2 bilh\u00e3o em apenas dois meses<\/strong>. A norte-americana <strong>Ford<\/strong>, que <strong>retirou sua previs\u00e3o de resultados nesta semana<\/strong>, elevou os pre\u00e7os de <strong>tr\u00eas ve\u00edculos populares<\/strong> na quarta-feira.<\/p>\n","protected":false},"excerpt":{"rendered":"<p>Investidores recebem bem os sinais de al\u00edvio nas tens\u00f5es tarif\u00e1rias, com conversas entre EUA e China previstas para breve<\/p>\n","protected":false},"author":118,"featured_media":664390,"comment_status":"closed","ping_status":"closed","sticky":false,"template":"","format":"standard","meta":{"_acf_changed":false,"inline_featured_image":false,"footnotes":""},"categories":[103073],"tags":[79],"autor-wsj":[103792],"coauthors":[102488],"class_list":["post-671355","post","type-post","status-publish","format-standard","has-post-thumbnail","hentry","category-the-wall-street-journal","tag-donald-trump","autor-wsj-the-wall-street-journal"],"acf":[],"amp_enabled":true,"_links":{"self":[{"href":"https:\/\/investnews.com.br\/inv-api\/wp\/v2\/posts\/671355","targetHints":{"allow":["GET"]}}],"collection":[{"href":"https:\/\/investnews.com.br\/inv-api\/wp\/v2\/posts"}],"about":[{"href":"https:\/\/investnews.com.br\/inv-api\/wp\/v2\/types\/post"}],"author":[{"embeddable":true,"href":"https:\/\/investnews.com.br\/inv-api\/wp\/v2\/users\/118"}],"replies":[{"embeddable":true,"href":"https:\/\/investnews.com.br\/inv-api\/wp\/v2\/comments?post=671355"}],"version-history":[{"count":9,"href":"https:\/\/investnews.com.br\/inv-api\/wp\/v2\/posts\/671355\/revisions"}],"predecessor-version":[{"id":671382,"href":"https:\/\/investnews.com.br\/inv-api\/wp\/v2\/posts\/671355\/revisions\/671382"}],"wp:featuredmedia":[{"embeddable":true,"href":"https:\/\/investnews.com.br\/inv-api\/wp\/v2\/media\/664390"}],"wp:attachment":[{"href":"https:\/\/investnews.com.br\/inv-api\/wp\/v2\/media?parent=671355"}],"wp:term":[{"taxonomy":"category","embeddable":true,"href":"https:\/\/investnews.com.br\/inv-api\/wp\/v2\/categories?post=671355"},{"taxonomy":"post_tag","embeddable":true,"href":"https:\/\/investnews.com.br\/inv-api\/wp\/v2\/tags?post=671355"},{"taxonomy":"autor-wsj","embeddable":true,"href":"https:\/\/investnews.com.br\/inv-api\/wp\/v2\/autor-wsj?post=671355"},{"taxonomy":"author","embeddable":true,"href":"https:\/\/investnews.com.br\/inv-api\/wp\/v2\/coauthors?post=671355"}],"curies":[{"name":"wp","href":"https:\/\/api.w.org\/{rel}","templated":true}]}}