{"id":671675,"date":"2025-05-09T18:37:16","date_gmt":"2025-05-09T21:37:16","guid":{"rendered":"https:\/\/investnews.com.br\/?p=671675"},"modified":"2025-05-09T18:37:18","modified_gmt":"2025-05-09T21:37:18","slug":"802-em-12-meses-preco-do-cafe-moido-tem-maior-alta-desde-o-inicio-do-plano-real","status":"publish","type":"post","link":"https:\/\/investnews.com.br\/economia\/802-em-12-meses-preco-do-cafe-moido-tem-maior-alta-desde-o-inicio-do-plano-real\/","title":{"rendered":"80,2% em 12 meses: pre\u00e7o do caf\u00e9 mo\u00eddo tem maior alta desde o in\u00edcio do Plano Real"},"content":{"rendered":"\n<p>O caf\u00e9 mo\u00eddo acumulou infla\u00e7\u00e3o de 80,2% nos 12 meses encerrados em abril, informou o Instituto Brasileiro de Geografia e Estat\u00edstica (IBGE) nesta sexta-feira (9), ao divulgar os dados do <a href=\"https:\/\/investnews.com.br\/guias\/o-que-e-ipca\/\">IPCA<\/a>.<\/p>\n\n\n\n<p>Segundo o IBGE, essa \u00e9 a maior varia\u00e7\u00e3o acumulada em um per\u00edodo de 12 meses desde o in\u00edcio do Plano Real, em julho de 1994.<\/p>\n\n\n\n<p>O instituto informou que, considerando o per\u00edodo de junho de 1994 a maio de 1995, o aumento acumulado do pre\u00e7o do caf\u00e9 mo\u00eddo chegou a 85,50%, mas esse c\u00e1lculo engloba o \u00faltimo m\u00eas antes da vig\u00eancia do real.<\/p>\n\n\n<section class=\"recirculation-area\">\n    <div class=\"container\">\n                <p class=\"title\">Leia mais<\/p>\n     \n            <ul class=\"recirculation-list\" data-tracking-position=\"Leia mais\">\n                            <li class=\"list-item\">\n                    <a \n                        href=\"https:\/\/investnews.com.br\/negocios\/disparada-do-preco-do-cafe-pode-mudar-top-3-das-lavouras-mais-valiosas-do-brasil\/\" \n                        title=\"Disparada do pre\u00e7o do caf\u00e9 pode mudar top 3 das lavouras mais valiosas do Brasil\" \n                        class=\"item-title recirculation-link\"\n                        data-btn-name=\"Disparada do pre\u00e7o do caf\u00e9 pode mudar top 3 das lavouras mais valiosas do Brasil\"\n                        data-posicao=\"Leia mais\"\n                        data-click-url=\"https:\/\/investnews.com.br\/negocios\/disparada-do-preco-do-cafe-pode-mudar-top-3-das-lavouras-mais-valiosas-do-brasil\/\"\n                    >\n                        Disparada do pre\u00e7o do caf\u00e9 pode mudar top 3 das lavouras mais valiosas do Brasil                    <\/a>\n                <\/li>\n                            <li class=\"list-item\">\n                    <a \n                        href=\"https:\/\/investnews.com.br\/negocios\/o-que-esta-por-tras-da-alta-do-cafe-que-dobrou-de-preco-no-mercado-internacional\/\" \n                        title=\"O que est\u00e1 por tr\u00e1s da alta do caf\u00e9, que dobrou de pre\u00e7o no mercado internacional\" \n                        class=\"item-title recirculation-link\"\n                        data-btn-name=\"O que est\u00e1 por tr\u00e1s da alta do caf\u00e9, que dobrou de pre\u00e7o no mercado internacional\"\n                        data-posicao=\"Leia mais\"\n                        data-click-url=\"https:\/\/investnews.com.br\/negocios\/o-que-esta-por-tras-da-alta-do-cafe-que-dobrou-de-preco-no-mercado-internacional\/\"\n                    >\n                        O que est\u00e1 por tr\u00e1s da alta do caf\u00e9, que dobrou de pre\u00e7o no mercado internacional                    <\/a>\n                <\/li>\n                    <\/ul>\n    <\/div><\/section>\n\n\n\n<p>Somente em abril de 2025 o pre\u00e7o do caf\u00e9 mo\u00eddo subiu 4,48%, uma desacelera\u00e7\u00e3o ante alta de 8,14% em mar\u00e7o.<\/p>\n\n\n\n<p>Os pre\u00e7os dos alimentos em geral v\u00eam pressionando a infla\u00e7\u00e3o no Brasil, em meio a quest\u00f5es clim\u00e1ticas. O IPCA subiu 0,43% em abril, tendo como maior peso no \u00edndice os custos de Alimenta\u00e7\u00e3o e Bebidas, que avan\u00e7aram 0,82%.<\/p>\n\n\n\n<p>Com isso, a taxa em 12 meses do indicador que serve de baliza para a meta oficial de infla\u00e7\u00e3o chegou a 5,53% em abril, o maior valor desde fevereiro de 2023 (5,60%). A meta cont\u00ednua \u00e9 de 3,0%, com margem de 1,5 ponto percentual para mais ou menos.<\/p>\n\n\n\n<figure class=\"wp-block-embed is-type-video is-provider-youtube wp-block-embed-youtube wp-embed-aspect-16-9 wp-has-aspect-ratio\"><div class=\"wp-block-embed__wrapper\">\n<iframe loading=\"lazy\" title=\"Por que o caf\u00e9 que voc\u00ea toma est\u00e1 t\u00e3o caro\" width=\"500\" height=\"281\" src=\"https:\/\/www.youtube.com\/embed\/3sM4gWvy7wo?feature=oembed\" frameborder=\"0\" allow=\"accelerometer; autoplay; clipboard-write; encrypted-media; gyroscope; picture-in-picture; web-share\" referrerpolicy=\"strict-origin-when-cross-origin\" allowfullscreen><\/iframe>\n<\/div><\/figure>\n","protected":false},"excerpt":{"rendered":"<p>Segundo o IBGE, por\u00e9m, alta em abril foi de 4,48%, uma desacelera\u00e7\u00e3o ante a alta de 8,14% em mar\u00e7o<\/p>\n","protected":false},"author":61,"featured_media":654693,"comment_status":"closed","ping_status":"closed","sticky":false,"template":"","format":"standard","meta":{"_acf_changed":false,"inline_featured_image":false,"footnotes":""},"categories":[5],"tags":[102288],"autor-wsj":[],"coauthors":[2494],"class_list":["post-671675","post","type-post","status-publish","format-standard","has-post-thumbnail","hentry","category-economia","tag-reuters"],"acf":[],"amp_enabled":true,"_links":{"self":[{"href":"https:\/\/investnews.com.br\/inv-api\/wp\/v2\/posts\/671675","targetHints":{"allow":["GET"]}}],"collection":[{"href":"https:\/\/investnews.com.br\/inv-api\/wp\/v2\/posts"}],"about":[{"href":"https:\/\/investnews.com.br\/inv-api\/wp\/v2\/types\/post"}],"author":[{"embeddable":true,"href":"https:\/\/investnews.com.br\/inv-api\/wp\/v2\/users\/61"}],"replies":[{"embeddable":true,"href":"https:\/\/investnews.com.br\/inv-api\/wp\/v2\/comments?post=671675"}],"version-history":[{"count":1,"href":"https:\/\/investnews.com.br\/inv-api\/wp\/v2\/posts\/671675\/revisions"}],"predecessor-version":[{"id":671745,"href":"https:\/\/investnews.com.br\/inv-api\/wp\/v2\/posts\/671675\/revisions\/671745"}],"wp:featuredmedia":[{"embeddable":true,"href":"https:\/\/investnews.com.br\/inv-api\/wp\/v2\/media\/654693"}],"wp:attachment":[{"href":"https:\/\/investnews.com.br\/inv-api\/wp\/v2\/media?parent=671675"}],"wp:term":[{"taxonomy":"category","embeddable":true,"href":"https:\/\/investnews.com.br\/inv-api\/wp\/v2\/categories?post=671675"},{"taxonomy":"post_tag","embeddable":true,"href":"https:\/\/investnews.com.br\/inv-api\/wp\/v2\/tags?post=671675"},{"taxonomy":"autor-wsj","embeddable":true,"href":"https:\/\/investnews.com.br\/inv-api\/wp\/v2\/autor-wsj?post=671675"},{"taxonomy":"author","embeddable":true,"href":"https:\/\/investnews.com.br\/inv-api\/wp\/v2\/coauthors?post=671675"}],"curies":[{"name":"wp","href":"https:\/\/api.w.org\/{rel}","templated":true}]}}