{"id":673102,"date":"2025-05-16T06:00:00","date_gmt":"2025-05-16T09:00:00","guid":{"rendered":"https:\/\/investnews.com.br\/?p=673102"},"modified":"2025-08-08T15:53:40","modified_gmt":"2025-08-08T18:53:40","slug":"eles-pagaram-quase-r-20-mil-pelos-oculos-da-apple-um-ano-depois-estao-arrependidos-e-com-dor-no-pescoco","status":"publish","type":"post","link":"https:\/\/investnews.com.br\/the-wall-street-journal\/eles-pagaram-quase-r-20-mil-pelos-oculos-da-apple-um-ano-depois-estao-arrependidos-e-com-dor-no-pescoco\/","title":{"rendered":"Eles pagaram quase R$ 20 mil pelos \u00f3culos da Apple. Um ano depois, est\u00e3o arrependidos&#8230; e com dor no pesco\u00e7o"},"content":{"rendered":"<p>Depois de um ano, as primeiras pessoas que compraram os \u00f3culos de realidade mista <a href=\"https:\/\/investnews.com.br\/negocios\/vision-pro-apple-adianta-futuro-mas-nao-esta-claro-valor-alem-do-entretenimento\/\" data-type=\"post\" data-id=\"554714\">Vision Pro<\/a> da <a href=\"https:\/\/investnews.com.br\/the-wall-street-journal\/apple-precisa-se-reinventar-se-nao-quiser-perder-a-corrida-da-ia\/\" data-type=\"post\" data-id=\"672775\">Apple<\/a> t\u00eam um sentimento comum: arrependimento. &#8220;Est\u00e1 s\u00f3 acumulando poeira&#8221;, disse Dustin Fox sobre seu <a href=\"https:\/\/investnews.com.br\/web-stories\/apple-vision-pro-tudo-sobre\/\" data-type=\"web-story\" data-id=\"488632\">headset<\/a>, que parece \u00f3culos de esqui futuristas. &#8220;Acho que usei eles apenas quatro vezes no \u00faltimo ano.&#8221; O dispositivo custa <strong>US$ 3.500 (cerca de R$ 20 mil)<\/strong> e, no caso de Fox, fica em uma caixa com outros aparelhos que ele n\u00e3o usa mais.\u00a0<\/p><p>O Vision Pro foi lan\u00e7ado em fevereiro de 2024 com grande potencial. Foi o primeiro grande lan\u00e7amento da <a href=\"https:\/\/investnews.com.br\/the-wall-street-journal\/apple-absorve-tarifas-para-proteger-lucro-mas-iphone-deve-ficar-mais-caro\/\" data-type=\"post\" data-id=\"670674\">Apple<\/a> em anos. \u00c9 o primeiro dispositivo que voc\u00ea olha atrav\u00e9s dele e n\u00e3o para ele. A digita\u00e7\u00e3o pode ser feita no ar. Mas os compradores que os usaram em situa\u00e7\u00f5es ao ar livre dizem que s\u00f3 ganharam olhares de reprova\u00e7\u00e3o e dores no pesco\u00e7o. Agora, os dispositivos s\u00e3o lembretes di\u00e1rios de sua coragem descabida.<\/p><p>Fox, corretor imobili\u00e1rio em Centreville, na Virg\u00ednia, quis adquirir o Vision Pro assim que ele foi lan\u00e7ado. &#8220;Fico como um garotinho quando algo novo \u00e9 lan\u00e7ado&#8221;, disse ele.<\/p><p>O homem de 46 anos pensou em us\u00e1-lo para trabalhar. Ent\u00e3o, colocou-o na cabe\u00e7a.\u00a0&#8220;\u00c9 pesado demais&#8221;, disse Fox sobre o dispositivo, que pesa pouco mais de meio quilo. &#8220;N\u00e3o consigo us\u00e1-lo por mais de 20 ou 30 minutos sem machucar meu pesco\u00e7o.&#8221;\u00a0<\/p><section class=\"recirculation-area\">\n    <div class=\"container\">\n                <p class=\"title\">Leia mais<\/p>\n     \n            <ul class=\"recirculation-list\" data-tracking-position=\"Leia mais\">\n                            <li class=\"list-item\">\n                    <a \n                        href=\"https:\/\/investnews.com.br\/colunistas\/incrivelmente-simples-como-a-apple-virou-uma-das-mais-valiosas-corporacoes\/\" \n                        title=\"&#8216;Incrivelmente Simples&#8217;: como a Apple virou uma das mais valiosas corpora\u00e7\u00f5es\" \n                        class=\"item-title recirculation-link\"\n                        data-btn-name=\"&#8216;Incrivelmente Simples&#8217;: como a Apple virou uma das mais valiosas corpora\u00e7\u00f5es\"\n                        data-posicao=\"Leia mais\"\n                        data-click-url=\"https:\/\/investnews.com.br\/colunistas\/incrivelmente-simples-como-a-apple-virou-uma-das-mais-valiosas-corporacoes\/\"\n                    >\n                        &#8216;Incrivelmente Simples&#8217;: como a Apple virou uma das mais valiosas corpora\u00e7\u00f5es                    <\/a>\n                <\/li>\n                    <\/ul>\n    <\/div><\/section>\n<h2 class=\"wp-block-heading\">Poucos apps<\/h2><p>Tovia Goldstein estava animado para usar seu aparelho para assistir a filmes e programas de TV. Mas acabou precisando fazer pausas. &#8220;Depois de 60 minutos, voc\u00ea n\u00e3o aguenta mais, voc\u00ea tem que retir\u00e1-lo\u201d, disse. Ele <strong>n\u00e3o toca no aparelho h\u00e1 quatro meses<\/strong>.<\/p><p>O peso n\u00e3o \u00e9 o \u00fanico problema para o nova-iorquino de 24 anos. &#8220;Tamb\u00e9m n\u00e3o h\u00e1 aplicativos suficientes para tornar o <a href=\"https:\/\/investnews.com.br\/negocios\/apple-corta-metas-do-vision-pro-apos-problemas-de-producao-diz-ft\/\" data-type=\"post\" data-id=\"499187\">Vision Pro<\/a> vantajoso&#8221;, disse ele.\u00a0<\/p><p>De vez em quando, Goldstein pensa em tirar o headset do arm\u00e1rio e dar uma olhada para ver se h\u00e1 algum aplicativo novo. Mas a dor no pesco\u00e7o que sente, somada aos tr\u00eas minutos dolorosamente longos que leva para conectar a bateria e esperar que ele ligue, o fazem pensar duas vezes.\u00a0<\/p><p>\u201cEu n\u00e3o recomendaria a ningu\u00e9m que o comprasse, a menos que <strong>voc\u00ea seja muito rico<\/strong> e n\u00e3o saiba o que fazer com seu dinheiro\u201d, disse ele.<\/p><h2 class=\"wp-block-heading\">Reviravolta decepcionante<\/h2><p>Nenhum player no setor de realidade virtual ainda descobriu <strong>como impulsionar a ado\u00e7\u00e3o generalizada da tecnologia<\/strong>. A <a href=\"https:\/\/investnews.com.br\/negocios\/historia-da-apple\/\">Apple<\/a> <strong>n\u00e3o divulga quantos dispositivos vendeu<\/strong>. A empresa tem tido dificuldade para convencer desenvolvedores a criar aplicativos para o Vision Pro, colocando seu sucesso em risco, segundo o The Wall Street Journal. A Apple n\u00e3o quis comentar.<\/p><p>\u00c9 uma <strong>reviravolta decepcionante<\/strong> em rela\u00e7\u00e3o ao alarde que acompanhou o lan\u00e7amento do headset no ano passado, quando o CEO <a href=\"https:\/\/investnews.com.br\/the-wall-street-journal\/amanha-sera-melhor-do-que-hoje-o-futuro-da-apple-sob-o-olhar-do-ceo-tim-cook\/\" data-type=\"post\" data-id=\"643408\">Tim Cook<\/a> cumprimentou e conversou com os f\u00e3s na loja principal em Nova York. Logo depois, o Vision Pro come\u00e7ou a aparecer nas ruas, em restaurantes e at\u00e9 mesmo em um jogo de basquete.\u00a0<\/p><p>&#8220;As pessoas ficaram animadas para us\u00e1-lo&#8221;, disse Fox, que costumava ver pessoas usando os dispositivos no shopping local. &#8220;Depois, ele simplesmente sumiu&#8221;.\u00a0<\/p><p>Fox pensou em vender seu pr\u00f3prio headset, mas percebeu que <strong>nunca chegaria perto dos US$ 3.500<\/strong> que pagou. &#8220;Toda vez que o vejo na caixa&#8221;, disse ele, &#8220;sinto um arrependimento&#8221;.\u00a0<\/p><p>Anshel Sag costumava levar seu Vision Pro em voos para assistir a filmes. &#8220;As pessoas me olhavam feio&#8221;, disse o analista de tecnologia de San Diego. &#8220;N\u00e3o preciso disso.&#8221;<\/p><p>Outro motivo pelo qual o homem de 35 anos parou de sair com ele: <strong>o tamanho do estojo<\/strong>.<\/p><p>Vendido separadamente por <strong>US$ 199<\/strong>, o protetor branco em formato de travesseiro do Vision Pro tem cerca de 30 cent\u00edmetros de altura, 23 cent\u00edmetros de largura e 16,5 cent\u00edmetros de profundidade. &#8220;Ele ocupa quase metade do volume da minha bagagem de m\u00e3o&#8221;, disse Sag.\u00a0<\/p><p>Quando Anthony Racaniello usou seu aparelho para um voo de quase seis horas para Las Vegas, a comiss\u00e1ria de bordo passou por ele com os carrinhos de bebidas sem perguntar se ele queria alguma coisa. O morador da Filad\u00e9lfia de 41 anos culpa o Vision Pro pela sua sede.\u00a0\u201cParece que voc\u00ea est\u00e1 usando uma m\u00e1scara para dormir\u201d, ele disse, \u201ce as pessoas v\u00e3o te tratar desse jeito\u201d.<\/p><figure class=\"wp-block-image size-large\"><img loading=\"lazy\" decoding=\"async\" width=\"1024\" height=\"768\" src=\"https:\/\/media.investnews.com.br\/uploads\/2025\/05\/Oculos_WSJ-1024x768.jpg\" alt=\"Um dispositivo de VR\/AR cinza e preto, com visor brilhante, em mesa de madeira.\" class=\"wp-image-673108\" srcset=\"https:\/\/media.investnews.com.br\/uploads\/2025\/05\/Oculos_WSJ-1024x768.jpg 1024w, https:\/\/media.investnews.com.br\/uploads\/2025\/05\/Oculos_WSJ-300x225.jpg 300w, https:\/\/media.investnews.com.br\/uploads\/2025\/05\/Oculos_WSJ-768x576.jpg 768w, https:\/\/media.investnews.com.br\/uploads\/2025\/05\/Oculos_WSJ-1245x934.jpg 1245w, https:\/\/media.investnews.com.br\/uploads\/2025\/05\/Oculos_WSJ-172x129.jpg 172w, https:\/\/media.investnews.com.br\/uploads\/2025\/05\/Oculos_WSJ-150x113.jpg 150w, https:\/\/media.investnews.com.br\/uploads\/2025\/05\/Oculos_WSJ.jpg 1280w\" sizes=\"auto, (max-width: 1024px) 100vw, 1024px\" \/><\/figure><p><\/p><p>Racaniello tamb\u00e9m tentou us\u00e1-lo no escrit\u00f3rio, pensando que conseguiria preencher planilhas e digitar e-mails no est\u00fadio de m\u00eddia que administra. Mas os colegas zombavam dele, diziam que ele parecia assustador ou pediam para ele tirar o \u00f3culos. &#8220;O melhor elogio que recebi foi uma risadinha e um coment\u00e1rio: &#8216;Parece que voc\u00ea est\u00e1 usando \u00f3culos de esqui no trabalho.'&#8221;\u00a0<\/p><p>Recentemente, ele vendeu seu Vision Pro online por <strong>US$ 1.900 (cerca de R$ 10.600)<\/strong>. Ele n\u00e3o sente falta dele.<\/p><p>&#8220;\u00c9 definitivamente um vislumbre do futuro. S\u00f3 acho que ainda est\u00e1 longe&#8221;, disse ele. &#8220;Por enquanto, voc\u00ea precisa vestir o que parece um MacBook Pro de 227 quilos, prend\u00ea-lo no rosto e fazer as pessoas rirem de voc\u00ea.&#8221;<\/p><p>A experi\u00eancia, no entanto, n\u00e3o desanimou o f\u00e3 da Apple (que tamb\u00e9m comprou o primeiro <a href=\"https:\/\/investnews.com.br\/the-wall-street-journal\/iphone-made-in-usa-muito-mais-caro-ou-totalmente-impossivel\/\" data-type=\"post\" data-id=\"665121\">iPhone<\/a>) em rela\u00e7\u00e3o \u00e0 empresa. &#8220;Esta \u00e9 a primeira vez que achei que um produto da Apple foi lan\u00e7ado de forma precoce ou estava \u00e0 frente de seu tempo&#8221;, disse Racaniello.<\/p><section class=\"recirculation-area\">\n    <div class=\"container\">\n                <p class=\"title\">Leia mais<\/p>\n     \n            <ul class=\"recirculation-list\" data-tracking-position=\"Leia mais\">\n                            <li class=\"list-item\">\n                    <a \n                        href=\"https:\/\/investnews.com.br\/the-wall-street-journal\/apple-precisa-se-reinventar-se-nao-quiser-perder-a-corrida-da-ia\/\" \n                        title=\"Apple precisa se reinventar, se n\u00e3o quiser perder a corrida da IA\" \n                        class=\"item-title recirculation-link\"\n                        data-btn-name=\"Apple precisa se reinventar, se n\u00e3o quiser perder a corrida da IA\"\n                        data-posicao=\"Leia mais\"\n                        data-click-url=\"https:\/\/investnews.com.br\/the-wall-street-journal\/apple-precisa-se-reinventar-se-nao-quiser-perder-a-corrida-da-ia\/\"\n                    >\n                        Apple precisa se reinventar, se n\u00e3o quiser perder a corrida da IA                    <\/a>\n                <\/li>\n                    <\/ul>\n    <\/div><\/section>\n<p>Yam Olisker, outro superf\u00e3 da Apple, acreditava que o Vision Pro seria o pr\u00f3ximo <a href=\"https:\/\/investnews.com.br\/negocios\/iphone-16e-apple-lanca-aparelho-barato-de-us599\/\" data-type=\"post\" data-id=\"654613\">iPhone<\/a>. Ele voou de Israel para Nova York no ano passado para ser uma das primeiras pessoas a comprar o headset. Na loja, ele conheceu Cook e o fez autografar a parte de tr\u00e1s do seu iPhone e a caixa do Vision Pro.\u00a0<\/p><p>Olisker estava errado. &#8220;Uso muito menos do que esperava&#8221;, disse o YouTuber de 20 anos.\u00a0\u00a0<\/p><p>Mas ele n\u00e3o se arrepende da compra. Ele ainda adora assistir a filmes com seu Vision Pro, especialmente filmes em 3D como o recente &#8220;Metallica&#8221;, vendido como uma experi\u00eancia imersiva dos &#8220;shows ao vivo lotados de est\u00e1dios&#8221; da banda de heavy metal. &#8220;Parece que voc\u00ea est\u00e1 no show&#8221;, disse ele.\u00a0<\/p><p>Ele at\u00e9 descobriu como assistir aos filmes sem o peso do Vision Pro incomodando-o: &#8220;Eu fico deitado na cama&#8221;.<\/p>\n","protected":false},"excerpt":{"rendered":"<p>O headset foi lan\u00e7ado no ano passado com grande potencial, mas tudo o que os compradores receberam foram olhares de reprova\u00e7\u00e3o<\/p>\n","protected":false},"author":118,"featured_media":673111,"comment_status":"closed","ping_status":"closed","sticky":false,"template":"","format":"standard","meta":{"_acf_changed":false,"inline_featured_image":false,"footnotes":""},"categories":[103073],"tags":[],"autor-wsj":[102971],"coauthors":[102488],"class_list":["post-673102","post","type-post","status-publish","format-standard","has-post-thumbnail","hentry","category-the-wall-street-journal","autor-wsj-joseph-pisani"],"acf":[],"amp_enabled":true,"_links":{"self":[{"href":"https:\/\/investnews.com.br\/inv-api\/wp\/v2\/posts\/673102","targetHints":{"allow":["GET"]}}],"collection":[{"href":"https:\/\/investnews.com.br\/inv-api\/wp\/v2\/posts"}],"about":[{"href":"https:\/\/investnews.com.br\/inv-api\/wp\/v2\/types\/post"}],"author":[{"embeddable":true,"href":"https:\/\/investnews.com.br\/inv-api\/wp\/v2\/users\/118"}],"replies":[{"embeddable":true,"href":"https:\/\/investnews.com.br\/inv-api\/wp\/v2\/comments?post=673102"}],"version-history":[{"count":21,"href":"https:\/\/investnews.com.br\/inv-api\/wp\/v2\/posts\/673102\/revisions"}],"predecessor-version":[{"id":701790,"href":"https:\/\/investnews.com.br\/inv-api\/wp\/v2\/posts\/673102\/revisions\/701790"}],"wp:featuredmedia":[{"embeddable":true,"href":"https:\/\/investnews.com.br\/inv-api\/wp\/v2\/media\/673111"}],"wp:attachment":[{"href":"https:\/\/investnews.com.br\/inv-api\/wp\/v2\/media?parent=673102"}],"wp:term":[{"taxonomy":"category","embeddable":true,"href":"https:\/\/investnews.com.br\/inv-api\/wp\/v2\/categories?post=673102"},{"taxonomy":"post_tag","embeddable":true,"href":"https:\/\/investnews.com.br\/inv-api\/wp\/v2\/tags?post=673102"},{"taxonomy":"autor-wsj","embeddable":true,"href":"https:\/\/investnews.com.br\/inv-api\/wp\/v2\/autor-wsj?post=673102"},{"taxonomy":"author","embeddable":true,"href":"https:\/\/investnews.com.br\/inv-api\/wp\/v2\/coauthors?post=673102"}],"curies":[{"name":"wp","href":"https:\/\/api.w.org\/{rel}","templated":true}]}}