{"id":676035,"date":"2025-05-28T18:18:56","date_gmt":"2025-05-28T21:18:56","guid":{"rendered":"https:\/\/investnews.com.br\/?p=676035"},"modified":"2025-05-28T18:24:12","modified_gmt":"2025-05-28T21:24:12","slug":"klein-vs-casas-bahia-o-enredo-familiar-que-ainda-nao-chegou-ao-fim","status":"publish","type":"post","link":"https:\/\/investnews.com.br\/negocios\/klein-vs-casas-bahia-o-enredo-familiar-que-ainda-nao-chegou-ao-fim\/","title":{"rendered":"Klein vs. Casas Bahia: o enredo familiar que ainda n\u00e3o chegou ao fim"},"content":{"rendered":"\n<p>Depois de not\u00edcias de compra de a\u00e7\u00f5es, convoca\u00e7\u00e3o de assembleia e <a href=\"https:\/\/investnews.com.br\/negocios\/michael-klein-da-familia-fundadora-das-casas-bahia-pressiona-por-mudancas-no-conselho-da-empresa\/\">pedido de troca de conselheiros<\/a>, as interfer\u00eancias do empres\u00e1rio <strong>Michael Klein<\/strong> no Grupo <strong>Casas Bahia <\/strong>parecem ter dado uma tr\u00e9gua. Mas, segundo informa\u00e7\u00f5es do jornal <a href=\"https:\/\/www.estadao.com.br\/economia\/coluna-do-broad\/michael-klein-prepara-nova-ofensiva-para-voltar-a-casas-bahia-e-quer-foco-em-carne\/?srsltid=AfmBOoqFSrymiHqVBwK3r5NJ-IsLm9jah_ZFEJ9ht_sNZAfENFLgpP5T\" target=\"_blank\" rel=\"noopener\">O Estado de S. Paulo<\/a>, o empres\u00e1rio segue se movimentando nos bastidores para voltar a ocupar a presid\u00eancia do conselho da empresa em 2026 e ditar os rumos da varejista.<\/p>\n\n\n\n<p>Atualmente, o filho do fundador das Casas Bahia \u00e9 o maior <a href=\"https:\/\/investnews.com.br\/guias\/acionista-o-que-e-e-como-funciona\/\">acionista<\/a> individual da companhia, com cerca de 10,4% de seu capital, ap\u00f3s a compra de a\u00e7\u00f5es na bolsa nos primeiros meses deste ano. O empres\u00e1rio enxergou uma oportunidade para voltar a atuar no neg\u00f3cio em meio \u00e0 baixa dos pap\u00e9is e \u00e0 reestrutura\u00e7\u00e3o das Casas Bahia ap\u00f3s uma das maiores crises de sua hist\u00f3ria.<\/p>\n\n\n\n<figure class=\"wp-block-embed is-type-video is-provider-youtube wp-block-embed-youtube wp-embed-aspect-16-9 wp-has-aspect-ratio\"><div class=\"wp-block-embed__wrapper\">\n<iframe loading=\"lazy\" title=\"As pol\u00eamicas da fam\u00edlia Klein, que tenta salvar as Casas Bahia de mais uma crise\" width=\"500\" height=\"281\" src=\"https:\/\/www.youtube.com\/embed\/C__xo16WLcY?feature=oembed\" frameborder=\"0\" allow=\"accelerometer; autoplay; clipboard-write; encrypted-media; gyroscope; picture-in-picture; web-share\" referrerpolicy=\"strict-origin-when-cross-origin\" allowfullscreen><\/iframe>\n<\/div><\/figure>\n\n\n\n<p>Em 2024, a companhia entrou em processo de recupera\u00e7\u00e3o <a href=\"https:\/\/investnews.com.br\/negocios\/casas-bahia-diz-que-totalidade-de-credores-aderiu-a-plano-de-recuperacao-extrajudicial\/\">extrajudicial<\/a> que envolveu a renegocia\u00e7\u00e3o de R$ 4 bilh\u00f5es em d\u00edvidas. O processo tamb\u00e9m levou a empresa a fechar dezenas de lojas e demitir mais de 10 mil funcion\u00e1rios.\u00a0<\/p>\n\n\n\n<p>Ap\u00f3s essas medidas, a empresa fechou o ano com um preju\u00edzo de R$ 1 bilh\u00e3o, frente aos R$ 2,6 bilh\u00f5es de 2023. J\u00e1 no primeiro trimestre de 2025, a varejista teve preju\u00edzo de R$ 408 milh\u00f5es por conta da alta com despesas financeiras.\u00a0<\/p>\n\n\n\n<h2 class=\"wp-block-heading\">Um enredo de idas e vindas familiares<\/h2>\n\n\n\n<p>Apesar de os n\u00fameros estarem melhorando, Michael Klein acredita que poderia acelerar o processo de recupera\u00e7\u00e3o. Essa n\u00e3o \u00e9 a primeira tentativa de Michael Klein de reassumir o controle da companhia. Desde que sua fam\u00edlia vendeu o controle da empresa em 2009 para o <strong>Grupo P\u00e3o de A\u00e7\u00facar<\/strong>, a rela\u00e7\u00e3o dos Klein com o neg\u00f3cio oscilou entre aproxima\u00e7\u00f5es estrat\u00e9gicas e rupturas marcadas por disputas familiares e empresariais.<\/p>\n\n\n\n<p>Naquele ano, a uni\u00e3o de Casas Bahia com o Extra, do grupo de <strong>Ab\u00edlio Diniz<\/strong>,  e  Ponto Frio formou a Via Varejo. Michael inicialmente apoiou a fus\u00e3o, mas logo se desentendeu com o novo s\u00f3cio, alegando que os ativos da Casas Bahia foram subavaliados. O conflito resultou em uma renegocia\u00e7\u00e3o que manteve a fam\u00edlia com 47% do capital e entregou a presid\u00eancia da nova empresa a Raphael Klein, filho de Michael.<\/p>\n\n\n\n<p>Dois anos depois, com a sa\u00edda de Raphael da presid\u00eancia, Michael tentou recomprar a empresa \u2014 sem sucesso. Em 2019, conseguiu retornar ao controle ao liderar um grupo de investidores que comprou a participa\u00e7\u00e3o do GPA, ap\u00f3s um longo processo de desinvestimento.&nbsp;<\/p>\n\n\n\n<p>Na \u00e9poca, ele promoveu uma ampla reestrutura\u00e7\u00e3o, investiu em e-commerce e voltou a presidir o conselho. Mas, conflitos com o filho Raphael, que j\u00e1 ocupava e continua ocupando uma cadeira no conselho da varejista, o levaram a se afastar novamente do grupo.<\/p>\n\n\n\n<h2 class=\"wp-block-heading\">Disputas familiares e esc\u00e2ndalos<\/h2>\n\n\n\n<p>Al\u00e9m das diverg\u00eancias empresariais, a fam\u00edlia Klein vive um conturbado processo judicial envolvendo a heran\u00e7a do patriarca Samuel Klein, falecido em 2014. <a href=\"https:\/\/www1.folha.uol.com.br\/colunas\/painelsa\/2024\/08\/saul-klein-pede-a-justica-que-herdeiros-devolvam-bilhoes.shtml\" target=\"_blank\" rel=\"noopener\">Saul contesta judicialmente doa\u00e7\u00f5es feitas<\/a> pelo pai ao irm\u00e3o mais velho, o Michael. J\u00e1 Michael e sua irm\u00e3 Eva processam o irm\u00e3o Saul por ter <a href=\"https:\/\/www1.folha.uol.com.br\/colunas\/painelsa\/2024\/10\/briga-de-irmaos-sobre-heranca-de-klein-das-casas-bahia-tem-novo-capitulo.shtml\" target=\"_blank\" rel=\"noopener\">transferido seus direitos na partilha<\/a> para uma empresa sem clareza no contrato.&nbsp;<\/p>\n\n\n\n<p>Saul Klein tamb\u00e9m enfrenta uma condena\u00e7\u00e3o judicial por tr\u00e1fico de mulheres e explora\u00e7\u00e3o sexual. Em 2023, foi condenado por liderar um esquema de aliciamento de jovens em situa\u00e7\u00e3o de vulnerabilidade, <a href=\"https:\/\/apublica.org\/2021\/04\/as-acusacoes-nao-reveladas-de-crimes-sexuais-de-samuel-klein-fundador-da-casas-bahia\/\" target=\"_blank\" rel=\"noopener\">revelado em 2021<\/a>. Seu pai tamb\u00e9m fazia parte desse esquema. Embora os processos judiciais corram paralelamente, o esc\u00e2ndalo ampliou o desgaste da imagem familiar.<\/p>\n\n\n\n<h2 class=\"wp-block-heading\">Novo comando, nova estrat\u00e9gia<\/h2>\n\n\n\n<p>Desde abril de 2023, quem comanda a opera\u00e7\u00e3o das Casas Bahia \u00e9 Renato Franklin, ex-CEO da Movida. Sob sua gest\u00e3o, o foco est\u00e1 em melhorar a <a href=\"https:\/\/investnews.com.br\/guias\/rentabilidade\/\">rentabilidade<\/a> da varejista.&nbsp;<\/p>\n\n\n\n<p>A empresa reformulou sua estrat\u00e9gia comercial, adotou o nome Casas Bahia para se referir ao grupo e vem apostando novamente no tradicional sistema de credi\u00e1rio que fez a fama das Casas Bahia. Com ele, a empresa alcan\u00e7ou uma carteira de R$ 6,1 bilh\u00f5es ao final do primeiro trimestre de 2025.<\/p>\n\n\n\n<p>A nova abordagem contrasta com a gest\u00e3o anterior, que apostou em tecnologia e pre\u00e7os agressivos para ganhar mercado no ambiente digital. Em vez de expans\u00e3o, o plano agora \u00e9 consolidar margens e recuperar o equil\u00edbrio financeiro. A abertura de novas lojas, por exemplo, est\u00e1 fora dos planos at\u00e9, pelo menos, 2026.<\/p>\n\n\n\n<p>O conselho de administra\u00e7\u00e3o atual conta com cinco membros: tr\u00eas independentes, Raphael Klein (filho de Michael) e Andr\u00e9 Coji, indicado por Michael. Al\u00e9m de Michael, outros integrantes da fam\u00edlia Klein det\u00eam cerca de 11% das a\u00e7\u00f5es da varejista. Segundo informa\u00e7\u00f5es do jornal O Estado de S. Paulo, a inten\u00e7\u00e3o de Michael Klein para 2026 \u00e9 voltar \u00e0 presid\u00eancia do conselho e trazer outros dois nomes para compor o conselho. A ver como ser\u00e1 o retorno de Michael desta vez.&nbsp;<\/p>\n\n\n\n<p>O <strong>InvestNews<\/strong> procurou Michael Klein, mas o empres\u00e1rio n\u00e3o concedeu entrevista.&nbsp;<\/p>\n","protected":false},"excerpt":{"rendered":"<p>Michel Klein, filho do fundador, acumula tentativas de tomar o controle e ditar os rumos da varejista. E prepara nova ofensiva para 2026<\/p>\n","protected":false},"author":145,"featured_media":676206,"comment_status":"closed","ping_status":"closed","sticky":false,"template":"","format":"standard","meta":{"_acf_changed":false,"inline_featured_image":false,"footnotes":""},"categories":[6],"tags":[1266,376],"autor-wsj":[],"coauthors":[103370],"class_list":["post-676035","post","type-post","status-publish","format-standard","has-post-thumbnail","hentry","category-negocios","tag-casas-bahia","tag-varejo"],"acf":[],"amp_enabled":true,"_links":{"self":[{"href":"https:\/\/investnews.com.br\/inv-api\/wp\/v2\/posts\/676035","targetHints":{"allow":["GET"]}}],"collection":[{"href":"https:\/\/investnews.com.br\/inv-api\/wp\/v2\/posts"}],"about":[{"href":"https:\/\/investnews.com.br\/inv-api\/wp\/v2\/types\/post"}],"author":[{"embeddable":true,"href":"https:\/\/investnews.com.br\/inv-api\/wp\/v2\/users\/145"}],"replies":[{"embeddable":true,"href":"https:\/\/investnews.com.br\/inv-api\/wp\/v2\/comments?post=676035"}],"version-history":[{"count":3,"href":"https:\/\/investnews.com.br\/inv-api\/wp\/v2\/posts\/676035\/revisions"}],"predecessor-version":[{"id":676218,"href":"https:\/\/investnews.com.br\/inv-api\/wp\/v2\/posts\/676035\/revisions\/676218"}],"wp:featuredmedia":[{"embeddable":true,"href":"https:\/\/investnews.com.br\/inv-api\/wp\/v2\/media\/676206"}],"wp:attachment":[{"href":"https:\/\/investnews.com.br\/inv-api\/wp\/v2\/media?parent=676035"}],"wp:term":[{"taxonomy":"category","embeddable":true,"href":"https:\/\/investnews.com.br\/inv-api\/wp\/v2\/categories?post=676035"},{"taxonomy":"post_tag","embeddable":true,"href":"https:\/\/investnews.com.br\/inv-api\/wp\/v2\/tags?post=676035"},{"taxonomy":"autor-wsj","embeddable":true,"href":"https:\/\/investnews.com.br\/inv-api\/wp\/v2\/autor-wsj?post=676035"},{"taxonomy":"author","embeddable":true,"href":"https:\/\/investnews.com.br\/inv-api\/wp\/v2\/coauthors?post=676035"}],"curies":[{"name":"wp","href":"https:\/\/api.w.org\/{rel}","templated":true}]}}