{"id":676870,"date":"2025-05-31T09:27:58","date_gmt":"2025-05-31T12:27:58","guid":{"rendered":"https:\/\/investnews.com.br\/?p=676870"},"modified":"2025-05-31T11:15:00","modified_gmt":"2025-05-31T14:15:00","slug":"trump-diz-que-planeja-dobrar-tarifas-sobre-o-aco-para-50","status":"publish","type":"post","link":"https:\/\/investnews.com.br\/economia\/trump-diz-que-planeja-dobrar-tarifas-sobre-o-aco-para-50\/","title":{"rendered":"Trump diz que vai dobrar tarifas sobre o a\u00e7o para 50%"},"content":{"rendered":"\n<p>O presidente dos Estados Unidos, Donald Trump, disse nesta sexta-feira (31) que planeja aumentar as tarifas sobre as importa\u00e7\u00f5es estrangeiras de a\u00e7o de 25% para 50%, aumentando a press\u00e3o sobre os produtores globais de a\u00e7o e prometendo intensificar sua guerra comercial.<\/p>\n\n\n\n<p>&#8220;Vamos impor um aumento de 25%. Vamos aumentar de 25% para 50% as tarifas sobre o a\u00e7o nos Estados Unidos da Am\u00e9rica, o que proteger\u00e1 ainda mais a ind\u00fastria sider\u00fargica dos Estados Unidos&#8221;, disse ele em um com\u00edcio na Pensilv\u00e2nia.<\/p>\n\n\n<section class=\"recirculation-area\">\n    <div class=\"container\">\n                <p class=\"title\">Leia mais: <\/p>\n     \n            <ul class=\"recirculation-list\" data-tracking-position=\"Leia mais\">\n                            <li class=\"list-item\">\n                    <a \n                        href=\"https:\/\/investnews.com.br\/negocios\/brasil-ou-eua-gerdau-reavalia-destino-de-investimento-bilionario\/\" \n                        title=\"Exclusivo: Werneck, da Gerdau, sobe o tom e diz que pode mudar destino de investimentos para os EUA\" \n                        class=\"item-title recirculation-link\"\n                        data-btn-name=\"Exclusivo: Werneck, da Gerdau, sobe o tom e diz que pode mudar destino de investimentos para os EUA\"\n                        data-posicao=\"Leia mais\"\n                        data-click-url=\"https:\/\/investnews.com.br\/negocios\/brasil-ou-eua-gerdau-reavalia-destino-de-investimento-bilionario\/\"\n                    >\n                        Exclusivo: Werneck, da Gerdau, sobe o tom e diz que pode mudar destino de investimentos para os EUA                    <\/a>\n                <\/li>\n                            <li class=\"list-item\">\n                    <a \n                        href=\"https:\/\/investnews.com.br\/negocios\/governo-amplia-para-23-lista-de-produtos-siderurgicos-sujeitos-a-tarifa-de-25\/\" \n                        title=\"Sob press\u00e3o de sider\u00fargicas nacionais, Brasil amplia barreira tarif\u00e1ria ao a\u00e7o estrangeiro\" \n                        class=\"item-title recirculation-link\"\n                        data-btn-name=\"Sob press\u00e3o de sider\u00fargicas nacionais, Brasil amplia barreira tarif\u00e1ria ao a\u00e7o estrangeiro\"\n                        data-posicao=\"Leia mais\"\n                        data-click-url=\"https:\/\/investnews.com.br\/negocios\/governo-amplia-para-23-lista-de-produtos-siderurgicos-sujeitos-a-tarifa-de-25\/\"\n                    >\n                        Sob press\u00e3o de sider\u00fargicas nacionais, Brasil amplia barreira tarif\u00e1ria ao a\u00e7o estrangeiro                    <\/a>\n                <\/li>\n                    <\/ul>\n    <\/div><\/section>\n\n\n\n<p>Segundo Trump, as tarifas devem entrar em vigor na pr\u00f3xima quarta-feira, dia 4 de junho.<\/p>\n\n\n\n<p>Em fevereiro, Trump aumentou as tarifas sobre o a\u00e7o e o alum\u00ednio para 25% fixos &#8220;sem exce\u00e7\u00f5es ou isen\u00e7\u00f5es&#8221; em uma de suas primeiras medidas para ajudar os setores em dificuldades.<\/p>\n\n\n\n<p>As tarifas devem ser aplicadas a milh\u00f5es de toneladas de importa\u00e7\u00f5es de a\u00e7o e alum\u00ednio do Canad\u00e1, Brasil, M\u00e9xico, Coreia do Sul e outros pa\u00edses que vinham entrando nos EUA com isen\u00e7\u00e3o de impostos.<\/p>\n","protected":false},"excerpt":{"rendered":"<p>Segundo Trump, as tarifas devem entrar em vigor na pr\u00f3xima quarta-feira, dia 4 de junho<\/p>\n","protected":false},"author":61,"featured_media":664387,"comment_status":"closed","ping_status":"closed","sticky":false,"template":"","format":"standard","meta":{"_acf_changed":false,"inline_featured_image":false,"footnotes":""},"categories":[5],"tags":[],"autor-wsj":[],"coauthors":[2494],"class_list":["post-676870","post","type-post","status-publish","format-standard","has-post-thumbnail","hentry","category-economia"],"acf":[],"amp_enabled":true,"_links":{"self":[{"href":"https:\/\/investnews.com.br\/inv-api\/wp\/v2\/posts\/676870","targetHints":{"allow":["GET"]}}],"collection":[{"href":"https:\/\/investnews.com.br\/inv-api\/wp\/v2\/posts"}],"about":[{"href":"https:\/\/investnews.com.br\/inv-api\/wp\/v2\/types\/post"}],"author":[{"embeddable":true,"href":"https:\/\/investnews.com.br\/inv-api\/wp\/v2\/users\/61"}],"replies":[{"embeddable":true,"href":"https:\/\/investnews.com.br\/inv-api\/wp\/v2\/comments?post=676870"}],"version-history":[{"count":2,"href":"https:\/\/investnews.com.br\/inv-api\/wp\/v2\/posts\/676870\/revisions"}],"predecessor-version":[{"id":676883,"href":"https:\/\/investnews.com.br\/inv-api\/wp\/v2\/posts\/676870\/revisions\/676883"}],"wp:featuredmedia":[{"embeddable":true,"href":"https:\/\/investnews.com.br\/inv-api\/wp\/v2\/media\/664387"}],"wp:attachment":[{"href":"https:\/\/investnews.com.br\/inv-api\/wp\/v2\/media?parent=676870"}],"wp:term":[{"taxonomy":"category","embeddable":true,"href":"https:\/\/investnews.com.br\/inv-api\/wp\/v2\/categories?post=676870"},{"taxonomy":"post_tag","embeddable":true,"href":"https:\/\/investnews.com.br\/inv-api\/wp\/v2\/tags?post=676870"},{"taxonomy":"autor-wsj","embeddable":true,"href":"https:\/\/investnews.com.br\/inv-api\/wp\/v2\/autor-wsj?post=676870"},{"taxonomy":"author","embeddable":true,"href":"https:\/\/investnews.com.br\/inv-api\/wp\/v2\/coauthors?post=676870"}],"curies":[{"name":"wp","href":"https:\/\/api.w.org\/{rel}","templated":true}]}}