{"id":677518,"date":"2025-06-04T08:47:49","date_gmt":"2025-06-04T11:47:49","guid":{"rendered":"https:\/\/investnews.com.br\/?p=677518"},"modified":"2025-07-08T19:15:23","modified_gmt":"2025-07-08T22:15:23","slug":"tarifas-mais-altas-dos-eua-sobre-metais-entram-em-vigor-em-meio-a-fim-do-prazo-para-melhores-ofertas","status":"publish","type":"post","link":"https:\/\/investnews.com.br\/economia\/tarifas-mais-altas-dos-eua-sobre-metais-entram-em-vigor-em-meio-a-fim-do-prazo-para-melhores-ofertas\/","title":{"rendered":"Tarifas mais altas dos EUA sobre metais entram em vigor em meio a fim do prazo para &#8220;melhores ofertas&#8221;"},"content":{"rendered":"\n<p>Os Estados Unidos <strong>dobraram suas tarifas sobre as importa\u00e7\u00f5es de a\u00e7o e alum\u00ednio<\/strong> nesta quarta-feira (4), no mesmo dia em que o governo do presidente Donald Trump espera que os parceiros comerciais fa\u00e7am suas &#8220;<strong>melhores ofertas<\/strong>&#8221; para evitar que outras taxas de importa\u00e7\u00e3o punitivas entrem em vigor no in\u00edcio de julho.<\/p>\n\n\n\n<p>Maros Sefcovic, negociador comercial da Uni\u00e3o Europeia, disse que &#8220;teve uma discuss\u00e3o produtiva e construtiva&#8221; com o representante comercial dos EUA, Jamieson Greer, em Paris, j\u00e1 na manh\u00e3 desta quarta.<\/p>\n\n\n\n<p>&#8220;Estamos avan\u00e7ando na dire\u00e7\u00e3o certa e em ritmo acelerado, e estamos em contato pr\u00f3ximo&#8221;, disse Sefcovic no X, sem dar nenhum detalhe sobre as negocia\u00e7\u00f5es. Ele iria defender a redu\u00e7\u00e3o ou elimina\u00e7\u00e3o das tarifas amea\u00e7adas sobre as importa\u00e7\u00f5es europeias.<\/p>\n\n\n\n<h2 class=\"wp-block-heading\"><strong>Aumento no a\u00e7o e alum\u00ednio<\/strong><\/h2>\n\n\n\n<p>No final da ter\u00e7a-feira (3), <a href=\"https:\/\/investnews.com.br\/economia\/trump-dobra-tarifas-sobre-aco-e-aluminio-para-50-e-acirra-tensoes-comerciais\/\">Trump assinou um decreto<\/a> que ativa a partir de hoje um aumento nas tarifas sobre <strong>a\u00e7o e alum\u00ednio importados para 50%<\/strong>, de 25% introduzido em mar\u00e7o.<\/p>\n\n\n\n<p>&#8220;Come\u00e7amos com 25% e, depois de estudar mais os dados, percebemos que foi uma grande ajuda, mas \u00e9 preciso mais ainda. E \u00e9 por isso que a taxa de 50% come\u00e7a agora&#8221;, disse o assessor econ\u00f4mico da Casa Branca Kevin Hassett, em uma confer\u00eancia da ind\u00fastria sider\u00fargica em Washington na ter\u00e7a-feira. O aumento entrou em vigor \u00e0s 1h01 (hor\u00e1rio de Bras\u00edlia).<\/p>\n\n\n\n<h2 class=\"wp-block-heading\"><strong>Exce\u00e7\u00e3o do Reino Unido<\/strong><\/h2>\n\n\n\n<p>O aumento se aplica a <strong>todos os parceiros comerciais<\/strong>, exceto o <a href=\"https:\/\/investnews.com.br\/the-wall-street-journal\/trump-anuncia-acordo-comercial-com-reino-unido-e-anima-mercados-internacionais\/\">Reino Unido<\/a>, \u00fanico pa\u00eds at\u00e9 agora que fechou um acordo comercial preliminar com os EUA durante uma pausa de 90 dias em uma s\u00e9rie mais ampla de tarifas de Trump.<\/p>\n\n\n\n<p>A taxa para as importa\u00e7\u00f5es de a\u00e7o e alum\u00ednio do Reino Unido &#8211; que n\u00e3o est\u00e1 entre os principais exportadores de nenhum dos metais para os EUA &#8211; permanecer\u00e1 em <strong>25% at\u00e9 pelo menos 9 de julho<\/strong>.<\/p>\n\n\n\n<h2 class=\"wp-block-heading\"><strong>Importa\u00e7\u00e3o dos EUA<\/strong><\/h2>\n\n\n\n<p>Os Estados Unidos importam cerca de <strong>um quarto de todo o a\u00e7o que consomem<\/strong>, e dados do Census Bureau mostram que o aumento das taxas atingir\u00e1 especialmente os parceiros comerciais mais pr\u00f3ximos dos EUA, como <strong>Canad\u00e1 e M\u00e9xico<\/strong>.<\/p>\n\n\n\n<p>O Canad\u00e1 estar\u00e1 ainda mais exposto aos impostos sobre o alum\u00ednio uma vez que exporta para os EUA aproximadamente o dobro dos volumes combinados dos outros <strong>dez principais exportadores<\/strong>. Os EUA obt\u00eam cerca de <strong>metade de seu alum\u00ednio de fontes estrangeiras<\/strong>.<\/p>\n\n\n\n<p>O gabinete do primeiro-ministro canadense, Mark Carney, disse que o pa\u00eds est\u00e1 &#8220;envolvido em negocia\u00e7\u00f5es intensas e ativas para que essas e outras <strong>tarifas sejam removidas<\/strong>&#8220;.<\/p>\n\n\n\n<p>O ministro da Economia do M\u00e9xico, Marcelo Ebrard, reiterou que as tarifas s\u00e3o insustent\u00e1veis e injustas, especialmente considerando que o <strong>M\u00e9xico importa mais a\u00e7o dos EUA do que exporta para l\u00e1<\/strong>.<\/p>\n\n\n\n<p>O aumento das tarifas abalou o mercado de ambos os metais nesta semana, especialmente o de <a href=\"https:\/\/investnews.com.br\/economia\/trump-dobra-tarifas-sobre-aco-e-aluminio-para-50-e-acirra-tensoes-comerciais\/\">alum\u00ednio<\/a>. Com pouca capacidade de aumentar a produ\u00e7\u00e3o dom\u00e9stica, \u00e9 prov\u00e1vel que os volumes de importa\u00e7\u00e3o dos EUA n\u00e3o sejam afetados, a menos que os aumentos de pre\u00e7o reduzam a demanda.<\/p>\n\n\n\n<h2 class=\"wp-block-heading\"><strong>Acordos<\/strong><\/h2>\n\n\n\n<p>Nesta quarta-feira, a Casa Branca tamb\u00e9m quer que os <strong>parceiros comerciais proponham acordos<\/strong> que possam ajud\u00e1-los a evitar que as pesadas tarifas &#8220;rec\u00edprocas&#8221; de Trump sobre as importa\u00e7\u00f5es em geral entrem em vigor em cinco semanas.<\/p>\n\n\n\n<p>As autoridades dos EUA est\u00e3o em negocia\u00e7\u00f5es com v\u00e1rios pa\u00edses desde que Trump anunciou uma <a href=\"https:\/\/investnews.com.br\/economia\/trump-anuncia-pausa-de-90-dias-em-tarifas\/\">pausa nessas tarifas em 9 de abril<\/a>, mas at\u00e9 agora apenas o acordo com o <a href=\"https:\/\/investnews.com.br\/the-wall-street-journal\/trump-anuncia-acordo-comercial-com-reino-unido-e-anima-mercados-internacionais\/\">Reino Unido<\/a> foi concretizado. Esse pacto, entretanto, \u00e9 mais uma estrutura preliminar para mais negocia\u00e7\u00f5es.<\/p>\n\n\n\n<h2 class=\"wp-block-heading\"><strong>Ofertas de tarifas<\/strong><\/h2>\n\n\n\n<p>A Reuters noticiou na segunda-feira (2) que Washington estava pedindo aos pa\u00edses que listassem suas melhores propostas em v\u00e1rias \u00e1reas importantes, incluindo ofertas de tarifas e cotas para produtos dos EUA e planos para remediar quaisquer barreiras n\u00e3o tarif\u00e1rias.<\/p>\n\n\n\n<p>Por sua vez, a carta promete respostas &#8220;dentro de dias&#8221; com uma indica\u00e7\u00e3o de uma &#8220;zona de pouso&#8221;, incluindo as <strong>taxas tarif\u00e1rias<\/strong> que os pa\u00edses podem esperar <strong>ap\u00f3s o t\u00e9rmino da pausa de 90 dias<\/strong> em 8 de julho.<\/p>\n\n\n\n<p>O que est\u00e1 em jogo para a maioria dos parceiros comerciais \u00e9 se eles manter\u00e3o a <strong>taxa b\u00e1sica atual de 10%<\/strong> sobre a maioria das exporta\u00e7\u00f5es para os EUA ap\u00f3s essa data, ou algo possivelmente muito mais alto.<\/p>\n","protected":false},"excerpt":{"rendered":"<p>Os Estados Unidos dobraram suas tarifas sobre as importa\u00e7\u00f5es de a\u00e7o e alum\u00ednio nesta quarta-feira (4), no mesmo dia em que o governo do presidente Donald Trump espera que os parceiros comerciais fa\u00e7am suas &#8220;melhores ofertas&#8221; para evitar que outras taxas de importa\u00e7\u00e3o punitivas entrem em vigor no in\u00edcio de julho. Maros Sefcovic, negociador comercial [&hellip;]<\/p>\n","protected":false},"author":61,"featured_media":679541,"comment_status":"closed","ping_status":"closed","sticky":false,"template":"","format":"standard","meta":{"_acf_changed":false,"inline_featured_image":false,"footnotes":""},"categories":[5],"tags":[102288],"autor-wsj":[],"coauthors":[2494],"class_list":["post-677518","post","type-post","status-publish","format-standard","has-post-thumbnail","hentry","category-economia","tag-reuters"],"acf":[],"amp_enabled":true,"_links":{"self":[{"href":"https:\/\/investnews.com.br\/inv-api\/wp\/v2\/posts\/677518","targetHints":{"allow":["GET"]}}],"collection":[{"href":"https:\/\/investnews.com.br\/inv-api\/wp\/v2\/posts"}],"about":[{"href":"https:\/\/investnews.com.br\/inv-api\/wp\/v2\/types\/post"}],"author":[{"embeddable":true,"href":"https:\/\/investnews.com.br\/inv-api\/wp\/v2\/users\/61"}],"replies":[{"embeddable":true,"href":"https:\/\/investnews.com.br\/inv-api\/wp\/v2\/comments?post=677518"}],"version-history":[{"count":7,"href":"https:\/\/investnews.com.br\/inv-api\/wp\/v2\/posts\/677518\/revisions"}],"predecessor-version":[{"id":687148,"href":"https:\/\/investnews.com.br\/inv-api\/wp\/v2\/posts\/677518\/revisions\/687148"}],"wp:featuredmedia":[{"embeddable":true,"href":"https:\/\/investnews.com.br\/inv-api\/wp\/v2\/media\/679541"}],"wp:attachment":[{"href":"https:\/\/investnews.com.br\/inv-api\/wp\/v2\/media?parent=677518"}],"wp:term":[{"taxonomy":"category","embeddable":true,"href":"https:\/\/investnews.com.br\/inv-api\/wp\/v2\/categories?post=677518"},{"taxonomy":"post_tag","embeddable":true,"href":"https:\/\/investnews.com.br\/inv-api\/wp\/v2\/tags?post=677518"},{"taxonomy":"autor-wsj","embeddable":true,"href":"https:\/\/investnews.com.br\/inv-api\/wp\/v2\/autor-wsj?post=677518"},{"taxonomy":"author","embeddable":true,"href":"https:\/\/investnews.com.br\/inv-api\/wp\/v2\/coauthors?post=677518"}],"curies":[{"name":"wp","href":"https:\/\/api.w.org\/{rel}","templated":true}]}}