{"id":678078,"date":"2025-06-05T15:50:36","date_gmt":"2025-06-05T18:50:36","guid":{"rendered":"https:\/\/investnews.com.br\/?p=678078"},"modified":"2025-09-05T15:22:23","modified_gmt":"2025-09-05T18:22:23","slug":"elon-musk-critica-ingratidao-de-trump-sobre-projeto-de-lei-de-politica-tributaria","status":"publish","type":"post","link":"https:\/\/investnews.com.br\/economia\/elon-musk-critica-ingratidao-de-trump-sobre-projeto-de-lei-de-politica-tributaria\/","title":{"rendered":"Elon Musk critica &#8216;ingratid\u00e3o&#8217; de Trump sobre projeto de lei de pol\u00edtica tribut\u00e1ria"},"content":{"rendered":"\n<p id=\"tw-target-text\">A disputa entre Donald Trump e Elon Musk se agravou nesta quinta-feira (5), com duas das figuras mais influentes do mundo <strong>trocando insultos sobre o projeto de lei de pol\u00edtica tribut\u00e1ria republicana<\/strong>, que est\u00e1 no centro da agenda do presidente.<\/p>\n\n\n\n<p id=\"tw-target-text\">Trump disse a rep\u00f3rteres que estava &#8220;<strong>decepcionado<\/strong>&#8221; com o CEO da <a href=\"https:\/\/investnews.com.br\/negocios\/tesla-europa-vendas-despencam-abril\/\" data-type=\"post\" data-id=\"675693\">Tesla<\/a>, afirmando que os cortes nos cr\u00e9ditos tribut\u00e1rios para <a href=\"https:\/\/investnews.com.br\/negocios\/impeto-chines-no-mercado-europeu-de-veiculos-eletricos-esfria-com-tarifas\/\" data-type=\"post\" data-id=\"650138\">ve\u00edculos el\u00e9tricos<\/a> provocaram a oposi\u00e7\u00e3o de seu ex-assessor bilion\u00e1rio.<\/p>\n\n\n\n<p id=\"tw-target-text\">Em uma cena marcante, <strong>Musk respondeu em tempo real<\/strong>, postando r\u00e9plicas nas redes sociais enquanto o presidente falava.<\/p>\n\n\n\n<p id=\"tw-target-text\">&#8220;Que ingratid\u00e3o&#8221;, postou Musk, citando seu apoio financeiro aos republicanos durante a elei\u00e7\u00e3o de 2024. &#8220;Sem mim, Trump teria perdido a elei\u00e7\u00e3o, os democratas controlariam a C\u00e2mara e os republicanos estariam em 51-49 no Senado.&#8221;<\/p>\n\n\n\n<p id=\"tw-target-text\">As <strong>a\u00e7\u00f5es da Tesla chegaram a cair 6%<\/strong>, atingindo a m\u00ednima da sess\u00e3o, enquanto Musk e Trump trocavam farpas.<\/p>\n\n\n\n<p id=\"tw-target-text\">&#8220;Estou muito decepcionado com Elon. Ajudei muito Elon&#8221;, disse Trump anteriormente, durante uma reuni\u00e3o no Sal\u00e3o Oval com o chanceler alem\u00e3o Friedrich Merz. &#8220;Ele disse coisas bonitas sobre mim, e nada de ruim, mas tenho certeza de que isso ser\u00e1 o pr\u00f3ximo passo.&#8221;<\/p>\n\n\n\n<p id=\"tw-target-text\">Musk negou essa motiva\u00e7\u00e3o em uma publica\u00e7\u00e3o no X, dizendo que n\u00e3o se importaria em reduzir os cr\u00e9ditos de ve\u00edculos el\u00e9tricos se os legisladores &#8220;abandonassem a montanha de carne de porco nojenta no projeto de lei&#8221;.<\/p>\n\n\n\n<figure class=\"wp-block-embed is-type-video is-provider-youtube wp-block-embed-youtube wp-embed-aspect-16-9 wp-has-aspect-ratio\"><div class=\"wp-block-embed__wrapper\">\n<iframe loading=\"lazy\" title=\"Mais do que ir at\u00e9 Marte, Elon Musk quer povoar Marte com seu &quot;legado gen\u00e9tico&quot;\" width=\"500\" height=\"281\" src=\"https:\/\/www.youtube.com\/embed\/dYEzHgiGfjk?feature=oembed\" frameborder=\"0\" allow=\"accelerometer; autoplay; clipboard-write; encrypted-media; gyroscope; picture-in-picture; web-share\" referrerpolicy=\"strict-origin-when-cross-origin\" allowfullscreen><\/iframe>\n<\/div><\/figure>\n\n\n\n<h2 class=\"wp-block-heading\">Distanciamento entre Musk e Trump<\/h2>\n\n\n\n<p id=\"tw-target-text\">A troca de farpas \u00e9 o sinal mais recente de distanciamento entre os dois, antes aliados pr\u00f3ximos, ap\u00f3s a sa\u00edda de Musk do grupo de assessores de Trump.<br><br>Desde que deixou o governo, <strong>Elon Musk tem criticado o pacote republicano<\/strong> \u2014 o &#8220;\u00fanico e belo projeto de lei&#8221; de Trump, como ele o chama \u2014 porque a previs\u00e3o \u00e9 de que ele aumente o d\u00e9ficit or\u00e7ament\u00e1rio dos EUA.<\/p>\n\n\n\n<p id=\"tw-target-text\">A <strong>legisla\u00e7\u00e3o eliminaria cr\u00e9dito de US$ 7.500 para compradores de alguns modelos da Tesla<\/strong> e outros ve\u00edculos el\u00e9tricos at\u00e9 o final de 2025, sete anos antes do previsto. Isso causaria um <strong>impacto de US$ 1,2 bilh\u00e3o<\/strong> no lucro anual da Tesla, de acordo com analistas do JPMorgan.<\/p>\n\n\n<section class=\"recirculation-area\">\n    <div class=\"container\">\n                <p class=\"title\">Leia mais<\/p>\n     \n            <ul class=\"recirculation-list\" data-tracking-position=\"Leia mais\">\n                            <li class=\"list-item\">\n                    <a \n                        href=\"https:\/\/investnews.com.br\/negocios\/fundacao-gates-promete-doar-99-de-sua-fortuna-ate-2045\/\" \n                        title=\"Funda\u00e7\u00e3o de Bill Gates vai doar US$ 200 bilh\u00f5es em 20 anos; bilion\u00e1rio acusa Elon Musk pelo aumento na mortalidade infantil\" \n                        class=\"item-title recirculation-link\"\n                        data-btn-name=\"Funda\u00e7\u00e3o de Bill Gates vai doar US$ 200 bilh\u00f5es em 20 anos; bilion\u00e1rio acusa Elon Musk pelo aumento na mortalidade infantil\"\n                        data-posicao=\"Leia mais\"\n                        data-click-url=\"https:\/\/investnews.com.br\/negocios\/fundacao-gates-promete-doar-99-de-sua-fortuna-ate-2045\/\"\n                    >\n                        Funda\u00e7\u00e3o de Bill Gates vai doar US$ 200 bilh\u00f5es em 20 anos; bilion\u00e1rio acusa Elon Musk pelo aumento na mortalidade infantil                    <\/a>\n                <\/li>\n                            <li class=\"list-item\">\n                    <a \n                        href=\"https:\/\/investnews.com.br\/the-wall-street-journal\/elon-musk-dorme-em-salas-de-reuniao\/\" \n                        title=\"De volta ao trono: Elon Musk \u00e9 o magnata que se gaba de dormir em salas de reuni\u00e3o\" \n                        class=\"item-title recirculation-link\"\n                        data-btn-name=\"De volta ao trono: Elon Musk \u00e9 o magnata que se gaba de dormir em salas de reuni\u00e3o\"\n                        data-posicao=\"Leia mais\"\n                        data-click-url=\"https:\/\/investnews.com.br\/the-wall-street-journal\/elon-musk-dorme-em-salas-de-reuniao\/\"\n                    >\n                        De volta ao trono: Elon Musk \u00e9 o magnata que se gaba de dormir em salas de reuni\u00e3o                    <\/a>\n                <\/li>\n                    <\/ul>\n    <\/div><\/section>\n\n\n\n<p id=\"tw-target-text\">&#8220;Estou muito <strong>decepcionado <\/strong>porque Elon conhecia o funcionamento interno deste projeto de lei melhor do que quase qualquer pessoa aqui sentada&#8221;, disse o presidente. &#8220;De repente, ele teve um problema, e s\u00f3 desenvolveu um problema quando descobriu que ter\u00edamos que cortar a obrigatoriedade de ve\u00edculos el\u00e9tricos.&#8221;<\/p>\n\n\n\n<p id=\"tw-target-text\">Musk, em outra resposta, disse que n\u00e3o tinha conhecimento dos detalhes. &#8220;Este projeto de lei nunca me foi mostrado uma \u00fanica vez e foi aprovado na calada da noite t\u00e3o r\u00e1pido que quase ningu\u00e9m no Congresso conseguiu l\u00ea-lo!&#8221;, disse ele em uma publica\u00e7\u00e3o no X, anteriormente conhecido como Twitter antes de ele compr\u00e1-lo.<\/p>\n\n\n\n<p id=\"tw-target-text\">Trump tamb\u00e9m disse que sua escolha inicial para liderar a <a href=\"https:\/\/investnews.com.br\/negocios\/nasa-escolhe-a-spacex-de-elon-musk-para-resgatar-astronautas-presos-no-espaco\/\" data-type=\"post\" data-id=\"610375\">Nasa<\/a>, Jared Isaacman, era uma barreira, em parte devido ao seu apoio anterior aos democratas. Isaacman era associado de Musk. &#8220;N\u00e3o achei apropriado&#8221;, disse Trump. &#8220;Ele queria aquela pessoa, uma pessoa espec\u00edfica, e n\u00f3s dissemos n\u00e3o.&#8221;<br><br>A troca de mensagens \u00e9 a mais recente de um rompimento relativamente r\u00e1pido com Musk, que atuou como Funcion\u00e1rio Especial do Governo supervisionando os esfor\u00e7os de corte de custos antes de sair.<\/p>\n\n\n\n<figure class=\"wp-block-embed is-type-video is-provider-youtube wp-block-embed-youtube wp-embed-aspect-16-9 wp-has-aspect-ratio\"><div class=\"wp-block-embed__wrapper\">\n<iframe loading=\"lazy\" title=\"Big Techs como Amazon, Tesla, Meta e OpenAI fecharam com Trump. Por qu\u00ea?\" width=\"500\" height=\"281\" src=\"https:\/\/www.youtube.com\/embed\/6l7kew3IrUk?feature=oembed\" frameborder=\"0\" allow=\"accelerometer; autoplay; clipboard-write; encrypted-media; gyroscope; picture-in-picture; web-share\" referrerpolicy=\"strict-origin-when-cross-origin\" allowfullscreen><\/iframe>\n<\/div><\/figure>\n\n\n\n<p id=\"tw-target-text\">Na sexta-feira passada (30), Trump organizou um evento para Musk no Sal\u00e3o Oval, celebrando sua posse e agradecendo-lhe.<\/p>\n\n\n\n<p id=\"tw-target-text\">Trump lembrou disso na reuni\u00e3o com Merz, observando que Musk estava com um olho roxo na ocasi\u00e3o.<br><br>&#8220;Eu perguntei se ele queria um pouco de maquiagem. Mas ele disse &#8216;n\u00e3o, acho que n\u00e3o&#8217;, o que \u00e9 interessante e muito legal&#8221;, disse Trump. &#8220;Ele quer ser quem ele \u00e9.&#8221;<\/p>\n","protected":false},"excerpt":{"rendered":"<p>E Trump disse que estava \u201cdecepcionado\u201d com o CEO da Tesla<\/p>\n","protected":false},"author":76,"featured_media":666820,"comment_status":"closed","ping_status":"closed","sticky":false,"template":"","format":"standard","meta":{"_acf_changed":false,"inline_featured_image":false,"footnotes":""},"categories":[5],"tags":[110168],"autor-wsj":[],"coauthors":[101325],"class_list":["post-678078","post","type-post","status-publish","format-standard","has-post-thumbnail","hentry","category-economia","tag-elon-musk"],"acf":[],"amp_enabled":true,"_links":{"self":[{"href":"https:\/\/investnews.com.br\/inv-api\/wp\/v2\/posts\/678078","targetHints":{"allow":["GET"]}}],"collection":[{"href":"https:\/\/investnews.com.br\/inv-api\/wp\/v2\/posts"}],"about":[{"href":"https:\/\/investnews.com.br\/inv-api\/wp\/v2\/types\/post"}],"author":[{"embeddable":true,"href":"https:\/\/investnews.com.br\/inv-api\/wp\/v2\/users\/76"}],"replies":[{"embeddable":true,"href":"https:\/\/investnews.com.br\/inv-api\/wp\/v2\/comments?post=678078"}],"version-history":[{"count":9,"href":"https:\/\/investnews.com.br\/inv-api\/wp\/v2\/posts\/678078\/revisions"}],"predecessor-version":[{"id":678094,"href":"https:\/\/investnews.com.br\/inv-api\/wp\/v2\/posts\/678078\/revisions\/678094"}],"wp:featuredmedia":[{"embeddable":true,"href":"https:\/\/investnews.com.br\/inv-api\/wp\/v2\/media\/666820"}],"wp:attachment":[{"href":"https:\/\/investnews.com.br\/inv-api\/wp\/v2\/media?parent=678078"}],"wp:term":[{"taxonomy":"category","embeddable":true,"href":"https:\/\/investnews.com.br\/inv-api\/wp\/v2\/categories?post=678078"},{"taxonomy":"post_tag","embeddable":true,"href":"https:\/\/investnews.com.br\/inv-api\/wp\/v2\/tags?post=678078"},{"taxonomy":"autor-wsj","embeddable":true,"href":"https:\/\/investnews.com.br\/inv-api\/wp\/v2\/autor-wsj?post=678078"},{"taxonomy":"author","embeddable":true,"href":"https:\/\/investnews.com.br\/inv-api\/wp\/v2\/coauthors?post=678078"}],"curies":[{"name":"wp","href":"https:\/\/api.w.org\/{rel}","templated":true}]}}