{"id":678786,"date":"2025-06-09T14:02:57","date_gmt":"2025-06-09T17:02:57","guid":{"rendered":"https:\/\/investnews.com.br\/?p=678786"},"modified":"2025-06-09T14:02:59","modified_gmt":"2025-06-09T17:02:59","slug":"montadoras-chinesas-agora-se-voltam-contra-a-byd-em-escalada-de-guerra-de-precos","status":"publish","type":"post","link":"https:\/\/investnews.com.br\/negocios\/montadoras-chinesas-agora-se-voltam-contra-a-byd-em-escalada-de-guerra-de-precos\/","title":{"rendered":"Montadoras chinesas agora se voltam contra a BYD em escalada de guerra de pre\u00e7os"},"content":{"rendered":"\n<p>A concorr\u00eancia feroz entre os principais fabricantes de ve\u00edculos el\u00e9tricos da China se intensificou. Uma disputa de longa data entre BYD e Great Wall Motor (GWM) vem aumentando depois que a Geely se juntou para criticar os cortes agressivos de pre\u00e7os da BYD.<\/p>\n\n\n\n<p>A disputa remonta a 2023, quando a GWM denunciou a BYD aos \u00f3rg\u00e3os reguladores chineses, alegando que seus dois modelos h\u00edbridos mais vendidos n\u00e3o atendiam a padr\u00f5es de emiss\u00f5es de poluentes.<\/p>\n\n\n\n<p>A quest\u00e3o ressurgiu no m\u00eas passado, quando o presidente da GWM, Wei Jianjun, expressou preocupa\u00e7\u00f5es sobre a guerra de pre\u00e7os em curso e confirmou que a investiga\u00e7\u00e3o regulat\u00f3ria ainda estava ativa.<\/p>\n\n\n\n<p>A BYD chamou os coment\u00e1rios sobre a sa\u00fade financeira do setor de &#8220;alarmistas&#8221;, mas n\u00e3o comentou sobre a quest\u00e3o das emiss\u00f5es. Na \u00e9poca, a BYD rejeitou a alega\u00e7\u00e3o e disse que seus ve\u00edculos atendiam aos padr\u00f5es de emiss\u00e3o da China.<\/p>\n\n\n<section class=\"recirculation-area\">\n    <div class=\"container\">\n                <p class=\"title\">LEIA MAIS<\/p>\n     \n            <ul class=\"recirculation-list\" data-tracking-position=\"Leia mais\">\n                            <li class=\"list-item\">\n                    <a \n                        href=\"https:\/\/investnews.com.br\/negocios\/byd-lanca-carro-compacto-eletrico-na-europa-e-entra-na-corrida-por-veiculos-mais-baratos\/\" \n                        title=\"BYD lan\u00e7a carro compacto el\u00e9trico na Europa e entra na corrida por ve\u00edculos mais baratos\" \n                        class=\"item-title recirculation-link\"\n                        data-btn-name=\"BYD lan\u00e7a carro compacto el\u00e9trico na Europa e entra na corrida por ve\u00edculos mais baratos\"\n                        data-posicao=\"Leia mais\"\n                        data-click-url=\"https:\/\/investnews.com.br\/negocios\/byd-lanca-carro-compacto-eletrico-na-europa-e-entra-na-corrida-por-veiculos-mais-baratos\/\"\n                    >\n                        BYD lan\u00e7a carro compacto el\u00e9trico na Europa e entra na corrida por ve\u00edculos mais baratos                    <\/a>\n                <\/li>\n                            <li class=\"list-item\">\n                    <a \n                        href=\"https:\/\/investnews.com.br\/the-wall-street-journal\/como-o-brasil-se-tornou-prioridade-para-a-byd-e-gwm-na-america-latina-e-no-mundo\/\" \n                        title=\"Como o Brasil se tornou prioridade para a BYD e GWM na Am\u00e9rica Latina \u2014 e no mundo\" \n                        class=\"item-title recirculation-link\"\n                        data-btn-name=\"Como o Brasil se tornou prioridade para a BYD e GWM na Am\u00e9rica Latina \u2014 e no mundo\"\n                        data-posicao=\"Leia mais\"\n                        data-click-url=\"https:\/\/investnews.com.br\/the-wall-street-journal\/como-o-brasil-se-tornou-prioridade-para-a-byd-e-gwm-na-america-latina-e-no-mundo\/\"\n                    >\n                        Como o Brasil se tornou prioridade para a BYD e GWM na Am\u00e9rica Latina \u2014 e no mundo                    <\/a>\n                <\/li>\n                    <\/ul>\n    <\/div><\/section>\n\n\n\n<p>No s\u00e1bado, o vice-presidente da Geely, Victor Yang, apoiou publicamente as alega\u00e7\u00f5es da GWM em uma confer\u00eancia automotiva em Chongqing, afirmando que a Geely havia realizado seus pr\u00f3prios testes de emiss\u00f5es e que chegou \u00e0s mesmas conclus\u00f5es.<\/p>\n\n\n\n<p>&#8220;Wei Jianjun \u00e9 uma pessoa genu\u00edna e honesta e \u00e9 o denunciante de nosso setor&#8221;, disse Yang em v\u00eddeos de seu discurso publicados online pelo The Paper e outros ve\u00edculos locais de imprensa.<\/p>\n\n\n\n<p>As alega\u00e7\u00f5es da GWM dizem respeito ao uso pela BYD de tanques de combust\u00edvel n\u00e3o pressurizados em seus h\u00edbridos plug-in Qin Plus e Song Plus, que permitem que o l\u00edquido em seu interior evapore mais rapidamente do que nos tanques pressurizados.<\/p>\n\n\n\n<p>O gerente geral de marca e rela\u00e7\u00f5es p\u00fablicas da BYD, Li Yunfei, respondeu aos coment\u00e1rios da Geely no domingo em sua conta no Weibo, dizendo que os tanques n\u00e3o pressurizados usados em seus carros entre 2021 e 2023 estavam em conformidade com os requisitos regulat\u00f3rios na \u00e9poca, mas acrescentou que a BYD os havia alterado desde ent\u00e3o devido a reclama\u00e7\u00f5es de clientes.<\/p>\n\n\n<section class=\"recirculation-area\">\n    <div class=\"container\">\n                <p class=\"title\">LEIA MAIS<\/p>\n     \n            <ul class=\"recirculation-list\" data-tracking-position=\"Leia mais\">\n                            <li class=\"list-item\">\n                    <a \n                        href=\"https:\/\/investnews.com.br\/negocios\/enquanto-as-chinesas-lancam-seus-superesportivos-eletricos-montadoras-ocidentais-pisam-no-freio\/\" \n                        title=\"Enquanto as chinesas lan\u00e7am seus superesportivos el\u00e9tricos, montadoras ocidentais pisam no freio\" \n                        class=\"item-title recirculation-link\"\n                        data-btn-name=\"Enquanto as chinesas lan\u00e7am seus superesportivos el\u00e9tricos, montadoras ocidentais pisam no freio\"\n                        data-posicao=\"Leia mais\"\n                        data-click-url=\"https:\/\/investnews.com.br\/negocios\/enquanto-as-chinesas-lancam-seus-superesportivos-eletricos-montadoras-ocidentais-pisam-no-freio\/\"\n                    >\n                        Enquanto as chinesas lan\u00e7am seus superesportivos el\u00e9tricos, montadoras ocidentais pisam no freio                    <\/a>\n                <\/li>\n                    <\/ul>\n    <\/div><\/section>\n\n\n\n<p>A postagem de Li no Weibo n\u00e3o estava mais dispon\u00edvel nesta segunda-feira, embora a Reuters n\u00e3o tenha conseguido verificar o motivo disso e a empresa n\u00e3o tenha respondido imediatamente a um pedido de coment\u00e1rio.<\/p>\n\n\n\n<p>A GWM n\u00e3o respondeu imediatamente a um pedido de coment\u00e1rio nesta segunda-feira, enquanto a Geely encaminhou a Reuters para os v\u00eddeos do discurso de Yang publicados online e se recusou a fornecer coment\u00e1rios adicionais.<\/p>\n\n\n\n<p>O Minist\u00e9rio da Ind\u00fastria e Tecnologia da Informa\u00e7\u00e3o da China (MIIT), um dos \u00f3rg\u00e3os reguladores envolvidos na investiga\u00e7\u00e3o de emiss\u00f5es, n\u00e3o se manifestou.<\/p>\n\n\n\n<p>A briga crescente ocorre em um momento em que o mercado de ve\u00edculos el\u00e9tricos da China enfrenta intensa concorr\u00eancia, j\u00e1 que os recentes incentivos de pre\u00e7o da BYD, que reduziram o pre\u00e7o inicial de seu modelo mais barato para 55.800 iuans (US$7.771,05), desencadearam uma venda mais ampla de a\u00e7\u00f5es de autom\u00f3veis.<\/p>\n\n\n\n<p>Depois disso, o MIIT pediu para o setor interromper a guerra de pre\u00e7os e convocou as montadoras para uma reuni\u00e3o na semana passada, segundo duas fontes familiarizadas com o assunto.<\/p>\n\n\n\n<p>Os revendedores tamb\u00e9m pediram \u00e0s montadoras que parassem de despejar estoques sobre eles.<\/p>\n\n\n\n<p>(Por Qiaoyi Li, Zhang Yan e Brenda Goh)<\/p>\n","protected":false},"excerpt":{"rendered":"<p>O presidente da GWM, Wei Jianjun, expressou preocupa\u00e7\u00f5es sobre a guerra de pre\u00e7os em curso<\/p>\n","protected":false},"author":61,"featured_media":633505,"comment_status":"closed","ping_status":"closed","sticky":false,"template":"","format":"standard","meta":{"_acf_changed":false,"inline_featured_image":false,"footnotes":""},"categories":[6],"tags":[864,102288],"autor-wsj":[],"coauthors":[2494],"class_list":["post-678786","post","type-post","status-publish","format-standard","has-post-thumbnail","hentry","category-negocios","tag-montadoras","tag-reuters"],"acf":[],"amp_enabled":true,"_links":{"self":[{"href":"https:\/\/investnews.com.br\/inv-api\/wp\/v2\/posts\/678786","targetHints":{"allow":["GET"]}}],"collection":[{"href":"https:\/\/investnews.com.br\/inv-api\/wp\/v2\/posts"}],"about":[{"href":"https:\/\/investnews.com.br\/inv-api\/wp\/v2\/types\/post"}],"author":[{"embeddable":true,"href":"https:\/\/investnews.com.br\/inv-api\/wp\/v2\/users\/61"}],"replies":[{"embeddable":true,"href":"https:\/\/investnews.com.br\/inv-api\/wp\/v2\/comments?post=678786"}],"version-history":[{"count":1,"href":"https:\/\/investnews.com.br\/inv-api\/wp\/v2\/posts\/678786\/revisions"}],"predecessor-version":[{"id":678896,"href":"https:\/\/investnews.com.br\/inv-api\/wp\/v2\/posts\/678786\/revisions\/678896"}],"wp:featuredmedia":[{"embeddable":true,"href":"https:\/\/investnews.com.br\/inv-api\/wp\/v2\/media\/633505"}],"wp:attachment":[{"href":"https:\/\/investnews.com.br\/inv-api\/wp\/v2\/media?parent=678786"}],"wp:term":[{"taxonomy":"category","embeddable":true,"href":"https:\/\/investnews.com.br\/inv-api\/wp\/v2\/categories?post=678786"},{"taxonomy":"post_tag","embeddable":true,"href":"https:\/\/investnews.com.br\/inv-api\/wp\/v2\/tags?post=678786"},{"taxonomy":"autor-wsj","embeddable":true,"href":"https:\/\/investnews.com.br\/inv-api\/wp\/v2\/autor-wsj?post=678786"},{"taxonomy":"author","embeddable":true,"href":"https:\/\/investnews.com.br\/inv-api\/wp\/v2\/coauthors?post=678786"}],"curies":[{"name":"wp","href":"https:\/\/api.w.org\/{rel}","templated":true}]}}