{"id":679682,"date":"2025-06-11T20:19:42","date_gmt":"2025-06-11T23:19:42","guid":{"rendered":"https:\/\/investnews.com.br\/?p=679682"},"modified":"2025-06-11T20:19:44","modified_gmt":"2025-06-11T23:19:44","slug":"fleury-compra-mineira-hemolab-medicina-laboratorial-por-r-395-milhoes","status":"publish","type":"post","link":"https:\/\/investnews.com.br\/negocios\/fleury-compra-mineira-hemolab-medicina-laboratorial-por-r-395-milhoes\/","title":{"rendered":"Fleury compra mineira Hemolab Medicina Laboratorial por R$ 39,5 milh\u00f5es"},"content":{"rendered":"\n<p>O grupo de medicina diagn\u00f3stica Fleury anunciou nesta quarta-feira a aquisi\u00e7\u00e3o do Hemolab Medicina Laboratorial, em Conselheiro Lafaiete, no Estado de Minas Gerais, por R$ 39,5 milh\u00f5es.<\/p>\n\n\n\n<p>A receita do Hemolab, que atua nos servi\u00e7os de exames de an\u00e1lises cl\u00ednicas, patologia cl\u00ednica e vacina\u00e7\u00e3o por meio de 15 unidades distribu\u00eddas em nove munic\u00edpios mineiros, somou R$ 31 milh\u00f5es no ano passado, segundo fato relevante do Fleury.<\/p>\n\n\n\n<figure class=\"wp-block-embed is-type-video is-provider-youtube wp-block-embed-youtube wp-embed-aspect-16-9 wp-has-aspect-ratio\"><div class=\"wp-block-embed__wrapper\">\n<iframe loading=\"lazy\" title=\"Fleury: Por que o sistema de sa\u00fade depende da PREVEN\u00c7\u00c3O para sair da crise\" width=\"500\" height=\"281\" src=\"https:\/\/www.youtube.com\/embed\/jC4HK0gROOM?feature=oembed\" frameborder=\"0\" allow=\"accelerometer; autoplay; clipboard-write; encrypted-media; gyroscope; picture-in-picture; web-share\" referrerpolicy=\"strict-origin-when-cross-origin\" allowfullscreen><\/iframe>\n<\/div><\/figure>\n\n\n\n<p>O m\u00faltiplo impl\u00edcito para a aquisi\u00e7\u00e3o \u00e9 de 4,7 vezes o valor da empresa (Enterprise Value) sobre o <a href=\"https:\/\/investnews.com.br\/guias\/ebitda-o-que-e-como-calcular\/\">Ebitda<\/a> e 3,4 vezes o EV\/Ebitda p\u00f3s-sinergias, disse a empresa.<\/p>\n\n\n\n<p>&#8220;Essa aquisi\u00e7\u00e3o refor\u00e7a a presen\u00e7a do Grupo Fleury no mercado B2C (unidades de atendimento e atendimento m\u00f3vel) em Minas Gerais&#8221;, disse a companhia em comunicado \u00e0 imprensa.<\/p>\n\n\n\n<p>Em 2022, o grupo Fleury j\u00e1 havia adquirido o Laborat\u00f3rio M\u00e9thodos, localizado no sul de Minas Gerais, e tamb\u00e9m conta com Hermes Pardini e LabClass, marcas de destaque em Belo Horizonte e que passaram a integrar a empresa a partir da combina\u00e7\u00e3o de neg\u00f3cios com o Grupo Hermes Pardini em 2023.<\/p>\n\n\n\n<p>&#8220;Ao todo a empresa passa a contar com 108 unidades de atendimento no Estado&#8221;, acrescentou.<\/p>\n\n\n<section class=\"recirculation-area\">\n    <div class=\"container\">\n                <p class=\"title\">Leia tamb\u00e9m: <\/p>\n     \n            <ul class=\"recirculation-list\" data-tracking-position=\"outros\">\n                            <li class=\"list-item\">\n                    <a \n                        href=\"https:\/\/investnews.com.br\/negocios\/fleury-paga-r-130-milhoes-e-conclui-aquisicao-de-tres-laboratorios\/\" \n                        title=\"Fleury paga R$ 130 milh\u00f5es e conclui aquisi\u00e7\u00e3o de tr\u00eas laborat\u00f3rios\" \n                        class=\"item-title recirculation-link\"\n                        data-btn-name=\"Fleury paga R$ 130 milh\u00f5es e conclui aquisi\u00e7\u00e3o de tr\u00eas laborat\u00f3rios\"\n                        data-posicao=\"outros\"\n                        data-click-url=\"https:\/\/investnews.com.br\/negocios\/fleury-paga-r-130-milhoes-e-conclui-aquisicao-de-tres-laboratorios\/\"\n                    >\n                        Fleury paga R$ 130 milh\u00f5es e conclui aquisi\u00e7\u00e3o de tr\u00eas laborat\u00f3rios                    <\/a>\n                <\/li>\n                    <\/ul>\n    <\/div><\/section>\n\n\n\n<p>Segundo a presidente do Fleury, Jeane Tsutsui, a aquisi\u00e7\u00e3o &#8220;ocorre em virtude da nossa solidez financeira e atende a todas as nossas premissas de avalia\u00e7\u00e3o de ativos para fazer parte do nosso grupo&#8221;, incluindo precifica\u00e7\u00e3o adequada, converg\u00eancia cultural e potencial de sinergias e de crescimento regional.<\/p>\n\n\n\n<p>A conclus\u00e3o da opera\u00e7\u00e3o ainda est\u00e1 sujeita a condi\u00e7\u00f5es precedentes, usuais a esse tipo de transa\u00e7\u00e3o, conforme fato relevante.<\/p>\n","protected":false},"excerpt":{"rendered":"<p>Ao todo, a Fleury passar\u00e1 a contar com 108 unidades em Minas Gerais<\/p>\n","protected":false},"author":61,"featured_media":627644,"comment_status":"closed","ping_status":"closed","sticky":false,"template":"","format":"standard","meta":{"_acf_changed":false,"inline_featured_image":false,"footnotes":""},"categories":[6],"tags":[102288],"autor-wsj":[],"coauthors":[2494],"class_list":["post-679682","post","type-post","status-publish","format-standard","has-post-thumbnail","hentry","category-negocios","tag-reuters"],"acf":[],"amp_enabled":true,"_links":{"self":[{"href":"https:\/\/investnews.com.br\/inv-api\/wp\/v2\/posts\/679682","targetHints":{"allow":["GET"]}}],"collection":[{"href":"https:\/\/investnews.com.br\/inv-api\/wp\/v2\/posts"}],"about":[{"href":"https:\/\/investnews.com.br\/inv-api\/wp\/v2\/types\/post"}],"author":[{"embeddable":true,"href":"https:\/\/investnews.com.br\/inv-api\/wp\/v2\/users\/61"}],"replies":[{"embeddable":true,"href":"https:\/\/investnews.com.br\/inv-api\/wp\/v2\/comments?post=679682"}],"version-history":[{"count":1,"href":"https:\/\/investnews.com.br\/inv-api\/wp\/v2\/posts\/679682\/revisions"}],"predecessor-version":[{"id":679688,"href":"https:\/\/investnews.com.br\/inv-api\/wp\/v2\/posts\/679682\/revisions\/679688"}],"wp:featuredmedia":[{"embeddable":true,"href":"https:\/\/investnews.com.br\/inv-api\/wp\/v2\/media\/627644"}],"wp:attachment":[{"href":"https:\/\/investnews.com.br\/inv-api\/wp\/v2\/media?parent=679682"}],"wp:term":[{"taxonomy":"category","embeddable":true,"href":"https:\/\/investnews.com.br\/inv-api\/wp\/v2\/categories?post=679682"},{"taxonomy":"post_tag","embeddable":true,"href":"https:\/\/investnews.com.br\/inv-api\/wp\/v2\/tags?post=679682"},{"taxonomy":"autor-wsj","embeddable":true,"href":"https:\/\/investnews.com.br\/inv-api\/wp\/v2\/autor-wsj?post=679682"},{"taxonomy":"author","embeddable":true,"href":"https:\/\/investnews.com.br\/inv-api\/wp\/v2\/coauthors?post=679682"}],"curies":[{"name":"wp","href":"https:\/\/api.w.org\/{rel}","templated":true}]}}