{"id":682227,"date":"2025-06-23T08:32:11","date_gmt":"2025-06-23T11:32:11","guid":{"rendered":"https:\/\/investnews.com.br\/?p=682227"},"modified":"2025-06-26T08:57:43","modified_gmt":"2025-06-26T11:57:43","slug":"marfrig-assembleia-geral-julho","status":"publish","type":"post","link":"https:\/\/investnews.com.br\/negocios\/marfrig-assembleia-geral-julho\/","title":{"rendered":"Marfrig marca nova data para a assembleia geral: 14 de julho"},"content":{"rendered":"\n<p>A Marfrig informou nesta segunda-feira (23) que a assembleia geral extraordin\u00e1ria, <a href=\"https:\/\/investnews.com.br\/negocios\/brf-adia-por-tempo-indeterminado-assembleia-de-acionistas-que-vai-decidir-sobre-fusao-com-marfrig\/\" data-type=\"post\" data-id=\"681247\">iniciada e suspensa na quinta-feira (18)<\/a>, ser\u00e1 retomada em <strong>14 de julho, \u00e0s 11 horas<\/strong>, na sede da empresa em S\u00e3o Paulo. A decis\u00e3o foi tomada ap\u00f3s a BRF divulgar que sua assembleia, que discute a incorpora\u00e7\u00e3o das a\u00e7\u00f5es pela Marfrig, ocorrer\u00e1 no mesmo dia \u00e0s 9 horas.<\/p>\n\n\n\n<p>Os acionistas poder\u00e3o enviar novas instru\u00e7\u00f5es de voto at\u00e9 10 de julho. A proposta da administra\u00e7\u00e3o, incluindo documentos e informa\u00e7\u00f5es exigidas pela legisla\u00e7\u00e3o, est\u00e1 dispon\u00edvel para consulta na sede da Marfrig e em seus canais oficiais.<\/p>\n\n\n<section class=\"recirculation-area\">\n    <div class=\"container\">\n                <p class=\"title\">Leia mais<\/p>\n     \n            <ul class=\"recirculation-list\" data-tracking-position=\"Leia mais\">\n                            <li class=\"list-item\">\n                    <a \n                        href=\"https:\/\/investnews.com.br\/negocios\/fusao-brf-marfrig-minerva-cade-mrfg3-brfs3-beef3\/\" \n                        title=\"Minerva embaralha fus\u00e3o BRF-Marfrig com entrada em processo no Cade\" \n                        class=\"item-title recirculation-link\"\n                        data-btn-name=\"Minerva embaralha fus\u00e3o BRF-Marfrig com entrada em processo no Cade\"\n                        data-posicao=\"Leia mais\"\n                        data-click-url=\"https:\/\/investnews.com.br\/negocios\/fusao-brf-marfrig-minerva-cade-mrfg3-brfs3-beef3\/\"\n                    >\n                        Minerva embaralha fus\u00e3o BRF-Marfrig com entrada em processo no Cade                    <\/a>\n                <\/li>\n                            <li class=\"list-item\">\n                    <a \n                        href=\"https:\/\/investnews.com.br\/negocios\/cade-aprova-incorporacao-da-brf-pela-marfrig-sem-restricoes\/\" \n                        title=\"Cade aprova incorpora\u00e7\u00e3o da BRF pela Marfrig sem restri\u00e7\u00f5es\" \n                        class=\"item-title recirculation-link\"\n                        data-btn-name=\"Cade aprova incorpora\u00e7\u00e3o da BRF pela Marfrig sem restri\u00e7\u00f5es\"\n                        data-posicao=\"Leia mais\"\n                        data-click-url=\"https:\/\/investnews.com.br\/negocios\/cade-aprova-incorporacao-da-brf-pela-marfrig-sem-restricoes\/\"\n                    >\n                        Cade aprova incorpora\u00e7\u00e3o da BRF pela Marfrig sem restri\u00e7\u00f5es                    <\/a>\n                <\/li>\n                            <li class=\"list-item\">\n                    <a \n                        href=\"https:\/\/investnews.com.br\/negocios\/marfrig-surfa-a-onda-do-frango-apos-anos-de-tentativas\/\" \n                        title=\"Marfrig surfa a onda do frango ap\u00f3s anos de tentativas\" \n                        class=\"item-title recirculation-link\"\n                        data-btn-name=\"Marfrig surfa a onda do frango ap\u00f3s anos de tentativas\"\n                        data-posicao=\"Leia mais\"\n                        data-click-url=\"https:\/\/investnews.com.br\/negocios\/marfrig-surfa-a-onda-do-frango-apos-anos-de-tentativas\/\"\n                    >\n                        Marfrig surfa a onda do frango ap\u00f3s anos de tentativas                    <\/a>\n                <\/li>\n                    <\/ul>\n    <\/div><\/section>\n\n\n\n<h2 class=\"wp-block-heading\">Exporta\u00e7\u00f5es<\/h2>\n\n\n\n<p>Multinacional brasileira do setor de alimentos, a <strong>Marfrig tem forte atua\u00e7\u00e3o na produ\u00e7\u00e3o e exporta\u00e7\u00e3o de carne bovina<\/strong>, sendo dona de marcas como <strong>Bassi<\/strong> e <strong>Montana<\/strong>. No terceiro trimestre de 2024, a empresa registrou <a href=\"https:\/\/investnews.com.br\/guias\/receita-liquida-o-que-e\/\">receita l\u00edquida<\/a> de R$ 106,7 bilh\u00f5es e <a href=\"https:\/\/investnews.com.br\/guias\/lucro-liquido\/\">lucro l\u00edquido<\/a> de R$ 1,2 bilh\u00e3o.<\/p>\n\n\n\n<p>Em junho de 2025, a empresa Marfrig ter\u00e1 uma reuni\u00e3o decisiva de acionistas, marcada para o dia 18, para deliberar sobre a <a href=\"https:\/\/investnews.com.br\/negocios\/fusao-brf-marfrig-minerva-cade-mrfg3-brfs3-beef3\/\">fus\u00e3o com a BRF<\/a>. A decis\u00e3o do Cade de admitir a Minerva como terceira interessada no processo adiciona complexidade, especialmente devido \u00e0 presen\u00e7a do fundo soberano saudita Salic, acionista em ambas as companhias. A aprova\u00e7\u00e3o do Cade \u00e9 crucial para o avan\u00e7o da opera\u00e7\u00e3o.<\/p>\n\n\n\n<p><span style=\"font-size: medium;\"><i><b>Disclaimer:<\/b> Este texto foi escrito por um agente de <a href=\"https:\/\/investnews.com.br\/guias\/inteligencia-artificial\/\">intelig\u00eancia artificial<\/a> a partir de informa\u00e7\u00f5es oficiais e de bases de dados confi\u00e1veis selecionadas pelo <b>InvestNews<\/b>. O trabalho foi revisado pela equipe de jornalistas do IN antes de sua publica\u00e7\u00e3o.<\/i><\/span><\/p>\n","protected":false},"excerpt":{"rendered":"<p>Os acionistas poder\u00e3o enviar instru\u00e7\u00f5es de voto at\u00e9 10 de julho<\/p>\n","protected":false},"author":149,"featured_media":683243,"comment_status":"closed","ping_status":"closed","sticky":false,"template":"","format":"standard","meta":{"_acf_changed":false,"inline_featured_image":false,"footnotes":""},"categories":[6],"tags":[103615],"autor-wsj":[],"coauthors":[103624],"class_list":["post-682227","post","type-post","status-publish","format-standard","has-post-thumbnail","hentry","category-negocios","tag-fatos-relevantes"],"acf":[],"amp_enabled":true,"_links":{"self":[{"href":"https:\/\/investnews.com.br\/inv-api\/wp\/v2\/posts\/682227","targetHints":{"allow":["GET"]}}],"collection":[{"href":"https:\/\/investnews.com.br\/inv-api\/wp\/v2\/posts"}],"about":[{"href":"https:\/\/investnews.com.br\/inv-api\/wp\/v2\/types\/post"}],"author":[{"embeddable":true,"href":"https:\/\/investnews.com.br\/inv-api\/wp\/v2\/users\/149"}],"replies":[{"embeddable":true,"href":"https:\/\/investnews.com.br\/inv-api\/wp\/v2\/comments?post=682227"}],"version-history":[{"count":6,"href":"https:\/\/investnews.com.br\/inv-api\/wp\/v2\/posts\/682227\/revisions"}],"predecessor-version":[{"id":682252,"href":"https:\/\/investnews.com.br\/inv-api\/wp\/v2\/posts\/682227\/revisions\/682252"}],"wp:featuredmedia":[{"embeddable":true,"href":"https:\/\/investnews.com.br\/inv-api\/wp\/v2\/media\/683243"}],"wp:attachment":[{"href":"https:\/\/investnews.com.br\/inv-api\/wp\/v2\/media?parent=682227"}],"wp:term":[{"taxonomy":"category","embeddable":true,"href":"https:\/\/investnews.com.br\/inv-api\/wp\/v2\/categories?post=682227"},{"taxonomy":"post_tag","embeddable":true,"href":"https:\/\/investnews.com.br\/inv-api\/wp\/v2\/tags?post=682227"},{"taxonomy":"autor-wsj","embeddable":true,"href":"https:\/\/investnews.com.br\/inv-api\/wp\/v2\/autor-wsj?post=682227"},{"taxonomy":"author","embeddable":true,"href":"https:\/\/investnews.com.br\/inv-api\/wp\/v2\/coauthors?post=682227"}],"curies":[{"name":"wp","href":"https:\/\/api.w.org\/{rel}","templated":true}]}}