{"id":684260,"date":"2025-06-29T09:31:36","date_gmt":"2025-06-29T12:31:36","guid":{"rendered":"https:\/\/investnews.com.br\/?p=684260"},"modified":"2025-06-29T09:31:38","modified_gmt":"2025-06-29T12:31:38","slug":"nova-proposta-do-g7-evita-taxacao-extra-a-multinacionais-dos-eua-e-do-reino-unido","status":"publish","type":"post","link":"https:\/\/investnews.com.br\/economia\/nova-proposta-do-g7-evita-taxacao-extra-a-multinacionais-dos-eua-e-do-reino-unido\/","title":{"rendered":"Nova proposta do G7 evita taxa\u00e7\u00e3o extra a multinacionais dos EUA e do Reino Unido"},"content":{"rendered":"\n<p>O <strong>G7<\/strong>, grupo que re\u00fane as principais economias da Europa, al\u00e9m de Jap\u00e3o e Canad\u00e1, anunciou neste s\u00e1bado (28) a cria\u00e7\u00e3o de um sistema para acomodar a posi\u00e7\u00e3o dos Estados Unidos, que se recusaram a aderir integralmente ao acordo global de imposto m\u00ednimo corporativo firmado em 2021.<\/p>\n\n\n\n<p>Segundo comunicado oficial da presid\u00eancia rotativa do G7, atualmente sob o comando do Canad\u00e1, o novo modelo foi desenhado em resposta \u00e0 decis\u00e3o do governo norte-americano de eliminar a chamada <strong>Se\u00e7\u00e3o 899<\/strong> \u2014 proposta de imposto retaliat\u00f3rio inclu\u00edda no projeto de lei de impostos e gastos do presidente <strong>Donald Trump<\/strong>.<\/p>\n\n\n\n<p>Na pr\u00e1tica, o sistema paralelo isenta empresas norte-americanas de alguns dispositivos do acordo global, ao mesmo tempo em que reconhece a legisla\u00e7\u00e3o dom\u00e9stica dos EUA sobre imposto m\u00ednimo. O objetivo, segundo o G7, \u00e9 preservar a estabilidade e a previsibilidade no sistema tribut\u00e1rio internacional.<\/p>\n\n\n<section class=\"recirculation-area\">\n    <div class=\"container\">\n         \n            <ul class=\"recirculation-list\" data-tracking-position=\"outros\">\n                            <li class=\"list-item\">\n                    <a \n                        href=\"https:\/\/investnews.com.br\/economia\/trump-diz-estar-ok-com-aumento-de-impostos-para-os-mais-ricos\/\" \n                        title=\"Trump diz estar OK com aumento de impostos para os mais ricos\" \n                        class=\"item-title recirculation-link\"\n                        data-btn-name=\"Trump diz estar OK com aumento de impostos para os mais ricos\"\n                        data-posicao=\"outros\"\n                        data-click-url=\"https:\/\/investnews.com.br\/economia\/trump-diz-estar-ok-com-aumento-de-impostos-para-os-mais-ricos\/\"\n                    >\n                        Trump diz estar OK com aumento de impostos para os mais ricos                    <\/a>\n                <\/li>\n                    <\/ul>\n    <\/div><\/section>\n\n\n\n<p>O Reino Unido tamb\u00e9m foi beneficiado com a exclus\u00e3o da Se\u00e7\u00e3o 899, evitando que suas empresas fossem alvo de tributa\u00e7\u00f5es mais elevadas. Nas \u00faltimas semanas, empresas brit\u00e2nicas expressaram preocupa\u00e7\u00e3o com a possibilidade de pagar impostos adicionais substanciais sob o novo regime.<\/p>\n\n\n\n<blockquote class=\"wp-block-quote is-layout-flow wp-block-quote-is-layout-flow\">\n<p>\u201cO acordo de hoje proporciona a t\u00e3o necess\u00e1ria certeza e estabilidade para essas empresas, depois que manifestaram suas preocupa\u00e7\u00f5es\u201d, disse a ministra das Finan\u00e7as do Reino Unido, Rachel Reeves, destacando que ainda h\u00e1 trabalho a ser feito para enfrentar pr\u00e1ticas agressivas de evas\u00e3o fiscal.<\/p>\n<\/blockquote>\n\n\n\n<p>O G7 informou ainda que continuar\u00e1 discutindo solu\u00e7\u00f5es \u201caceit\u00e1veis e implement\u00e1veis para todos os pa\u00edses envolvidos\u201d.<\/p>\n\n\n\n<p>Em janeiro, Trump j\u00e1 havia assinado um decreto declarando que o acordo global de imposto m\u00ednimo corporativo n\u00e3o se aplicaria aos EUA, rompendo de forma pr\u00e1tica com o pacto internacional negociado pelo governo Biden com cerca de 140 pa\u00edses.<\/p>\n\n\n\n<p>Ele tamb\u00e9m prometeu impor impostos de retalia\u00e7\u00e3o contra pa\u00edses que tributassem empresas norte-americanas nos termos do acordo de 2021 \u2014 medida vista como prejudicial a empresas estrangeiras com opera\u00e7\u00f5es nos Estados Unidos.<\/p>\n","protected":false},"excerpt":{"rendered":"<p>Grupo cria modelo paralelo ap\u00f3s press\u00e3o dos EUA contra o acordo global de imposto m\u00ednimo. Empresas brit\u00e2nicas tamb\u00e9m foram poupadas.<\/p>\n","protected":false},"author":61,"featured_media":684261,"comment_status":"closed","ping_status":"closed","sticky":false,"template":"","format":"standard","meta":{"_acf_changed":false,"inline_featured_image":false,"footnotes":""},"categories":[5],"tags":[78,350],"autor-wsj":[],"coauthors":[2494],"class_list":["post-684260","post","type-post","status-publish","format-standard","has-post-thumbnail","hentry","category-economia","tag-estados-unidos","tag-reino-unido"],"acf":[],"amp_enabled":true,"_links":{"self":[{"href":"https:\/\/investnews.com.br\/inv-api\/wp\/v2\/posts\/684260","targetHints":{"allow":["GET"]}}],"collection":[{"href":"https:\/\/investnews.com.br\/inv-api\/wp\/v2\/posts"}],"about":[{"href":"https:\/\/investnews.com.br\/inv-api\/wp\/v2\/types\/post"}],"author":[{"embeddable":true,"href":"https:\/\/investnews.com.br\/inv-api\/wp\/v2\/users\/61"}],"replies":[{"embeddable":true,"href":"https:\/\/investnews.com.br\/inv-api\/wp\/v2\/comments?post=684260"}],"version-history":[{"count":1,"href":"https:\/\/investnews.com.br\/inv-api\/wp\/v2\/posts\/684260\/revisions"}],"predecessor-version":[{"id":684262,"href":"https:\/\/investnews.com.br\/inv-api\/wp\/v2\/posts\/684260\/revisions\/684262"}],"wp:featuredmedia":[{"embeddable":true,"href":"https:\/\/investnews.com.br\/inv-api\/wp\/v2\/media\/684261"}],"wp:attachment":[{"href":"https:\/\/investnews.com.br\/inv-api\/wp\/v2\/media?parent=684260"}],"wp:term":[{"taxonomy":"category","embeddable":true,"href":"https:\/\/investnews.com.br\/inv-api\/wp\/v2\/categories?post=684260"},{"taxonomy":"post_tag","embeddable":true,"href":"https:\/\/investnews.com.br\/inv-api\/wp\/v2\/tags?post=684260"},{"taxonomy":"autor-wsj","embeddable":true,"href":"https:\/\/investnews.com.br\/inv-api\/wp\/v2\/autor-wsj?post=684260"},{"taxonomy":"author","embeddable":true,"href":"https:\/\/investnews.com.br\/inv-api\/wp\/v2\/coauthors?post=684260"}],"curies":[{"name":"wp","href":"https:\/\/api.w.org\/{rel}","templated":true}]}}