{"id":685287,"date":"2025-07-02T11:02:23","date_gmt":"2025-07-02T14:02:23","guid":{"rendered":"https:\/\/investnews.com.br\/?p=685287"},"modified":"2025-07-02T11:02:25","modified_gmt":"2025-07-02T14:02:25","slug":"intel-mudanca-negocio-chips","status":"publish","type":"post","link":"https:\/\/investnews.com.br\/negocios\/intel-mudanca-negocio-chips\/","title":{"rendered":"Intel avalia remodelar estrat\u00e9gia de fabrica\u00e7\u00e3o de chips"},"content":{"rendered":"\n<p>O novo presidente-executivo da <strong>Intel<\/strong>, <a href=\"https:\/\/investnews.com.br\/the-wall-street-journal\/o-novo-ceo-da-intel-e-a-missao-quase-impossivel-de-salvar-uma-gigante-em-crise\/\" data-type=\"post\" data-id=\"659134\">Lip-Bu Tan<\/a>, est\u00e1 avaliando uma mudan\u00e7a em seus neg\u00f3cios de fabrica\u00e7\u00e3o sob contrato para conquistar grandes clientes, disseram duas pessoas familiarizadas com o assunto \u00e0 Reuters, em uma modifica\u00e7\u00e3o potencialmente cara em rela\u00e7\u00e3o aos planos de seu antecessor.<\/p>\n\n\n\n<p>Se implementada, a nova estrat\u00e9gia para o que a Intel chama de <strong>neg\u00f3cio de fundi\u00e7\u00e3o<\/strong> implicaria o cancelamento da comercializa\u00e7\u00e3o de chips, que a empresa desenvolveu h\u00e1 muito tempo, para clientes externos, disseram fontes.<\/p>\n\n\n\n<p>Desde que assumiu o comando da empresa em mar\u00e7o, Tan agiu rapidamente para <strong>cortar custos<\/strong> e encontrar um novo caminho para reanimar a fabricante norte-americana de chips.<\/p>\n\n\n\n<p>Em junho, ele come\u00e7ou a verbalizar que um processo de fabrica\u00e7\u00e3o no qual o ex-presidente-executivo Pat Gelsinger apostou fortemente, conhecido como 18A, estava perdendo seu apelo para novos clientes, disseram as fontes.<\/p>\n\n\n<section class=\"recirculation-area\">\n    <div class=\"container\">\n                <p class=\"title\">Leia mais<\/p>\n     \n            <ul class=\"recirculation-list\" data-tracking-position=\"Leia mais\">\n                            <li class=\"list-item\">\n                    <a \n                        href=\"https:\/\/investnews.com.br\/the-wall-street-journal\/vale-do-silicio-inteligencia-artificial\/\" \n                        title=\"Gigantes do Vale do Sil\u00edcio est\u00e3o tendo uma crise de meia-idade \u2014 e a culpa \u00e9 da Intelig\u00eancia Artificial\" \n                        class=\"item-title recirculation-link\"\n                        data-btn-name=\"Gigantes do Vale do Sil\u00edcio est\u00e3o tendo uma crise de meia-idade \u2014 e a culpa \u00e9 da Intelig\u00eancia Artificial\"\n                        data-posicao=\"Leia mais\"\n                        data-click-url=\"https:\/\/investnews.com.br\/the-wall-street-journal\/vale-do-silicio-inteligencia-artificial\/\"\n                    >\n                        Gigantes do Vale do Sil\u00edcio est\u00e3o tendo uma crise de meia-idade \u2014 e a culpa \u00e9 da Intelig\u00eancia Artificial                    <\/a>\n                <\/li>\n                            <li class=\"list-item\">\n                    <a \n                        href=\"https:\/\/investnews.com.br\/negocios\/tim-cook-ano-ruim\/\" \n                        title=\"O ano ruim de Tim Cook virou um pesadelo para a Apple\" \n                        class=\"item-title recirculation-link\"\n                        data-btn-name=\"O ano ruim de Tim Cook virou um pesadelo para a Apple\"\n                        data-posicao=\"Leia mais\"\n                        data-click-url=\"https:\/\/investnews.com.br\/negocios\/tim-cook-ano-ruim\/\"\n                    >\n                        O ano ruim de Tim Cook virou um pesadelo para a Apple                    <\/a>\n                <\/li>\n                    <\/ul>\n    <\/div><\/section>\n\n\n\n<p>Para desconsiderar as vendas externas do 18A e de sua variante 18A-P, processos de fabrica\u00e7\u00e3o cujo desenvolvimento custou bilh\u00f5es de d\u00f3lares \u00e0 Intel, a empresa teria que fazer uma <strong>baixa cont\u00e1bil<\/strong>, disse uma das pessoas familiarizadas com o assunto. Analistas do setor contatados pela Reuters disseram que tal cobran\u00e7a poderia representar uma <strong>perda de centenas de milh\u00f5es<\/strong>, sen\u00e3o bilh\u00f5es, de d\u00f3lares.<\/p>\n\n\n\n<p>A Intel se recusou a comentar sobre tais &#8220;cen\u00e1rios hipot\u00e9ticos ou especula\u00e7\u00f5es de mercado&#8221;. A empresa afirmou que o principal cliente do 18A \u00e9 a pr\u00f3pria Intel h\u00e1 muito tempo e que pretende <strong>aumentar a produ\u00e7\u00e3o de seus chips para laptop<\/strong> &#8220;Panther Lake&#8221; no final de 2025, os quais chamou de os processadores mais avan\u00e7ados j\u00e1 projetados e fabricados nos Estados Unidos.<\/p>\n\n\n\n<figure class=\"wp-block-embed is-type-video is-provider-youtube wp-block-embed-youtube wp-embed-aspect-16-9 wp-has-aspect-ratio\"><div class=\"wp-block-embed__wrapper\">\n<iframe loading=\"lazy\" title=\"O inferno astral da Intel\" width=\"500\" height=\"281\" src=\"https:\/\/www.youtube.com\/embed\/52bxk7VjOfM?feature=oembed\" frameborder=\"0\" allow=\"accelerometer; autoplay; clipboard-write; encrypted-media; gyroscope; picture-in-picture; web-share\" referrerpolicy=\"strict-origin-when-cross-origin\" allowfullscreen><\/iframe>\n<\/div><\/figure>\n\n\n\n<h2 class=\"wp-block-heading\">F\u00e1bricas da Intel<\/h2>\n\n\n\n<p>Persuadir clientes externos a usar as f\u00e1bricas da Intel continua sendo fundamental para o seu futuro. Enquanto seu processo de fabrica\u00e7\u00e3o 18A sofreu atrasos, a tecnologia N2 da rival TSMC est\u00e1 a caminho da produ\u00e7\u00e3o.<\/p>\n\n\n\n<p>A resposta preliminar de Tan a este desafio: concentrar mais recursos no 14A, um processo de fabrica\u00e7\u00e3o de chips de pr\u00f3xima gera\u00e7\u00e3o no qual a Intel espera ter vantagens sobre a TSMC, disseram as duas fontes. A mudan\u00e7a faz parte de uma estrat\u00e9gia para <strong>atrair grandes clientes<\/strong> como a <a href=\"https:\/\/investnews.com.br\/negocios\/apple-investe-no-design-e-mostra-que-ainda-nao-encontrou-seu-lugar-na-era-da-ia\/\" data-type=\"post\" data-id=\"678994\">Apple<\/a> e a <a href=\"https:\/\/investnews.com.br\/the-wall-street-journal\/nvidia-tecnologia-nuvem\/\" data-type=\"post\" data-id=\"683611\">Nvidia<\/a>, que atualmente pagam para a TSMC fabricar seus chips.<\/p>\n\n\n\n<p>Tan encarregou a empresa de preparar op\u00e7\u00f5es para discuss\u00e3o com o conselho da Intel quando o colegiado se reunir ainda neste m\u00eas, incluindo a possibilidade de interromper a comercializa\u00e7\u00e3o do 18A a novos clientes, disse uma das duas fontes.<\/p>\n\n\n\n<p>O conselho pode n\u00e3o tomar uma decis\u00e3o sobre o 18A at\u00e9 uma reuni\u00e3o subsequente, devido \u00e0 complexidade do assunto e ao enorme volume de dinheiro em jogo, disse uma fonte.<\/p>\n\n\n\n<p>A Intel se recusou a comentar o que chamou de <strong>rumor<\/strong>. Em um comunicado, afirmou: &#8220;Lip-Bu e a equipe executiva est\u00e3o comprometidos em <strong>fortalecer nosso plano<\/strong>, construir confian\u00e7a com nossos clientes e melhorar nossa posi\u00e7\u00e3o financeira para o futuro. Identificamos \u00e1reas claras de foco e tomaremos as medidas necess\u00e1rias para recuperar os neg\u00f3cios&#8221;.<\/p>\n\n\n<section class=\"recirculation-area\">\n    <div class=\"container\">\n                <p class=\"title\">Leia mais<\/p>\n     \n            <ul class=\"recirculation-list\" data-tracking-position=\"Leia mais\">\n                            <li class=\"list-item\">\n                    <a \n                        href=\"https:\/\/investnews.com.br\/the-wall-street-journal\/o-novo-ceo-da-intel-e-a-missao-quase-impossivel-de-salvar-uma-gigante-em-crise\/\" \n                        title=\"O novo CEO da Intel e a miss\u00e3o (quase imposs\u00edvel) de salvar uma gigante em crise\" \n                        class=\"item-title recirculation-link\"\n                        data-btn-name=\"O novo CEO da Intel e a miss\u00e3o (quase imposs\u00edvel) de salvar uma gigante em crise\"\n                        data-posicao=\"Leia mais\"\n                        data-click-url=\"https:\/\/investnews.com.br\/the-wall-street-journal\/o-novo-ceo-da-intel-e-a-missao-quase-impossivel-de-salvar-uma-gigante-em-crise\/\"\n                    >\n                        O novo CEO da Intel e a miss\u00e3o (quase imposs\u00edvel) de salvar uma gigante em crise                    <\/a>\n                <\/li>\n                    <\/ul>\n    <\/div><\/section>\n\n\n\n<h2 class=\"wp-block-heading\">Preju\u00edzo<\/h2>\n\n\n\n<p><strong>2024 foi o primeiro ano n\u00e3o lucrativo da Intel desde 1986<\/strong>. A empresa registrou um preju\u00edzo l\u00edquido atribu\u00edvel \u00e0 empresa de <strong>US$ 18,8 bilh\u00f5es<\/strong>.<\/p>\n\n\n\n<p>As delibera\u00e7\u00f5es do CEO da Intel demonstram os <strong>enormes riscos e custos<\/strong> que est\u00e3o sendo considerados para recolocar a renomada fabricante norte-americana de chips em uma posi\u00e7\u00e3o s\u00f3lida.<\/p>\n\n\n\n<p>Assim como Gelsinger, Tan herdou uma empresa que havia perdido sua vantagem na fabrica\u00e7\u00e3o e ficou para tr\u00e1s em movimentos tecnol\u00f3gicos cruciais nas \u00faltimas duas d\u00e9cadas: <strong>computa\u00e7\u00e3o m\u00f3vel e <a href=\"https:\/\/investnews.com.br\/guias\/inteligencia-artificial\/\">intelig\u00eancia artificial<\/a><\/strong>.<\/p>\n\n\n\n<p>A <a href=\"https:\/\/www.intel.com.br\/content\/www\/br\/pt\/homepage.html\" data-type=\"link\" data-id=\"https:\/\/www.intel.com.br\/content\/www\/br\/pt\/homepage.html\" target=\"_blank\" rel=\"noopener\">empresa <\/a>tem como meta a produ\u00e7\u00e3o em larga escala do 18A ainda neste ano, com seus chips internos, que devem chegar antes dos pedidos de clientes externos. Entretanto, a entrega do 14A a tempo de conquistar contratos importantes n\u00e3o \u00e9 garantida, e a Intel pode optar por manter seus planos atuais para o 18A, disse uma das fontes.<\/p>\n\n\n\n<p>A Intel est\u00e1 adaptando o 14A&nbsp; \u00e0s necessidades dos principais clientes para torn\u00e1-lo bem-sucedido, disse a empresa.<\/p>\n","protected":false},"excerpt":{"rendered":"<p>Intel ficou para tr\u00e1s em movimentos tecnol\u00f3gicos cruciais nas \u00faltimas duas d\u00e9cadas: computa\u00e7\u00e3o m\u00f3vel e intelig\u00eancia artificial<\/p>\n","protected":false},"author":61,"featured_media":659136,"comment_status":"closed","ping_status":"closed","sticky":false,"template":"","format":"standard","meta":{"_acf_changed":false,"inline_featured_image":false,"footnotes":""},"categories":[6],"tags":[2323],"autor-wsj":[],"coauthors":[2494],"class_list":["post-685287","post","type-post","status-publish","format-standard","has-post-thumbnail","hentry","category-negocios","tag-robos"],"acf":[],"amp_enabled":true,"_links":{"self":[{"href":"https:\/\/investnews.com.br\/inv-api\/wp\/v2\/posts\/685287","targetHints":{"allow":["GET"]}}],"collection":[{"href":"https:\/\/investnews.com.br\/inv-api\/wp\/v2\/posts"}],"about":[{"href":"https:\/\/investnews.com.br\/inv-api\/wp\/v2\/types\/post"}],"author":[{"embeddable":true,"href":"https:\/\/investnews.com.br\/inv-api\/wp\/v2\/users\/61"}],"replies":[{"embeddable":true,"href":"https:\/\/investnews.com.br\/inv-api\/wp\/v2\/comments?post=685287"}],"version-history":[{"count":4,"href":"https:\/\/investnews.com.br\/inv-api\/wp\/v2\/posts\/685287\/revisions"}],"predecessor-version":[{"id":685300,"href":"https:\/\/investnews.com.br\/inv-api\/wp\/v2\/posts\/685287\/revisions\/685300"}],"wp:featuredmedia":[{"embeddable":true,"href":"https:\/\/investnews.com.br\/inv-api\/wp\/v2\/media\/659136"}],"wp:attachment":[{"href":"https:\/\/investnews.com.br\/inv-api\/wp\/v2\/media?parent=685287"}],"wp:term":[{"taxonomy":"category","embeddable":true,"href":"https:\/\/investnews.com.br\/inv-api\/wp\/v2\/categories?post=685287"},{"taxonomy":"post_tag","embeddable":true,"href":"https:\/\/investnews.com.br\/inv-api\/wp\/v2\/tags?post=685287"},{"taxonomy":"autor-wsj","embeddable":true,"href":"https:\/\/investnews.com.br\/inv-api\/wp\/v2\/autor-wsj?post=685287"},{"taxonomy":"author","embeddable":true,"href":"https:\/\/investnews.com.br\/inv-api\/wp\/v2\/coauthors?post=685287"}],"curies":[{"name":"wp","href":"https:\/\/api.w.org\/{rel}","templated":true}]}}