{"id":6860,"date":"2020-03-23T08:28:10","date_gmt":"2020-03-23T11:28:10","guid":{"rendered":"https:\/\/investnews.com.br\/?p=6860"},"modified":"2020-03-23T08:28:11","modified_gmt":"2020-03-23T11:28:11","slug":"governo-publica-mp-com-medidas-trabalhistas-para-enfrentar-crise-do-coronavirus","status":"publish","type":"post","link":"https:\/\/investnews.com.br\/economia\/governo-publica-mp-com-medidas-trabalhistas-para-enfrentar-crise-do-coronavirus\/","title":{"rendered":"Governo publica MP com medidas trabalhistas para enfrentar crise do coronav\u00edrus"},"content":{"rendered":"\n<p>O governo publicou no domingo (22) a <a href=\"https:\/\/investnews.com.br\/tag\/medida-provisoria\/\" class=\"rank-math-link\">Medida Provis\u00f3ria<\/a> 927, que fixa regras para a rela\u00e7\u00e3o entre empresas e <a href=\"https:\/\/investnews.com.br\/tag\/trabalho\/\" class=\"rank-math-link\">trabalhadores<\/a> durante a pandemia do novo <a href=\"https:\/\/investnews.com.br\/tag\/coronavirus\/\" class=\"rank-math-link\">coronav\u00edrus<\/a>. As medidas j\u00e1 tinham sido divulgadas pelo governo do presidente <a href=\"https:\/\/investnews.com.br\/tag\/jair-bolsonaro\/\" class=\"rank-math-link\">Jair Bolsonaro<\/a>, e agora foram detalhadas e oficializadas.<\/p>\n\n\n\n<p>O documento diz que, &#8220;para enfrentamento dos efeitos econ\u00f4micos decorrentes do estado de calamidade p\u00fablica e para preserva\u00e7\u00e3o do emprego e da renda&#8221;, poder\u00e3o ser adotadas pelo empregadores as seguintes medidas: o teletrabalho, a antecipa\u00e7\u00e3o de f\u00e9rias individuais, a concess\u00e3o de f\u00e9rias coletivas, o aproveitamento e a antecipa\u00e7\u00e3o de feriados, o banco de horas, a suspens\u00e3o de exig\u00eancias administrativas em seguran\u00e7a e sa\u00fade do trabalho, o direcionamento do trabalhador para qualifica\u00e7\u00e3o e o diferimento do recolhimento do <a href=\"https:\/\/investnews.com.br\/tag\/fgts\/\" class=\"rank-math-link\">FGTS<\/a>.<\/p>\n\n\n\n<p>A MP diz, na se\u00e7\u00e3o sobre o teletrabalho, que &#8220;o empregador poder\u00e1, a seu crit\u00e9rio, alterar o regime de trabalho presencial para o teletrabalho, o trabalho remoto ou outro tipo de trabalho a dist\u00e2ncia&#8221;. Na se\u00e7\u00e3o de f\u00e9rias, o documento diz que &#8220;o empregador poder\u00e1 optar por efetuar o pagamento do adicional de um ter\u00e7o de f\u00e9rias ap\u00f3s sua concess\u00e3o&#8221;.<\/p>\n\n\n\n<p>O plano anticoronav\u00edrus, divulgado na semana passada, j\u00e1 previa que trabalhador e empregador poderiam celebrar acordo individuais para reduzir o custo do trabalho. A MP tem vig\u00eancia imediata, mas precisa ser aprovada por deputados e senadores em 120 dias para n\u00e3o perder a validade. O plano flexibiliza as regras trabalhistas para tentar evitar que, na crise, as empresas promovam demiss\u00f5es em massa, o que pode agravar o quadro de depress\u00e3o da economia.<\/p>\n\n\n\n<p>&#8220;\u00c9 preciso que se ofere\u00e7a instrumentos para que empresas e empregados consigam superar esses momentos de turbul\u00eancia, at\u00e9 chegamos ao momento p\u00f3s-pandemia, e a economia volta a se estabilizar em n\u00edveis similares aos anteriores \u00e0 crise. Nesse momento, interesses de empresa e de empregadores s\u00e3o convergentes: a preserva\u00e7\u00e3o do emprego e da renda&#8221;, disse o secret\u00e1rio de Trabalho do <a href=\"https:\/\/investnews.com.br\/tag\/ministerio-da-economia\/\" class=\"rank-math-link\">Minist\u00e9rio da Economia<\/a>, Bruno Dalcolmo, na quarta-feira, durante o an\u00fancio das medidas.<br><\/p>\n","protected":false},"excerpt":{"rendered":"<p>As medidas j\u00e1 tinham sido divulgadas pelo governo do presidente Jair Bolsonaro, e agora foram detalhadas e oficializadas.<\/p>\n","protected":false},"author":17,"featured_media":6654,"comment_status":"open","ping_status":"open","sticky":false,"template":"","format":"standard","meta":{"_acf_changed":false,"inline_featured_image":false,"footnotes":""},"categories":[5],"tags":[404,61,234,240],"autor-wsj":[],"coauthors":[],"class_list":["post-6860","post","type-post","status-publish","format-standard","has-post-thumbnail","hentry","category-economia","tag-coronavirus","tag-fgts","tag-jair-bolsonaro","tag-ministerio-da-economia"],"acf":[],"amp_enabled":true,"_links":{"self":[{"href":"https:\/\/investnews.com.br\/inv-api\/wp\/v2\/posts\/6860","targetHints":{"allow":["GET"]}}],"collection":[{"href":"https:\/\/investnews.com.br\/inv-api\/wp\/v2\/posts"}],"about":[{"href":"https:\/\/investnews.com.br\/inv-api\/wp\/v2\/types\/post"}],"author":[{"embeddable":true,"href":"https:\/\/investnews.com.br\/inv-api\/wp\/v2\/users\/17"}],"replies":[{"embeddable":true,"href":"https:\/\/investnews.com.br\/inv-api\/wp\/v2\/comments?post=6860"}],"version-history":[{"count":2,"href":"https:\/\/investnews.com.br\/inv-api\/wp\/v2\/posts\/6860\/revisions"}],"predecessor-version":[{"id":6863,"href":"https:\/\/investnews.com.br\/inv-api\/wp\/v2\/posts\/6860\/revisions\/6863"}],"wp:featuredmedia":[{"embeddable":true,"href":"https:\/\/investnews.com.br\/inv-api\/wp\/v2\/media\/6654"}],"wp:attachment":[{"href":"https:\/\/investnews.com.br\/inv-api\/wp\/v2\/media?parent=6860"}],"wp:term":[{"taxonomy":"category","embeddable":true,"href":"https:\/\/investnews.com.br\/inv-api\/wp\/v2\/categories?post=6860"},{"taxonomy":"post_tag","embeddable":true,"href":"https:\/\/investnews.com.br\/inv-api\/wp\/v2\/tags?post=6860"},{"taxonomy":"autor-wsj","embeddable":true,"href":"https:\/\/investnews.com.br\/inv-api\/wp\/v2\/autor-wsj?post=6860"},{"taxonomy":"author","embeddable":true,"href":"https:\/\/investnews.com.br\/inv-api\/wp\/v2\/coauthors?post=6860"}],"curies":[{"name":"wp","href":"https:\/\/api.w.org\/{rel}","templated":true}]}}